{"id":55032,"date":"2025-12-11T07:35:27","date_gmt":"2025-12-11T13:35:27","guid":{"rendered":"https:\/\/cuernavaca.gob.mx\/?p=55032"},"modified":"2025-12-11T10:57:58","modified_gmt":"2025-12-11T16:57:58","slug":"b790-11-12-25-cuernavaca-fortalece-politicas-de-proteccion-a-mujeres-adolescentes-y-ninas-bajo-la-administracion-de-jose-luis-uriostegui-salgado","status":"publish","type":"post","link":"https:\/\/cuernavaca.gob.mx\/?p=55032","title":{"rendered":"B790 11\/12\/25 CUERNAVACA FORTALECE POL\u00cdTICAS DE PROTECCI\u00d3N A MUJERES, ADOLESCENTES Y NI\u00d1AS BAJO LA ADMINISTRACI\u00d3N DE JOS\u00c9 LUIS URI\u00d3STEGUI SALGADO"},"content":{"rendered":"<p><strong>* El Ayuntamiento impulsa dos ejes fundamentales de acci\u00f3n, la atenci\u00f3n a la Alerta de Violencia de G\u00e9nero (AVG) y la Atenci\u00f3n Integral a mujeres<\/strong><br \/>\n<strong>\u00a0<\/strong><br \/>\n<strong>* El Gobierno Municipal ha reforzado programas y brigadas que ofrecen seguridad, acompa\u00f1amiento y oportunidades de desarrollo a la poblaci\u00f3n femenina<\/strong><\/p>\n<p>Durante su primer a\u00f1o de gesti\u00f3n al frente del Ayuntamiento de Cuernavaca en este segundo periodo de gobierno, el alcalde Jos\u00e9 Luis Uri\u00f3stegui Salgado ha impulsado pol\u00edticas enfocadas en la protecci\u00f3n y bienestar de las mujeres, adolescentes y ni\u00f1as del municipio.<\/p>\n<p>Con dos ejes fundamentales de acci\u00f3n, la atenci\u00f3n a la Alerta de Violencia de G\u00e9nero (AVG) y la Atenci\u00f3n Integral a mujeres, el Instituto de la Mujer de Cuernavaca (IMC) ha fortalecido sus programas mediante ocho programas que buscan garantizar seguridad, acompa\u00f1amiento y oportunidades de desarrollo para este sector de la poblaci\u00f3n de la capital.<\/p>\n<p>En el primer rubro, se realizaron jornadas e impartieron pl\u00e1ticas y talleres a cuatro mil 202 estudiantes, 559 madres, padres y\/o personas cuidadoras, 150 personas entre docentes y personal administrativo de las escuelas de todos los niveles educativos.<\/p>\n<p>En materia de Atenci\u00f3n integral a mujeres, adolescentes y ni\u00f1as, se intensific\u00f3 el Programa de Fortalecimiento de la Autonom\u00eda de las Mujeres (FAEM) orientado a ampliar la calidad y el alcance de las oportunidades econ\u00f3micas para las mujeres del municipio, promoviendo su empoderamiento, autonom\u00eda y desarrollo integral.<\/p>\n<p>A trav\u00e9s de talleres pr\u00e1cticos y formativos, las participantes han adquirido habilidades t\u00e9cnicas y herramientas para generar ingresos, al tiempo que se abordan contenidos de desarrollo personal y prevenci\u00f3n de la violencia de g\u00e9nero. Hasta la fecha, se han realizado 145 talleres, beneficiando a mil 700 personas.<\/p>\n<p>Durante este a\u00f1o se visitaron 25 escuelas en todo el municipio, entre ellas Nuestros Peque\u00f1os Hermanos, Escuela Don Bosco, Secundaria Jos\u00e9 Visca\u00edno,Primaria Justo Sierra y Secundaria 14. Adem\u00e1s, se llevaron a cabo jornadas en distintas colonias, ofreciendo servicios y programas dise\u00f1ados para identificar necesidades locales, empoderar a las mujeres, combatir la violencia de g\u00e9nero y garantizar que las pol\u00edticas p\u00fablicas respondan a las realidades espec\u00edficas de cada comunidad.<\/p>\n<p>Lo anterior mediante la organizaci\u00f3n de Brigadas y\/o Jornadas Naranjas, M\u00f3dulos itinerantes de servicio integral IMC, talleres comunitarios y Actividades de Prevenci\u00f3n, todo ellos en las colonias Flores Mag\u00f3n, Ciudad Chapultepec, Acapatzingo, Chipitl\u00e1n, Patios de la Estaci\u00f3n, Centro, Tlaltenango, La Lagunilla, La Mojonera, Vicente Estrada Cajigal, Ocotepec, Amatitl\u00e1n, Granjas y Santa Mar\u00eda Ahuacatitl\u00e1n.<\/p>\n<p>En el \u00e1rea psicol\u00f3gica se han atendido a mil 420 mujeres v\u00edctimas de violencia, mediante campa\u00f1as permanentes como: Cerotolerancia a la violencia de g\u00e9nero, Atenci\u00f3n a la Declaratoria de la Alerta de Violencia de G\u00e9nero, y Vida libre de violencia.<\/p>\n<p>En este punto, destaca la campa\u00f1a de reeducaci\u00f3n de hombres generadores de violencia, para sustituir el machismo y la hegemon\u00eda patriarcal por el modelo de masculinidad consciente. Mediante el Programa de Masculinidades, en la cual se ha atendido 300 hombre, con acciones de sensibilizaci\u00f3n, pl\u00e1ticas y talleres los hombres dejan atr\u00e1s conductas y actitudes que reproducen la violencia, la discriminaci\u00f3n y la desigualdad de g\u00e9nero.<\/p>\n<p>Con el objetivo de promover entornos seguros para mujeres y ni\u00f1as, el IMC ha implementado 61 campa\u00f1as, mensajes, alianzas y canales de comunicaci\u00f3n que fortalecen la cultura de la no violencia y fomentan la igualdad de g\u00e9nero.<\/p>\n<p>Con estas acciones se reafirma el compromiso de garantizar los derechos de todas las mujeres, adolescentes y ni\u00f1as de Cuernavaca, para que vivan una vida libre de violencia y cuenten con pol\u00edticas, programas y estrategias que lleguen a cada rinc\u00f3n del municipio, cuatro a\u00f1os trabajando por la ciudad que merecemos.<\/p>\n\n\t\t<style type=\"text\/css\">\n\t\t\t#gallery-1 {\n\t\t\t\tmargin: auto;\n\t\t\t}\n\t\t\t#gallery-1 .gallery-item {\n\t\t\t\tfloat: left;\n\t\t\t\tmargin-top: 10px;\n\t\t\t\ttext-align: center;\n\t\t\t\twidth: 33%;\n\t\t\t}\n\t\t\t#gallery-1 img {\n\t\t\t\tborder: 2px solid #cfcfcf;\n\t\t\t}\n\t\t\t#gallery-1 .gallery-caption {\n\t\t\t\tmargin-left: 0;\n\t\t\t}\n\t\t\t\/* see gallery_shortcode() in wp-includes\/media.php *\/\n\t\t<\/style>\n\t\t<div id='gallery-1' class='gallery galleryid-55032 gallery-columns-3 gallery-size-thumbnail'><dl class='gallery-item'>\n\t\t\t<dt class='gallery-icon portrait'>\n\t\t\t\t<a href='https:\/\/cuernavaca.gob.mx\/?attachment_id=55033'><img width=\"150\" height=\"150\" src=\"https:\/\/cuernavaca.gob.mx\/wp-content\/uploads\/2025\/12\/CUERNAVACA-FORTALECE-POLITICAS-DE-PROTECCION-A-MUJERES-ADOLESCENTES-Y-NINAS-BAJO-LA-ADMINISTRACION-DE-JOSE-LUIS-URIOSTEGUI-SALGADO-1-150x150.jpeg\" class=\"attachment-thumbnail size-thumbnail\" alt=\"\" loading=\"lazy\" \/><\/a>\n\t\t\t<\/dt><\/dl><dl class='gallery-item'>\n\t\t\t<dt class='gallery-icon landscape'>\n\t\t\t\t<a href='https:\/\/cuernavaca.gob.mx\/?attachment_id=55034'><img width=\"150\" height=\"150\" src=\"https:\/\/cuernavaca.gob.mx\/wp-content\/uploads\/2025\/12\/CUERNAVACA-FORTALECE-POLITICAS-DE-PROTECCION-A-MUJERES-ADOLESCENTES-Y-NINAS-BAJO-LA-ADMINISTRACION-DE-JOSE-LUIS-URIOSTEGUI-SALGADO-2-150x150.jpeg\" class=\"attachment-thumbnail size-thumbnail\" alt=\"\" loading=\"lazy\" \/><\/a>\n\t\t\t<\/dt><\/dl><dl class='gallery-item'>\n\t\t\t<dt class='gallery-icon portrait'>\n\t\t\t\t<a href='https:\/\/cuernavaca.gob.mx\/?attachment_id=55035'><img width=\"150\" height=\"150\" src=\"https:\/\/cuernavaca.gob.mx\/wp-content\/uploads\/2025\/12\/CUERNAVACA-FORTALECE-POLITICAS-DE-PROTECCION-A-MUJERES-ADOLESCENTES-Y-NINAS-BAJO-LA-ADMINISTRACION-DE-JOSE-LUIS-URIOSTEGUI-SALGADO-3-150x150.jpeg\" class=\"attachment-thumbnail size-thumbnail\" alt=\"\" loading=\"lazy\" \/><\/a>\n\t\t\t<\/dt><\/dl><br style=\"clear: both\" \/><dl class='gallery-item'>\n\t\t\t<dt class='gallery-icon landscape'>\n\t\t\t\t<a href='https:\/\/cuernavaca.gob.mx\/?attachment_id=55036'><img width=\"150\" height=\"150\" src=\"https:\/\/cuernavaca.gob.mx\/wp-content\/uploads\/2025\/12\/CUERNAVACA-FORTALECE-POLITICAS-DE-PROTECCION-A-MUJERES-ADOLESCENTES-Y-NINAS-BAJO-LA-ADMINISTRACION-DE-JOSE-LUIS-URIOSTEGUI-SALGADO-4-150x150.jpeg\" class=\"attachment-thumbnail size-thumbnail\" alt=\"\" loading=\"lazy\" \/><\/a>\n\t\t\t<\/dt><\/dl><dl class='gallery-item'>\n\t\t\t<dt class='gallery-icon portrait'>\n\t\t\t\t<a href='https:\/\/cuernavaca.gob.mx\/?attachment_id=55037'><img width=\"150\" height=\"150\" src=\"https:\/\/cuernavaca.gob.mx\/wp-content\/uploads\/2025\/12\/CUERNAVACA-FORTALECE-POLITICAS-DE-PROTECCION-A-MUJERES-ADOLESCENTES-Y-NINAS-BAJO-LA-ADMINISTRACION-DE-JOSE-LUIS-URIOSTEGUI-SALGADO-5-150x150.jpeg\" class=\"attachment-thumbnail size-thumbnail\" alt=\"\" loading=\"lazy\" \/><\/a>\n\t\t\t<\/dt><\/dl>\n\t\t\t<br style='clear: both' \/>\n\t\t<\/div>\n\n","protected":false},"excerpt":{"rendered":"<p>* El Ayuntamiento impulsa dos ejes fundamentales de acci\u00f3n, la atenci\u00f3n a la Alerta de Violencia de G\u00e9nero (AVG) y la Atenci\u00f3n Integral a mujeres \u00a0 * El Gobierno Municipal ha reforzado programas y brigadas que ofrecen seguridad, acompa\u00f1amiento y oportunidades de desarrollo a la poblaci\u00f3n femenina Durante su primer a\u00f1o de gesti\u00f3n al frente [&hellip;]<\/p>\n","protected":false},"author":1,"featured_media":55036,"comment_status":"closed","ping_status":"open","sticky":false,"template":"","format":"standard","meta":[],"categories":[1],"tags":[121,120,206,127],"aioseo_notices":[],"_links":{"self":[{"href":"https:\/\/cuernavaca.gob.mx\/index.php?rest_route=\/wp\/v2\/posts\/55032"}],"collection":[{"href":"https:\/\/cuernavaca.gob.mx\/index.php?rest_route=\/wp\/v2\/posts"}],"about":[{"href":"https:\/\/cuernavaca.gob.mx\/index.php?rest_route=\/wp\/v2\/types\/post"}],"author":[{"embeddable":true,"href":"https:\/\/cuernavaca.gob.mx\/index.php?rest_route=\/wp\/v2\/users\/1"}],"replies":[{"embeddable":true,"href":"https:\/\/cuernavaca.gob.mx\/index.php?rest_route=%2Fwp%2Fv2%2Fcomments&post=55032"}],"version-history":[{"count":1,"href":"https:\/\/cuernavaca.gob.mx\/index.php?rest_route=\/wp\/v2\/posts\/55032\/revisions"}],"predecessor-version":[{"id":55038,"href":"https:\/\/cuernavaca.gob.mx\/index.php?rest_route=\/wp\/v2\/posts\/55032\/revisions\/55038"}],"wp:featuredmedia":[{"embeddable":true,"href":"https:\/\/cuernavaca.gob.mx\/index.php?rest_route=\/wp\/v2\/media\/55036"}],"wp:attachment":[{"href":"https:\/\/cuernavaca.gob.mx\/index.php?rest_route=%2Fwp%2Fv2%2Fmedia&parent=55032"}],"wp:term":[{"taxonomy":"category","embeddable":true,"href":"https:\/\/cuernavaca.gob.mx\/index.php?rest_route=%2Fwp%2Fv2%2Fcategories&post=55032"},{"taxonomy":"post_tag","embeddable":true,"href":"https:\/\/cuernavaca.gob.mx\/index.php?rest_route=%2Fwp%2Fv2%2Ftags&post=55032"}],"curies":[{"name":"wp","href":"https:\/\/api.w.org\/{rel}","templated":true}]}}