{"id":55039,"date":"2025-12-11T10:00:16","date_gmt":"2025-12-11T16:00:16","guid":{"rendered":"https:\/\/cuernavaca.gob.mx\/?p=55039"},"modified":"2025-12-11T11:09:17","modified_gmt":"2025-12-11T17:09:17","slug":"b791-11-12-25-dif-cuernavaca-refuerza-su-apoyo-invernal-con-una-nueva-entrega-de-cobijas-y-prendas-a-familias-en-situacion-de-vulnerabilidad","status":"publish","type":"post","link":"https:\/\/cuernavaca.gob.mx\/?p=55039","title":{"rendered":"B791 11\/12\/25 DIF CUERNAVACA REFUERZA SU APOYO INVERNAL CON UNA NUEVA ENTREGA DE COBIJAS Y PRENDAS A FAMILIAS EN SITUACI\u00d3N DE VULNERABILIDAD"},"content":{"rendered":"<div><strong>\u2022 Con el respaldo de la ciudadan\u00eda, empresas e instituciones educativas, el DIF Cuernavaca despleg\u00f3 cinco caravanas que recorrer\u00e1n colonias prioritarias para distribuir mil cobijas y 800 prendas de abrigo, ampliando el alcance de la campa\u00f1a &#8220;Abrigando con Amor a Cuernavaca\u201d<\/strong><\/div>\n<div><\/div>\n<div>La presidenta del Sistema Municipal DIF Cuernavaca, Luz Mar\u00eda Zagal Guzm\u00e1n, y el presidente municipal, Jos\u00e9 Luis Uri\u00f3stegui Salgado, dieron este jueves el banderazo de salida a la campa\u00f1a permanente &#8220;Abrigando con Amor a Cuernavaca\u201d, una iniciativa que por segunda edici\u00f3n en el a\u00f1o busca proteger la salud y el bienestar de la poblaci\u00f3n durante la temporada invernal mediante la entrega de cobijas y ropa para el fr\u00edo.<\/div>\n<div><\/div>\n<div>El arranque se realiz\u00f3 al exterior de la sede Papagayo del Ayuntamiento, donde Luz Mar\u00eda Zagal record\u00f3 que en el mes de noviembre se realiz\u00f3 una primera entrega en Santa Mar\u00eda Ahuacatitl\u00e1n, Tetela del Monte, Ocotepec, Chamilpa y Lomas de Tzompantle. Explic\u00f3 que, gracias a las solicitudes recibidas en redes sociales por parte de habitantes de otras zonas de la ciudad, se est\u00e1 llevando a cabo esta segunda edici\u00f3n distribuyendo mil cobijas y 800 prendas de ropa, donadas por la sociedad civil, instituciones educativas y empresas comprometidas con acciones de corresponsabilidad social.<\/div>\n<div><\/div>\n<div>Se desplegar\u00e1n cinco caravanas que recorrer\u00e1n las colonias Nueva Jerusal\u00e9n, Ruiz Cortines, Villa Santiago, Alarc\u00f3n y La Carolina. Estas entregas se suman a los apoyos otorgados entre 2022 y 2024, durante la primera administraci\u00f3n de Jos\u00e9 Luis Uri\u00f3stegui Salgado, periodo en el que el Sistema Municipal DIF Cuernavaca entreg\u00f3 287 cobijas y m\u00e1s de cuatro mil prendas de ropa para el fr\u00edo, reforzando as\u00ed la asistencia a grupos vulnerables durante la temporada de fr\u00edo.<\/div>\n<div><\/div>\n<div>En su mensaje, el presidente municipal, Jos\u00e9 Luis Uri\u00f3stegui Salgado, reconoci\u00f3 el trabajo del DIF Cuernavaca, encabezado por su esposa Luz Mar\u00eda Zagal, y el esfuerzo de quienes trabajan para que esta campa\u00f1a llegue a las familias que m\u00e1s lo necesitan.<\/div>\n<div><\/div>\n<div>\u201cAbrigando con Amor me parece el mejor t\u00edtulo que se puede dar a un programa de esta naturaleza, porque desde el DIF Municipal se hacen cosas con el cari\u00f1o que se debe tener a quienes m\u00e1s lo requieren, gestionando adem\u00e1s los recursos necesarios para apoyar a la poblaci\u00f3n\u201d, afirm\u00f3.<\/div>\n<div><\/div>\n<div>El inicio de esta segunda caravana cont\u00f3 tambi\u00e9n con la presencia de la regidora Erika Lastra Jaimes y el regidor Hugo Bar\u00f3n Pulido; as\u00ed como de la contralora municipal, Tania Ulloa Zamora; la secretaria de Administraci\u00f3n, Rosa Icela G\u00f3mez D\u00edaz, y la directora general del DIF Cuernavaca, Mireya Delgado Romero.<\/div>\n<div><\/div>\n<div>Con acciones como esta, el Ayuntamiento y el Sistema Municipal DIF Cuernavaca refrendan su compromiso de trabajar de manera cercana y solidaria con la ciudadan\u00eda, especialmente con los sectores que enfrentan mayores condiciones de vulnerabilidad.<\/div>\n<div>\n\n\t\t<style type=\"text\/css\">\n\t\t\t#gallery-1 {\n\t\t\t\tmargin: auto;\n\t\t\t}\n\t\t\t#gallery-1 .gallery-item {\n\t\t\t\tfloat: left;\n\t\t\t\tmargin-top: 10px;\n\t\t\t\ttext-align: center;\n\t\t\t\twidth: 33%;\n\t\t\t}\n\t\t\t#gallery-1 img {\n\t\t\t\tborder: 2px solid #cfcfcf;\n\t\t\t}\n\t\t\t#gallery-1 .gallery-caption {\n\t\t\t\tmargin-left: 0;\n\t\t\t}\n\t\t\t\/* see gallery_shortcode() in wp-includes\/media.php *\/\n\t\t<\/style>\n\t\t<div id='gallery-1' class='gallery galleryid-55039 gallery-columns-3 gallery-size-thumbnail'><dl class='gallery-item'>\n\t\t\t<dt class='gallery-icon landscape'>\n\t\t\t\t<a href='https:\/\/cuernavaca.gob.mx\/?attachment_id=55040'><img width=\"150\" height=\"150\" src=\"https:\/\/cuernavaca.gob.mx\/wp-content\/uploads\/2025\/12\/DIF-CUERNAVACA-REFUERZA-SU-APOYO-INVERNAL-CON-UNA-NUEVA-ENTREGA-DE-COBIJAS-Y-PRENDAS-A-FAMILIAS-EN-SITUACION-DE-VULNERABILIDAD-1-150x150.jpeg\" class=\"attachment-thumbnail size-thumbnail\" alt=\"\" loading=\"lazy\" \/><\/a>\n\t\t\t<\/dt><\/dl><dl class='gallery-item'>\n\t\t\t<dt class='gallery-icon landscape'>\n\t\t\t\t<a href='https:\/\/cuernavaca.gob.mx\/?attachment_id=55041'><img width=\"150\" height=\"150\" src=\"https:\/\/cuernavaca.gob.mx\/wp-content\/uploads\/2025\/12\/DIF-CUERNAVACA-REFUERZA-SU-APOYO-INVERNAL-CON-UNA-NUEVA-ENTREGA-DE-COBIJAS-Y-PRENDAS-A-FAMILIAS-EN-SITUACION-DE-VULNERABILIDAD-2-150x150.jpeg\" class=\"attachment-thumbnail size-thumbnail\" alt=\"\" loading=\"lazy\" \/><\/a>\n\t\t\t<\/dt><\/dl><dl class='gallery-item'>\n\t\t\t<dt class='gallery-icon landscape'>\n\t\t\t\t<a href='https:\/\/cuernavaca.gob.mx\/?attachment_id=55042'><img width=\"150\" height=\"150\" src=\"https:\/\/cuernavaca.gob.mx\/wp-content\/uploads\/2025\/12\/DIF-CUERNAVACA-REFUERZA-SU-APOYO-INVERNAL-CON-UNA-NUEVA-ENTREGA-DE-COBIJAS-Y-PRENDAS-A-FAMILIAS-EN-SITUACION-DE-VULNERABILIDAD-3-150x150.jpeg\" class=\"attachment-thumbnail size-thumbnail\" alt=\"\" loading=\"lazy\" \/><\/a>\n\t\t\t<\/dt><\/dl><br style=\"clear: both\" \/><dl class='gallery-item'>\n\t\t\t<dt class='gallery-icon landscape'>\n\t\t\t\t<a href='https:\/\/cuernavaca.gob.mx\/?attachment_id=55043'><img width=\"150\" height=\"150\" src=\"https:\/\/cuernavaca.gob.mx\/wp-content\/uploads\/2025\/12\/DIF-CUERNAVACA-REFUERZA-SU-APOYO-INVERNAL-CON-UNA-NUEVA-ENTREGA-DE-COBIJAS-Y-PRENDAS-A-FAMILIAS-EN-SITUACION-DE-VULNERABILIDAD-4-150x150.jpeg\" class=\"attachment-thumbnail size-thumbnail\" alt=\"\" loading=\"lazy\" \/><\/a>\n\t\t\t<\/dt><\/dl><dl class='gallery-item'>\n\t\t\t<dt class='gallery-icon landscape'>\n\t\t\t\t<a href='https:\/\/cuernavaca.gob.mx\/?attachment_id=55044'><img width=\"150\" height=\"150\" src=\"https:\/\/cuernavaca.gob.mx\/wp-content\/uploads\/2025\/12\/DIF-CUERNAVACA-REFUERZA-SU-APOYO-INVERNAL-CON-UNA-NUEVA-ENTREGA-DE-COBIJAS-Y-PRENDAS-A-FAMILIAS-EN-SITUACION-DE-VULNERABILIDAD-5-150x150.jpeg\" class=\"attachment-thumbnail size-thumbnail\" alt=\"\" loading=\"lazy\" \/><\/a>\n\t\t\t<\/dt><\/dl><dl class='gallery-item'>\n\t\t\t<dt class='gallery-icon landscape'>\n\t\t\t\t<a href='https:\/\/cuernavaca.gob.mx\/?attachment_id=55045'><img width=\"150\" height=\"150\" src=\"https:\/\/cuernavaca.gob.mx\/wp-content\/uploads\/2025\/12\/DIF-CUERNAVACA-REFUERZA-SU-APOYO-INVERNAL-CON-UNA-NUEVA-ENTREGA-DE-COBIJAS-Y-PRENDAS-A-FAMILIAS-EN-SITUACION-DE-VULNERABILIDAD-6-150x150.jpeg\" class=\"attachment-thumbnail size-thumbnail\" alt=\"\" loading=\"lazy\" \/><\/a>\n\t\t\t<\/dt><\/dl><br style=\"clear: both\" \/><dl class='gallery-item'>\n\t\t\t<dt class='gallery-icon landscape'>\n\t\t\t\t<a href='https:\/\/cuernavaca.gob.mx\/?attachment_id=55046'><img width=\"150\" height=\"150\" src=\"https:\/\/cuernavaca.gob.mx\/wp-content\/uploads\/2025\/12\/DIF-CUERNAVACA-REFUERZA-SU-APOYO-INVERNAL-CON-UNA-NUEVA-ENTREGA-DE-COBIJAS-Y-PRENDAS-A-FAMILIAS-EN-SITUACION-DE-VULNERABILIDAD-7-150x150.jpeg\" class=\"attachment-thumbnail size-thumbnail\" alt=\"\" loading=\"lazy\" \/><\/a>\n\t\t\t<\/dt><\/dl><dl class='gallery-item'>\n\t\t\t<dt class='gallery-icon landscape'>\n\t\t\t\t<a href='https:\/\/cuernavaca.gob.mx\/?attachment_id=55047'><img width=\"150\" height=\"150\" src=\"https:\/\/cuernavaca.gob.mx\/wp-content\/uploads\/2025\/12\/DIF-CUERNAVACA-REFUERZA-SU-APOYO-INVERNAL-CON-UNA-NUEVA-ENTREGA-DE-COBIJAS-Y-PRENDAS-A-FAMILIAS-EN-SITUACION-DE-VULNERABILIDAD-8-150x150.jpeg\" class=\"attachment-thumbnail size-thumbnail\" alt=\"\" loading=\"lazy\" \/><\/a>\n\t\t\t<\/dt><\/dl>\n\t\t\t<br style='clear: both' \/>\n\t\t<\/div>\n\n<\/div>\n","protected":false},"excerpt":{"rendered":"<p>\u2022 Con el respaldo de la ciudadan\u00eda, empresas e instituciones educativas, el DIF Cuernavaca despleg\u00f3 cinco caravanas que recorrer\u00e1n colonias prioritarias para distribuir mil cobijas y 800 prendas de abrigo, ampliando el alcance de la campa\u00f1a &#8220;Abrigando con Amor a Cuernavaca\u201d La presidenta del Sistema Municipal DIF Cuernavaca, Luz Mar\u00eda Zagal Guzm\u00e1n, y el presidente [&hellip;]<\/p>\n","protected":false},"author":1,"featured_media":55047,"comment_status":"closed","ping_status":"open","sticky":false,"template":"","format":"standard","meta":[],"categories":[1],"tags":[121,120,206,127],"aioseo_notices":[],"_links":{"self":[{"href":"https:\/\/cuernavaca.gob.mx\/index.php?rest_route=\/wp\/v2\/posts\/55039"}],"collection":[{"href":"https:\/\/cuernavaca.gob.mx\/index.php?rest_route=\/wp\/v2\/posts"}],"about":[{"href":"https:\/\/cuernavaca.gob.mx\/index.php?rest_route=\/wp\/v2\/types\/post"}],"author":[{"embeddable":true,"href":"https:\/\/cuernavaca.gob.mx\/index.php?rest_route=\/wp\/v2\/users\/1"}],"replies":[{"embeddable":true,"href":"https:\/\/cuernavaca.gob.mx\/index.php?rest_route=%2Fwp%2Fv2%2Fcomments&post=55039"}],"version-history":[{"count":1,"href":"https:\/\/cuernavaca.gob.mx\/index.php?rest_route=\/wp\/v2\/posts\/55039\/revisions"}],"predecessor-version":[{"id":55048,"href":"https:\/\/cuernavaca.gob.mx\/index.php?rest_route=\/wp\/v2\/posts\/55039\/revisions\/55048"}],"wp:featuredmedia":[{"embeddable":true,"href":"https:\/\/cuernavaca.gob.mx\/index.php?rest_route=\/wp\/v2\/media\/55047"}],"wp:attachment":[{"href":"https:\/\/cuernavaca.gob.mx\/index.php?rest_route=%2Fwp%2Fv2%2Fmedia&parent=55039"}],"wp:term":[{"taxonomy":"category","embeddable":true,"href":"https:\/\/cuernavaca.gob.mx\/index.php?rest_route=%2Fwp%2Fv2%2Fcategories&post=55039"},{"taxonomy":"post_tag","embeddable":true,"href":"https:\/\/cuernavaca.gob.mx\/index.php?rest_route=%2Fwp%2Fv2%2Ftags&post=55039"}],"curies":[{"name":"wp","href":"https:\/\/api.w.org\/{rel}","templated":true}]}}