{"id":55049,"date":"2025-12-11T11:19:44","date_gmt":"2025-12-11T17:19:44","guid":{"rendered":"https:\/\/cuernavaca.gob.mx\/?p=55049"},"modified":"2025-12-11T11:19:44","modified_gmt":"2025-12-11T17:19:44","slug":"b792-11-12-25-seprac-expone-acciones-de-prevencion-en-sesion-de-la-mesa-de-seguridad-para-la-construccion-de-la-paz-region-tepoztlan-huitzilac-cuernavaca","status":"publish","type":"post","link":"https:\/\/cuernavaca.gob.mx\/?p=55049","title":{"rendered":"B792 11\/12\/25 SEPRAC EXPONE ACCIONES DE PREVENCI\u00d3N EN SESI\u00d3N DE LA MESA DE SEGURIDAD PARA LA CONSTRUCCI\u00d3N DE LA PAZ REGI\u00d3N TEPOZTL\u00c1N\u2013HUITZILAC\u2013CUERNAVACA"},"content":{"rendered":"<div><strong>* SEPRAC mantiene estrecha coordinaci\u00f3n con la Guardia Nacional en operativos durante la temporada decembrina<\/strong><\/div>\n<div><\/div>\n<div>Durante la sesi\u00f3n presencial de la Mesa de Seguridad para la Construcci\u00f3n de la Paz de la regi\u00f3n Tepoztl\u00e1n\u2013Huitzilac\u2013Cuernavaca, la Secretar\u00eda de Protecci\u00f3n y Auxilio Ciudadano (SEPRAC) present\u00f3 los avances y las acciones implementadas en materia de prevenci\u00f3n del delito en escuelas, colonias y distintos sectores de Cuernavaca.<\/div>\n<div><\/div>\n<div>El titular de la SEPRAC, Guillermo Garc\u00eda Delgado, resalt\u00f3 en su participaci\u00f3n la estrecha coordinaci\u00f3n con la Guardia Nacional en los operativos implementados con motivo de la temporada decembrina.<\/div>\n<div><\/div>\n<div>Adem\u00e1s, destac\u00f3 la ejecuci\u00f3n de m\u00faltiples programas orientados a fortalecer la cultura de la paz, la seguridad vial y la participaci\u00f3n ciudadana. Entre las acciones expuestas se encuentran:<\/div>\n<div>\u2022Recorridos exploratorios en distintas colonias para detectar factores de riesgo.<\/div>\n<div>\u2022Programa Vial 1&#215;1, cuyo impacto se ha ampliado con la suma de la Ruta 13.<\/div>\n<div>\u2022Difusi\u00f3n de los n\u00fameros de emergencia como parte de la educaci\u00f3n preventiva en la comunidad.<\/div>\n<div>\u202220 acciones implementadas en la UAEM, incluyendo pl\u00e1ticas, reuniones de trabajo y la entrega de butacas en la secundaria 5, \u201cLic. Adolfo L\u00f3pez Mateos\u201d.<\/div>\n<div>\u2022Charlas sobre valores y prevenci\u00f3n de la violencia, dirigidas a estudiantes, docentes y personal administrativo.<\/div>\n<div>\u2022Uso y promoci\u00f3n de la aplicaci\u00f3n \u201cCuernavaca Segura\u201d para fortalecer la respuesta ciudadana y la comunicaci\u00f3n con cuerpos de emergencia.<\/div>\n<div>\u2022Difusi\u00f3n del Reglamento de Tr\u00e1nsito, reforzando la educaci\u00f3n vial.<\/div>\n<div>\u2022Trabajo coordinado con el Comit\u00e9 de Seguridad del COBAEM, fortaleciendo la red de prevenci\u00f3n en instituciones educativas.<\/div>\n<div>\u2022Cursos para madres y padres de familia, as\u00ed como pl\u00e1ticas sobre delitos cibern\u00e9ticos, integr\u00e1ndose al programa Escuelas por la Prevenci\u00f3n.<\/div>\n<div><\/div>\n<div>La SEPRAC resalt\u00f3 que estas acciones forman parte de una estrategia integral para fomentar entornos m\u00e1s seguros y promover la participaci\u00f3n ciudadana en la construcci\u00f3n de la paz en Cuernavaca.<\/div>\n<div><\/div>\n<div>\n\n\t\t<style type=\"text\/css\">\n\t\t\t#gallery-1 {\n\t\t\t\tmargin: auto;\n\t\t\t}\n\t\t\t#gallery-1 .gallery-item {\n\t\t\t\tfloat: left;\n\t\t\t\tmargin-top: 10px;\n\t\t\t\ttext-align: center;\n\t\t\t\twidth: 33%;\n\t\t\t}\n\t\t\t#gallery-1 img {\n\t\t\t\tborder: 2px solid #cfcfcf;\n\t\t\t}\n\t\t\t#gallery-1 .gallery-caption {\n\t\t\t\tmargin-left: 0;\n\t\t\t}\n\t\t\t\/* see gallery_shortcode() in wp-includes\/media.php *\/\n\t\t<\/style>\n\t\t<div id='gallery-1' class='gallery galleryid-55049 gallery-columns-3 gallery-size-thumbnail'><dl class='gallery-item'>\n\t\t\t<dt class='gallery-icon landscape'>\n\t\t\t\t<a href='https:\/\/cuernavaca.gob.mx\/?attachment_id=55050'><img width=\"150\" height=\"150\" src=\"https:\/\/cuernavaca.gob.mx\/wp-content\/uploads\/2025\/12\/SEPRAC-EXPONE-ACCIONES-DE-PREVENCION-EN-SESION-DE-LA-MESA-DE-SEGURIDAD-PARA-LA-CONSTRUCCION-DE-LA-PAZ-REGION-TEPOZTLAN\u2013HUITZILAC\u2013CUERNAVACA-1-150x150.jpeg\" class=\"attachment-thumbnail size-thumbnail\" alt=\"\" loading=\"lazy\" \/><\/a>\n\t\t\t<\/dt><\/dl><dl class='gallery-item'>\n\t\t\t<dt class='gallery-icon landscape'>\n\t\t\t\t<a href='https:\/\/cuernavaca.gob.mx\/?attachment_id=55051'><img width=\"150\" height=\"150\" src=\"https:\/\/cuernavaca.gob.mx\/wp-content\/uploads\/2025\/12\/SEPRAC-EXPONE-ACCIONES-DE-PREVENCION-EN-SESION-DE-LA-MESA-DE-SEGURIDAD-PARA-LA-CONSTRUCCION-DE-LA-PAZ-REGION-TEPOZTLAN\u2013HUITZILAC\u2013CUERNAVACA-2-150x150.jpeg\" class=\"attachment-thumbnail size-thumbnail\" alt=\"\" loading=\"lazy\" \/><\/a>\n\t\t\t<\/dt><\/dl><dl class='gallery-item'>\n\t\t\t<dt class='gallery-icon landscape'>\n\t\t\t\t<a href='https:\/\/cuernavaca.gob.mx\/?attachment_id=55052'><img width=\"150\" height=\"150\" src=\"https:\/\/cuernavaca.gob.mx\/wp-content\/uploads\/2025\/12\/SEPRAC-EXPONE-ACCIONES-DE-PREVENCION-EN-SESION-DE-LA-MESA-DE-SEGURIDAD-PARA-LA-CONSTRUCCION-DE-LA-PAZ-REGION-TEPOZTLAN\u2013HUITZILAC\u2013CUERNAVACA-3-150x150.jpeg\" class=\"attachment-thumbnail size-thumbnail\" alt=\"\" loading=\"lazy\" \/><\/a>\n\t\t\t<\/dt><\/dl><br style=\"clear: both\" \/><dl class='gallery-item'>\n\t\t\t<dt class='gallery-icon landscape'>\n\t\t\t\t<a href='https:\/\/cuernavaca.gob.mx\/?attachment_id=55053'><img width=\"150\" height=\"150\" src=\"https:\/\/cuernavaca.gob.mx\/wp-content\/uploads\/2025\/12\/SEPRAC-EXPONE-ACCIONES-DE-PREVENCION-EN-SESION-DE-LA-MESA-DE-SEGURIDAD-PARA-LA-CONSTRUCCION-DE-LA-PAZ-REGION-TEPOZTLAN\u2013HUITZILAC\u2013CUERNAVACA-4-150x150.jpeg\" class=\"attachment-thumbnail size-thumbnail\" alt=\"\" loading=\"lazy\" \/><\/a>\n\t\t\t<\/dt><\/dl>\n\t\t\t<br style='clear: both' \/>\n\t\t<\/div>\n\n<\/div>\n","protected":false},"excerpt":{"rendered":"<p>* SEPRAC mantiene estrecha coordinaci\u00f3n con la Guardia Nacional en operativos durante la temporada decembrina Durante la sesi\u00f3n presencial de la Mesa de Seguridad para la Construcci\u00f3n de la Paz de la regi\u00f3n Tepoztl\u00e1n\u2013Huitzilac\u2013Cuernavaca, la Secretar\u00eda de Protecci\u00f3n y Auxilio Ciudadano (SEPRAC) present\u00f3 los avances y las acciones implementadas en materia de prevenci\u00f3n del delito [&hellip;]<\/p>\n","protected":false},"author":1,"featured_media":55050,"comment_status":"closed","ping_status":"open","sticky":false,"template":"","format":"standard","meta":[],"categories":[17],"tags":[121,120,125],"aioseo_notices":[],"_links":{"self":[{"href":"https:\/\/cuernavaca.gob.mx\/index.php?rest_route=\/wp\/v2\/posts\/55049"}],"collection":[{"href":"https:\/\/cuernavaca.gob.mx\/index.php?rest_route=\/wp\/v2\/posts"}],"about":[{"href":"https:\/\/cuernavaca.gob.mx\/index.php?rest_route=\/wp\/v2\/types\/post"}],"author":[{"embeddable":true,"href":"https:\/\/cuernavaca.gob.mx\/index.php?rest_route=\/wp\/v2\/users\/1"}],"replies":[{"embeddable":true,"href":"https:\/\/cuernavaca.gob.mx\/index.php?rest_route=%2Fwp%2Fv2%2Fcomments&post=55049"}],"version-history":[{"count":1,"href":"https:\/\/cuernavaca.gob.mx\/index.php?rest_route=\/wp\/v2\/posts\/55049\/revisions"}],"predecessor-version":[{"id":55054,"href":"https:\/\/cuernavaca.gob.mx\/index.php?rest_route=\/wp\/v2\/posts\/55049\/revisions\/55054"}],"wp:featuredmedia":[{"embeddable":true,"href":"https:\/\/cuernavaca.gob.mx\/index.php?rest_route=\/wp\/v2\/media\/55050"}],"wp:attachment":[{"href":"https:\/\/cuernavaca.gob.mx\/index.php?rest_route=%2Fwp%2Fv2%2Fmedia&parent=55049"}],"wp:term":[{"taxonomy":"category","embeddable":true,"href":"https:\/\/cuernavaca.gob.mx\/index.php?rest_route=%2Fwp%2Fv2%2Fcategories&post=55049"},{"taxonomy":"post_tag","embeddable":true,"href":"https:\/\/cuernavaca.gob.mx\/index.php?rest_route=%2Fwp%2Fv2%2Ftags&post=55049"}],"curies":[{"name":"wp","href":"https:\/\/api.w.org\/{rel}","templated":true}]}}