{"id":55741,"date":"2026-01-15T12:37:27","date_gmt":"2026-01-15T18:37:27","guid":{"rendered":"https:\/\/cuernavaca.gob.mx\/?p=55741"},"modified":"2026-04-15T00:03:23","modified_gmt":"2026-04-15T06:03:23","slug":"b871-15-01-25-cuernavaca-reconoce-el-esfuerzo-y-talento-de-52-deportistas-que-ponen-en-alto-a-la-ciudad-y-a-morelos","status":"publish","type":"post","link":"https:\/\/cuernavaca.gob.mx\/?p=55741","title":{"rendered":"B871 15\/01\/26 CUERNAVACA RECONOCE EL ESFUERZO Y TALENTO DE 52 DEPORTISTAS QUE PONEN EN ALTO A LA CIUDAD Y A MORELOS"},"content":{"rendered":"<p><strong>\u2022 El alcalde Jos\u00e9 Luis Uri\u00f3stegui Salgado entreg\u00f3 reconocimientos a deportistas destacados que han sido respaldados por la Administraci\u00f3n a trav\u00e9s de becas econ\u00f3micas<\/strong><\/p>\n<p>En un emotivo acto de orgullo para la ciudad y de reconocimiento al esfuerzo, disciplina y constancia, el presidente municipal de Cuernavaca, Jos\u00e9 Luis Uri\u00f3stegui Salgado, encabez\u00f3 este jueves la entrega de reconocimientos a 52 deportistas locales que han puesto en alto el nombre de la capital morelense y del estado en competencias nacionales e internacionales.<\/p>\n<p>Durante el evento, el alcalde subray\u00f3 que este reconocimiento simboliza los a\u00f1os de trabajo y sacrificio que hay detr\u00e1s de cada logro deportivo, as\u00ed como el orgullo que las y los atletas generan para la ciudad, al lograr que miles de personas en el mundo volteen a ver a Cuernavaca y a Morelos, destacando que las y los deportistas recibieron tambi\u00e9n las becas que otorga el Ayuntamiento de Cuernavaca como respaldo a su trayectoria.<\/p>\n<p>La ceremonia se realiz\u00f3 en el Museo de la Ciudad de Cuernavaca (MuCiC) y cont\u00f3 con la presencia de la secretaria de Desarrollo Humano y Participaci\u00f3n Social (SDHyPS), Sandra Pinz\u00f3n S\u00e1nchez, y de la directora general del Instituto del Deporte, Paloma Mart\u00ednez Bahena, dependencia promotora del evento. En su mensaje, Uri\u00f3stegui Salgado reconoci\u00f3 los retos emocionales y f\u00edsicos que implica competir, as\u00ed como el papel fundamental de las familias, cuyo apoyo ha sido clave para que ni\u00f1as, ni\u00f1os y j\u00f3venes alcancen metas que hoy se reflejan en medallas de oro, plata y bronce.<\/p>\n<p>En presencia de madres y padres de las y los deportistas, el edil record\u00f3 que, tras comenzar a superar una etapa de crisis financiera heredada de a\u00f1os anteriores, el Ayuntamiento decidi\u00f3 desde hace dos a\u00f1os apostar por la ni\u00f1ez y juventud deportista, otorgando apoyos de 10 mil pesos para competencias nacionales y 20 mil pesos para competencias internacionales, con el objetivo de contribuir a vi\u00e1ticos, uniformes y necesidades b\u00e1sicas que les permitan continuar su camino deportivo.<\/p>\n<p>A nombre de las y los galardonados, Lot M\u00e1ximo M\u00e9ndez Ortiz, reconocido deportista en la disciplina de tiro con arco, agradeci\u00f3 el respaldo institucional que ha dejado huella, al destacar que apoyar al deporte es invertir en personas, sue\u00f1os y futuros posibles, ya que cada incentivo abre oportunidades para ni\u00f1as, ni\u00f1os y j\u00f3venes que encuentran en el deporte un camino de disciplina, valores y esperanza.<\/p>\n<p>Las y los deportistas reconocidos participan en disciplinas como patines sobre ruedas, nataci\u00f3n, atletismo, nataci\u00f3n en aguas abiertas, tiro con arco, f\u00fatbol americano, boxeo, equitaci\u00f3n y taekwondo, entre otras.<\/p>\n<p>Con estos apoyos, el Ayuntamiento de Cuernavaca reafirma su compromiso de seguir impulsando el deporte como una herramienta de desarrollo social, respaldando el talento local y fortaleciendo los sue\u00f1os de quienes representan con orgullo a su ciudad dentro y fuera del pa\u00eds.<\/p>\n\n\t\t<style type=\"text\/css\">\n\t\t\t#gallery-1 {\n\t\t\t\tmargin: auto;\n\t\t\t}\n\t\t\t#gallery-1 .gallery-item {\n\t\t\t\tfloat: left;\n\t\t\t\tmargin-top: 10px;\n\t\t\t\ttext-align: center;\n\t\t\t\twidth: 33%;\n\t\t\t}\n\t\t\t#gallery-1 img {\n\t\t\t\tborder: 2px solid #cfcfcf;\n\t\t\t}\n\t\t\t#gallery-1 .gallery-caption {\n\t\t\t\tmargin-left: 0;\n\t\t\t}\n\t\t\t\/* see gallery_shortcode() in wp-includes\/media.php *\/\n\t\t<\/style>\n\t\t<div id='gallery-1' class='gallery galleryid-55741 gallery-columns-3 gallery-size-thumbnail'><dl class='gallery-item'>\n\t\t\t<dt class='gallery-icon landscape'>\n\t\t\t\t<a href='https:\/\/cuernavaca.gob.mx\/?attachment_id=55742'><img width=\"150\" height=\"150\" src=\"https:\/\/cuernavaca.gob.mx\/wp-content\/uploads\/2026\/01\/CUERNAVACA-RECONOCE-EL-ESFUERZO-Y-TALENTO-DE-52-DEPORTISTAS-QUE-PONEN-EN-ALTO-A-LA-CIUDAD-Y-A-MORELOS-1-150x150.jpg\" class=\"attachment-thumbnail size-thumbnail\" alt=\"\" loading=\"lazy\" \/><\/a>\n\t\t\t<\/dt><\/dl><dl class='gallery-item'>\n\t\t\t<dt class='gallery-icon landscape'>\n\t\t\t\t<a href='https:\/\/cuernavaca.gob.mx\/?attachment_id=55743'><img width=\"150\" height=\"150\" src=\"https:\/\/cuernavaca.gob.mx\/wp-content\/uploads\/2026\/01\/CUERNAVACA-RECONOCE-EL-ESFUERZO-Y-TALENTO-DE-52-DEPORTISTAS-QUE-PONEN-EN-ALTO-A-LA-CIUDAD-Y-A-MORELOS-2-150x150.jpg\" class=\"attachment-thumbnail size-thumbnail\" alt=\"\" loading=\"lazy\" \/><\/a>\n\t\t\t<\/dt><\/dl><dl class='gallery-item'>\n\t\t\t<dt class='gallery-icon landscape'>\n\t\t\t\t<a href='https:\/\/cuernavaca.gob.mx\/?attachment_id=55744'><img width=\"150\" height=\"150\" src=\"https:\/\/cuernavaca.gob.mx\/wp-content\/uploads\/2026\/01\/CUERNAVACA-RECONOCE-EL-ESFUERZO-Y-TALENTO-DE-52-DEPORTISTAS-QUE-PONEN-EN-ALTO-A-LA-CIUDAD-Y-A-MORELOS-3-150x150.jpg\" class=\"attachment-thumbnail size-thumbnail\" alt=\"\" loading=\"lazy\" \/><\/a>\n\t\t\t<\/dt><\/dl><br style=\"clear: both\" \/><dl class='gallery-item'>\n\t\t\t<dt class='gallery-icon landscape'>\n\t\t\t\t<a href='https:\/\/cuernavaca.gob.mx\/?attachment_id=55745'><img width=\"150\" height=\"150\" src=\"https:\/\/cuernavaca.gob.mx\/wp-content\/uploads\/2026\/01\/CUERNAVACA-RECONOCE-EL-ESFUERZO-Y-TALENTO-DE-52-DEPORTISTAS-QUE-PONEN-EN-ALTO-A-LA-CIUDAD-Y-A-MORELOS-4-150x150.jpg\" class=\"attachment-thumbnail size-thumbnail\" alt=\"\" loading=\"lazy\" \/><\/a>\n\t\t\t<\/dt><\/dl><dl class='gallery-item'>\n\t\t\t<dt class='gallery-icon landscape'>\n\t\t\t\t<a href='https:\/\/cuernavaca.gob.mx\/?attachment_id=55746'><img width=\"150\" height=\"150\" src=\"https:\/\/cuernavaca.gob.mx\/wp-content\/uploads\/2026\/01\/CUERNAVACA-RECONOCE-EL-ESFUERZO-Y-TALENTO-DE-52-DEPORTISTAS-QUE-PONEN-EN-ALTO-A-LA-CIUDAD-Y-A-MORELOS-5-150x150.jpg\" class=\"attachment-thumbnail size-thumbnail\" alt=\"\" loading=\"lazy\" \/><\/a>\n\t\t\t<\/dt><\/dl><dl class='gallery-item'>\n\t\t\t<dt class='gallery-icon landscape'>\n\t\t\t\t<a href='https:\/\/cuernavaca.gob.mx\/?attachment_id=55747'><img width=\"150\" height=\"150\" src=\"https:\/\/cuernavaca.gob.mx\/wp-content\/uploads\/2026\/01\/CUERNAVACA-RECONOCE-EL-ESFUERZO-Y-TALENTO-DE-52-DEPORTISTAS-QUE-PONEN-EN-ALTO-A-LA-CIUDAD-Y-A-MORELOS-6-150x150.jpg\" class=\"attachment-thumbnail size-thumbnail\" alt=\"\" loading=\"lazy\" \/><\/a>\n\t\t\t<\/dt><\/dl><br style=\"clear: both\" \/><dl class='gallery-item'>\n\t\t\t<dt class='gallery-icon landscape'>\n\t\t\t\t<a href='https:\/\/cuernavaca.gob.mx\/?attachment_id=55748'><img width=\"150\" height=\"150\" src=\"https:\/\/cuernavaca.gob.mx\/wp-content\/uploads\/2026\/01\/CUERNAVACA-RECONOCE-EL-ESFUERZO-Y-TALENTO-DE-52-DEPORTISTAS-QUE-PONEN-EN-ALTO-A-LA-CIUDAD-Y-A-MORELOS-7-150x150.jpg\" class=\"attachment-thumbnail size-thumbnail\" alt=\"\" loading=\"lazy\" \/><\/a>\n\t\t\t<\/dt><\/dl><dl class='gallery-item'>\n\t\t\t<dt class='gallery-icon landscape'>\n\t\t\t\t<a href='https:\/\/cuernavaca.gob.mx\/?attachment_id=55749'><img width=\"150\" height=\"150\" src=\"https:\/\/cuernavaca.gob.mx\/wp-content\/uploads\/2026\/01\/CUERNAVACA-RECONOCE-EL-ESFUERZO-Y-TALENTO-DE-52-DEPORTISTAS-QUE-PONEN-EN-ALTO-A-LA-CIUDAD-Y-A-MORELOS-8-150x150.jpg\" class=\"attachment-thumbnail size-thumbnail\" alt=\"\" loading=\"lazy\" \/><\/a>\n\t\t\t<\/dt><\/dl><dl class='gallery-item'>\n\t\t\t<dt class='gallery-icon landscape'>\n\t\t\t\t<a href='https:\/\/cuernavaca.gob.mx\/?attachment_id=55750'><img width=\"150\" height=\"150\" src=\"https:\/\/cuernavaca.gob.mx\/wp-content\/uploads\/2026\/01\/CUERNAVACA-RECONOCE-EL-ESFUERZO-Y-TALENTO-DE-52-DEPORTISTAS-QUE-PONEN-EN-ALTO-A-LA-CIUDAD-Y-A-MORELOS-9-150x150.jpg\" class=\"attachment-thumbnail size-thumbnail\" alt=\"\" loading=\"lazy\" \/><\/a>\n\t\t\t<\/dt><\/dl><br style=\"clear: both\" \/><dl class='gallery-item'>\n\t\t\t<dt class='gallery-icon landscape'>\n\t\t\t\t<a href='https:\/\/cuernavaca.gob.mx\/?attachment_id=55751'><img width=\"150\" height=\"150\" src=\"https:\/\/cuernavaca.gob.mx\/wp-content\/uploads\/2026\/01\/CUERNAVACA-RECONOCE-EL-ESFUERZO-Y-TALENTO-DE-52-DEPORTISTAS-QUE-PONEN-EN-ALTO-A-LA-CIUDAD-Y-A-MORELOS-10-150x150.jpg\" class=\"attachment-thumbnail size-thumbnail\" alt=\"\" loading=\"lazy\" \/><\/a>\n\t\t\t<\/dt><\/dl><dl class='gallery-item'>\n\t\t\t<dt class='gallery-icon landscape'>\n\t\t\t\t<a href='https:\/\/cuernavaca.gob.mx\/?attachment_id=55752'><img width=\"150\" height=\"150\" src=\"https:\/\/cuernavaca.gob.mx\/wp-content\/uploads\/2026\/01\/CUERNAVACA-RECONOCE-EL-ESFUERZO-Y-TALENTO-DE-52-DEPORTISTAS-QUE-PONEN-EN-ALTO-A-LA-CIUDAD-Y-A-MORELOS-11-150x150.jpg\" class=\"attachment-thumbnail size-thumbnail\" alt=\"\" loading=\"lazy\" \/><\/a>\n\t\t\t<\/dt><\/dl><dl class='gallery-item'>\n\t\t\t<dt class='gallery-icon landscape'>\n\t\t\t\t<a href='https:\/\/cuernavaca.gob.mx\/?attachment_id=55753'><img width=\"150\" height=\"150\" src=\"https:\/\/cuernavaca.gob.mx\/wp-content\/uploads\/2026\/01\/CUERNAVACA-RECONOCE-EL-ESFUERZO-Y-TALENTO-DE-52-DEPORTISTAS-QUE-PONEN-EN-ALTO-A-LA-CIUDAD-Y-A-MORELOS-12-150x150.jpg\" class=\"attachment-thumbnail size-thumbnail\" alt=\"\" loading=\"lazy\" \/><\/a>\n\t\t\t<\/dt><\/dl><br style=\"clear: both\" \/><dl class='gallery-item'>\n\t\t\t<dt class='gallery-icon landscape'>\n\t\t\t\t<a href='https:\/\/cuernavaca.gob.mx\/?attachment_id=55754'><img width=\"150\" height=\"150\" src=\"https:\/\/cuernavaca.gob.mx\/wp-content\/uploads\/2026\/01\/CUERNAVACA-RECONOCE-EL-ESFUERZO-Y-TALENTO-DE-52-DEPORTISTAS-QUE-PONEN-EN-ALTO-A-LA-CIUDAD-Y-A-MORELOS-13-150x150.jpg\" class=\"attachment-thumbnail size-thumbnail\" alt=\"\" loading=\"lazy\" \/><\/a>\n\t\t\t<\/dt><\/dl><dl class='gallery-item'>\n\t\t\t<dt class='gallery-icon landscape'>\n\t\t\t\t<a href='https:\/\/cuernavaca.gob.mx\/?attachment_id=55755'><img width=\"150\" height=\"150\" src=\"https:\/\/cuernavaca.gob.mx\/wp-content\/uploads\/2026\/01\/CUERNAVACA-RECONOCE-EL-ESFUERZO-Y-TALENTO-DE-52-DEPORTISTAS-QUE-PONEN-EN-ALTO-A-LA-CIUDAD-Y-A-MORELOS-14-150x150.jpg\" class=\"attachment-thumbnail size-thumbnail\" alt=\"\" loading=\"lazy\" \/><\/a>\n\t\t\t<\/dt><\/dl><dl class='gallery-item'>\n\t\t\t<dt class='gallery-icon landscape'>\n\t\t\t\t<a href='https:\/\/cuernavaca.gob.mx\/?attachment_id=55756'><img width=\"150\" height=\"150\" src=\"https:\/\/cuernavaca.gob.mx\/wp-content\/uploads\/2026\/01\/CUERNAVACA-RECONOCE-EL-ESFUERZO-Y-TALENTO-DE-52-DEPORTISTAS-QUE-PONEN-EN-ALTO-A-LA-CIUDAD-Y-A-MORELOS-15-150x150.jpg\" class=\"attachment-thumbnail size-thumbnail\" alt=\"\" loading=\"lazy\" \/><\/a>\n\t\t\t<\/dt><\/dl><br style=\"clear: both\" \/>\n\t\t<\/div>\n\n","protected":false},"excerpt":{"rendered":"<p>\u2022 El alcalde Jos\u00e9 Luis Uri\u00f3stegui Salgado entreg\u00f3 reconocimientos a deportistas destacados que han sido respaldados por la Administraci\u00f3n a trav\u00e9s de becas econ\u00f3micas En un emotivo acto de orgullo para la ciudad y de reconocimiento al esfuerzo, disciplina y constancia, el presidente municipal de Cuernavaca, Jos\u00e9 Luis Uri\u00f3stegui Salgado, encabez\u00f3 este jueves la entrega [&hellip;]<\/p>\n","protected":false},"author":1,"featured_media":55742,"comment_status":"closed","ping_status":"open","sticky":false,"template":"","format":"standard","meta":[],"categories":[1],"tags":[],"aioseo_notices":[],"_links":{"self":[{"href":"https:\/\/cuernavaca.gob.mx\/index.php?rest_route=\/wp\/v2\/posts\/55741"}],"collection":[{"href":"https:\/\/cuernavaca.gob.mx\/index.php?rest_route=\/wp\/v2\/posts"}],"about":[{"href":"https:\/\/cuernavaca.gob.mx\/index.php?rest_route=\/wp\/v2\/types\/post"}],"author":[{"embeddable":true,"href":"https:\/\/cuernavaca.gob.mx\/index.php?rest_route=\/wp\/v2\/users\/1"}],"replies":[{"embeddable":true,"href":"https:\/\/cuernavaca.gob.mx\/index.php?rest_route=%2Fwp%2Fv2%2Fcomments&post=55741"}],"version-history":[{"count":2,"href":"https:\/\/cuernavaca.gob.mx\/index.php?rest_route=\/wp\/v2\/posts\/55741\/revisions"}],"predecessor-version":[{"id":58249,"href":"https:\/\/cuernavaca.gob.mx\/index.php?rest_route=\/wp\/v2\/posts\/55741\/revisions\/58249"}],"wp:featuredmedia":[{"embeddable":true,"href":"https:\/\/cuernavaca.gob.mx\/index.php?rest_route=\/wp\/v2\/media\/55742"}],"wp:attachment":[{"href":"https:\/\/cuernavaca.gob.mx\/index.php?rest_route=%2Fwp%2Fv2%2Fmedia&parent=55741"}],"wp:term":[{"taxonomy":"category","embeddable":true,"href":"https:\/\/cuernavaca.gob.mx\/index.php?rest_route=%2Fwp%2Fv2%2Fcategories&post=55741"},{"taxonomy":"post_tag","embeddable":true,"href":"https:\/\/cuernavaca.gob.mx\/index.php?rest_route=%2Fwp%2Fv2%2Ftags&post=55741"}],"curies":[{"name":"wp","href":"https:\/\/api.w.org\/{rel}","templated":true}]}}