{"id":55758,"date":"2026-01-16T11:00:13","date_gmt":"2026-01-16T17:00:13","guid":{"rendered":"https:\/\/cuernavaca.gob.mx\/?p=55758"},"modified":"2026-01-16T16:11:53","modified_gmt":"2026-01-16T22:11:53","slug":"comunicado-de-prensa-16-01-26-seprac-informa","status":"publish","type":"post","link":"https:\/\/cuernavaca.gob.mx\/?p=55758","title":{"rendered":"COMUNICADO DE PRENSA 16\/01\/26 SEPRAC INFORMA"},"content":{"rendered":"<div>La Secretar\u00eda de Protecci\u00f3n y Auxilio Ciudadano (SEPRAC) informa que, derivado del sismo de magnitud 5.3, con epicentro al suroeste de San Marcos, Guerrero, de manera inmediata, personal de la Coordinaci\u00f3n Municipal de Protecci\u00f3nCivil Cuernavaca activ\u00f3 los protocolos de monitoreo y evaluaci\u00f3n correspondientes, sin que hasta el momento se reporten da\u00f1os estructurales ni personas lesionadas.<\/div>\n<div><\/div>\n<div>Se mantiene coordinaci\u00f3n permanente con ayudantes municipales y autoridades estatales, a fin de dar seguimiento oportuno a cualquier eventualidad.<\/div>\n<div><\/div>\n<div>Recomendaciones a la poblaci\u00f3n:<\/div>\n<div>\u2022Mantener la calma y atender \u00fanicamente informaci\u00f3n emitida por fuentes oficiales.<\/div>\n<div>\u2022Revisar de manera preventiva viviendas e inmuebles.<\/div>\n<div>\u2022Identificar zonas de seguridad y rutas de evacuaci\u00f3n.<\/div>\n<div>\u2022Reportar cualquier emergencia al 777-312-12-74.<\/div>\n<div><\/div>\n<div>\n\n\t\t<style type=\"text\/css\">\n\t\t\t#gallery-1 {\n\t\t\t\tmargin: auto;\n\t\t\t}\n\t\t\t#gallery-1 .gallery-item {\n\t\t\t\tfloat: left;\n\t\t\t\tmargin-top: 10px;\n\t\t\t\ttext-align: center;\n\t\t\t\twidth: 33%;\n\t\t\t}\n\t\t\t#gallery-1 img {\n\t\t\t\tborder: 2px solid #cfcfcf;\n\t\t\t}\n\t\t\t#gallery-1 .gallery-caption {\n\t\t\t\tmargin-left: 0;\n\t\t\t}\n\t\t\t\/* see gallery_shortcode() in wp-includes\/media.php *\/\n\t\t<\/style>\n\t\t<div id='gallery-1' class='gallery galleryid-55758 gallery-columns-3 gallery-size-thumbnail'><dl class='gallery-item'>\n\t\t\t<dt class='gallery-icon landscape'>\n\t\t\t\t<a href='https:\/\/cuernavaca.gob.mx\/?attachment_id=55759'><img width=\"150\" height=\"150\" src=\"https:\/\/cuernavaca.gob.mx\/wp-content\/uploads\/2026\/01\/COMUNICADO-DE-PRENSA-150x150.jpg\" class=\"attachment-thumbnail size-thumbnail\" alt=\"\" loading=\"lazy\" \/><\/a>\n\t\t\t<\/dt><\/dl>\n\t\t\t<br style='clear: both' \/>\n\t\t<\/div>\n\n<\/div>\n","protected":false},"excerpt":{"rendered":"<p>La Secretar\u00eda de Protecci\u00f3n y Auxilio Ciudadano (SEPRAC) informa que, derivado del sismo de magnitud 5.3, con epicentro al suroeste de San Marcos, Guerrero, de manera inmediata, personal de la Coordinaci\u00f3n Municipal de Protecci\u00f3nCivil Cuernavaca activ\u00f3 los protocolos de monitoreo y evaluaci\u00f3n correspondientes, sin que hasta el momento se reporten da\u00f1os estructurales ni personas lesionadas. [&hellip;]<\/p>\n","protected":false},"author":1,"featured_media":55759,"comment_status":"closed","ping_status":"open","sticky":false,"template":"","format":"standard","meta":[],"categories":[1],"tags":[],"aioseo_notices":[],"_links":{"self":[{"href":"https:\/\/cuernavaca.gob.mx\/index.php?rest_route=\/wp\/v2\/posts\/55758"}],"collection":[{"href":"https:\/\/cuernavaca.gob.mx\/index.php?rest_route=\/wp\/v2\/posts"}],"about":[{"href":"https:\/\/cuernavaca.gob.mx\/index.php?rest_route=\/wp\/v2\/types\/post"}],"author":[{"embeddable":true,"href":"https:\/\/cuernavaca.gob.mx\/index.php?rest_route=\/wp\/v2\/users\/1"}],"replies":[{"embeddable":true,"href":"https:\/\/cuernavaca.gob.mx\/index.php?rest_route=%2Fwp%2Fv2%2Fcomments&post=55758"}],"version-history":[{"count":2,"href":"https:\/\/cuernavaca.gob.mx\/index.php?rest_route=\/wp\/v2\/posts\/55758\/revisions"}],"predecessor-version":[{"id":55786,"href":"https:\/\/cuernavaca.gob.mx\/index.php?rest_route=\/wp\/v2\/posts\/55758\/revisions\/55786"}],"wp:featuredmedia":[{"embeddable":true,"href":"https:\/\/cuernavaca.gob.mx\/index.php?rest_route=\/wp\/v2\/media\/55759"}],"wp:attachment":[{"href":"https:\/\/cuernavaca.gob.mx\/index.php?rest_route=%2Fwp%2Fv2%2Fmedia&parent=55758"}],"wp:term":[{"taxonomy":"category","embeddable":true,"href":"https:\/\/cuernavaca.gob.mx\/index.php?rest_route=%2Fwp%2Fv2%2Fcategories&post=55758"},{"taxonomy":"post_tag","embeddable":true,"href":"https:\/\/cuernavaca.gob.mx\/index.php?rest_route=%2Fwp%2Fv2%2Ftags&post=55758"}],"curies":[{"name":"wp","href":"https:\/\/api.w.org\/{rel}","templated":true}]}}