{"id":55765,"date":"2026-01-16T08:30:16","date_gmt":"2026-01-16T14:30:16","guid":{"rendered":"https:\/\/cuernavaca.gob.mx\/?p=55765"},"modified":"2026-04-15T00:00:53","modified_gmt":"2026-04-15T06:00:53","slug":"b872-16-01-25-imc-arranca-2026-fortaleciendo-la-salud-la-autonomia-y-los-derechos-de-las-mujeres-de-cuernavaca","status":"publish","type":"post","link":"https:\/\/cuernavaca.gob.mx\/?p=55765","title":{"rendered":"B872 16\/01\/26 IMC ARRANCA 2026 FORTALECIENDO LA SALUD, LA AUTONOM\u00cdA Y LOS DERECHOS DE LAS MUJERES DE CUERNAVACA"},"content":{"rendered":"<p><strong>* En la primera semana del a\u00f1o realiza talleres, activaci\u00f3n f\u00edsica, lectoescritura con perspectiva de g\u00e9nero y cursos de gastronom\u00eda<\/strong><\/p>\n<p>El Instituto de la Mujer de Cuernavaca (IMC) inici\u00f3 2026 con una agenda de talleres y acciones integrales para fortalecer la salud f\u00edsica, emocional y la autonom\u00eda econ\u00f3mica de las mujeres, adem\u00e1s de reforzar los servicios de atenci\u00f3n psicol\u00f3gica y jur\u00eddica.<\/p>\n<p>En la primera semana del a\u00f1o se realizaron talleres de yoga, activaci\u00f3n f\u00edsica con baile, lectoescritura con perspectiva de g\u00e9nero, gastronom\u00eda y su comercializaci\u00f3n, as\u00ed como el taller vivencial &#8220;Equipaje ligero para un nuevo comienzo\u201d, impartido por la tanat\u00f3loga Silvia Mireya Barajas.<\/p>\n<p>La directora del IMC, Lorena Elizabeth Castillo, inform\u00f3 que durante 2026 se reforzar\u00e1 la difusi\u00f3n de los programas institucionales para incrementar la cobertura y calidad de los servicios integrales, as\u00ed como la participaci\u00f3n de mujeres en los talleres.<\/p>\n<p>Asimismo, en el IMC reafirman su compromiso de trabajar por los derechos de mujeres, adolescentes y ni\u00f1as de Cuernavaca a vivir una vida libre de violencias, mediante acciones de salud mental, prevenci\u00f3n de la violencia de g\u00e9nero y fortalecimiento de la autonom\u00eda econ\u00f3mica.<\/p>\n<p>Las mujeres interesadas en participar pueden solicitar informes a trav\u00e9s de la p\u00e1gina de Facebook del IMC, al tel\u00e9fono 777 144 06 67, v\u00eda WhatsApp al 777 367 44 47, o acudir directamente a la sede del Instituto, ubicada en el Parque Tlaltenango, avenida Emiliano Zapata n\u00famero 715, colonia Tlaltenango.<\/p>\n\n\t\t<style type=\"text\/css\">\n\t\t\t#gallery-1 {\n\t\t\t\tmargin: auto;\n\t\t\t}\n\t\t\t#gallery-1 .gallery-item {\n\t\t\t\tfloat: left;\n\t\t\t\tmargin-top: 10px;\n\t\t\t\ttext-align: center;\n\t\t\t\twidth: 33%;\n\t\t\t}\n\t\t\t#gallery-1 img {\n\t\t\t\tborder: 2px solid #cfcfcf;\n\t\t\t}\n\t\t\t#gallery-1 .gallery-caption {\n\t\t\t\tmargin-left: 0;\n\t\t\t}\n\t\t\t\/* see gallery_shortcode() in wp-includes\/media.php *\/\n\t\t<\/style>\n\t\t<div id='gallery-1' class='gallery galleryid-55765 gallery-columns-3 gallery-size-thumbnail'><dl class='gallery-item'>\n\t\t\t<dt class='gallery-icon landscape'>\n\t\t\t\t<a href='https:\/\/cuernavaca.gob.mx\/?attachment_id=55766'><img width=\"150\" height=\"150\" src=\"https:\/\/cuernavaca.gob.mx\/wp-content\/uploads\/2026\/01\/IMC-ARRANCA-2026-FORTALECIENDO-LA-SALUD-LA-AUTONOMI\u0301A-Y-LOS-DERECHOS-DE-LAS-MUJERES-DE-CUERNAVACA-1-150x150.jpg\" class=\"attachment-thumbnail size-thumbnail\" alt=\"\" loading=\"lazy\" \/><\/a>\n\t\t\t<\/dt><\/dl><dl class='gallery-item'>\n\t\t\t<dt class='gallery-icon landscape'>\n\t\t\t\t<a href='https:\/\/cuernavaca.gob.mx\/?attachment_id=55767'><img width=\"150\" height=\"150\" src=\"https:\/\/cuernavaca.gob.mx\/wp-content\/uploads\/2026\/01\/IMC-ARRANCA-2026-FORTALECIENDO-LA-SALUD-LA-AUTONOMI\u0301A-Y-LOS-DERECHOS-DE-LAS-MUJERES-DE-CUERNAVACA-2-150x150.jpg\" class=\"attachment-thumbnail size-thumbnail\" alt=\"\" loading=\"lazy\" \/><\/a>\n\t\t\t<\/dt><\/dl><dl class='gallery-item'>\n\t\t\t<dt class='gallery-icon landscape'>\n\t\t\t\t<a href='https:\/\/cuernavaca.gob.mx\/?attachment_id=55768'><img width=\"150\" height=\"150\" src=\"https:\/\/cuernavaca.gob.mx\/wp-content\/uploads\/2026\/01\/IMC-ARRANCA-2026-FORTALECIENDO-LA-SALUD-LA-AUTONOMI\u0301A-Y-LOS-DERECHOS-DE-LAS-MUJERES-DE-CUERNAVACA-3-150x150.jpg\" class=\"attachment-thumbnail size-thumbnail\" alt=\"\" loading=\"lazy\" \/><\/a>\n\t\t\t<\/dt><\/dl><br style=\"clear: both\" \/><dl class='gallery-item'>\n\t\t\t<dt class='gallery-icon portrait'>\n\t\t\t\t<a href='https:\/\/cuernavaca.gob.mx\/?attachment_id=55769'><img width=\"150\" height=\"150\" src=\"https:\/\/cuernavaca.gob.mx\/wp-content\/uploads\/2026\/01\/IMC-ARRANCA-2026-FORTALECIENDO-LA-SALUD-LA-AUTONOMI\u0301A-Y-LOS-DERECHOS-DE-LAS-MUJERES-DE-CUERNAVACA-4-150x150.jpg\" class=\"attachment-thumbnail size-thumbnail\" alt=\"\" loading=\"lazy\" \/><\/a>\n\t\t\t<\/dt><\/dl><dl class='gallery-item'>\n\t\t\t<dt class='gallery-icon landscape'>\n\t\t\t\t<a href='https:\/\/cuernavaca.gob.mx\/?attachment_id=55770'><img width=\"150\" height=\"150\" src=\"https:\/\/cuernavaca.gob.mx\/wp-content\/uploads\/2026\/01\/IMC-ARRANCA-2026-FORTALECIENDO-LA-SALUD-LA-AUTONOMI\u0301A-Y-LOS-DERECHOS-DE-LAS-MUJERES-DE-CUERNAVACA-5-150x150.jpg\" class=\"attachment-thumbnail size-thumbnail\" alt=\"\" loading=\"lazy\" \/><\/a>\n\t\t\t<\/dt><\/dl>\n\t\t\t<br style='clear: both' \/>\n\t\t<\/div>\n\n","protected":false},"excerpt":{"rendered":"<p>* En la primera semana del a\u00f1o realiza talleres, activaci\u00f3n f\u00edsica, lectoescritura con perspectiva de g\u00e9nero y cursos de gastronom\u00eda El Instituto de la Mujer de Cuernavaca (IMC) inici\u00f3 2026 con una agenda de talleres y acciones integrales para fortalecer la salud f\u00edsica, emocional y la autonom\u00eda econ\u00f3mica de las mujeres, adem\u00e1s de reforzar los [&hellip;]<\/p>\n","protected":false},"author":1,"featured_media":55769,"comment_status":"closed","ping_status":"open","sticky":false,"template":"","format":"standard","meta":[],"categories":[1],"tags":[],"aioseo_notices":[],"_links":{"self":[{"href":"https:\/\/cuernavaca.gob.mx\/index.php?rest_route=\/wp\/v2\/posts\/55765"}],"collection":[{"href":"https:\/\/cuernavaca.gob.mx\/index.php?rest_route=\/wp\/v2\/posts"}],"about":[{"href":"https:\/\/cuernavaca.gob.mx\/index.php?rest_route=\/wp\/v2\/types\/post"}],"author":[{"embeddable":true,"href":"https:\/\/cuernavaca.gob.mx\/index.php?rest_route=\/wp\/v2\/users\/1"}],"replies":[{"embeddable":true,"href":"https:\/\/cuernavaca.gob.mx\/index.php?rest_route=%2Fwp%2Fv2%2Fcomments&post=55765"}],"version-history":[{"count":2,"href":"https:\/\/cuernavaca.gob.mx\/index.php?rest_route=\/wp\/v2\/posts\/55765\/revisions"}],"predecessor-version":[{"id":58248,"href":"https:\/\/cuernavaca.gob.mx\/index.php?rest_route=\/wp\/v2\/posts\/55765\/revisions\/58248"}],"wp:featuredmedia":[{"embeddable":true,"href":"https:\/\/cuernavaca.gob.mx\/index.php?rest_route=\/wp\/v2\/media\/55769"}],"wp:attachment":[{"href":"https:\/\/cuernavaca.gob.mx\/index.php?rest_route=%2Fwp%2Fv2%2Fmedia&parent=55765"}],"wp:term":[{"taxonomy":"category","embeddable":true,"href":"https:\/\/cuernavaca.gob.mx\/index.php?rest_route=%2Fwp%2Fv2%2Fcategories&post=55765"},{"taxonomy":"post_tag","embeddable":true,"href":"https:\/\/cuernavaca.gob.mx\/index.php?rest_route=%2Fwp%2Fv2%2Ftags&post=55765"}],"curies":[{"name":"wp","href":"https:\/\/api.w.org\/{rel}","templated":true}]}}