{"id":55780,"date":"2026-01-16T11:09:12","date_gmt":"2026-01-16T17:09:12","guid":{"rendered":"https:\/\/cuernavaca.gob.mx\/?p=55780"},"modified":"2026-01-16T16:10:50","modified_gmt":"2026-01-16T22:10:50","slug":"b873-16-01-26-seprac-y-bomberos-de-cuernavaca-refuerzan-la-prevencion-y-atencion-de-incendios-en-la-ciudad","status":"publish","type":"post","link":"https:\/\/cuernavaca.gob.mx\/?p=55780","title":{"rendered":"B873 16\/01\/26 SEPRAC Y BOMBEROS DE CUERNAVACA REFUERZAN LA PREVENCI\u00d3N Y ATENCI\u00d3N DE INCENDIOS EN LA CIUDAD"},"content":{"rendered":"<p><strong>* Durante el periodo del 5 al 11 de enero de 2026, se registraron 29 incendios: nueve en casas habitaci\u00f3n, tres en veh\u00edculos y 17 en terrenos bald\u00edos<\/strong><\/p>\n<p>La Secretar\u00eda de Protecci\u00f3n y Auxilio Ciudadano (SEPRAC), a trav\u00e9s de la Direcci\u00f3n de Bomberos, Rescate y Urgencias M\u00e9dicas, atendi\u00f3 diversos incidentes relacionados con incendios del 5 al 11 de enero de 2026 en el municipio de Cuernavaca.<\/p>\n<p>Durante este periodo, el personal operativo respondi\u00f3 de manera oportuna y eficaz a m\u00faltiples llamados de emergencia, priorizando en todo momento la seguridad de la poblaci\u00f3n, la protecci\u00f3n del patrimonio y la mitigaci\u00f3n de riesgos.<\/p>\n<p>En total, se registraron 29 incendios, de los cuales nueve ocurrieron en casas habitaci\u00f3n, ubicadas en las colonias Chulavista, Lomas de Cort\u00e9s, Mina 5, Provincias de Canad\u00e1, Chapultepec y Rodolfo L\u00f3pez Nava; tres incendios de veh\u00edculos y 17 en terrenos bald\u00edos.<\/p>\n<p>Ante esta situaci\u00f3n, la SEPRAC exhorta a la ciudadan\u00eda a fortalecer la cultura de la prevenci\u00f3n, atendiendo las siguientes recomendaciones para evitar incendios en viviendas y terrenos bald\u00edos:<\/p>\n<p>En casa habitaci\u00f3n:\u2028* Revisar las instalaciones el\u00e9ctricas y de gas LP.\u2028\u2022 Almacenar productos inflamables de manera segura.\u2028\u2022 Tener precauci\u00f3n con velas y otras fuentes de calor.\u2028\u2022 Al salir de casa, desconectar los aparatos electrodom\u00e9sticos.<\/p>\n<p>En terrenos bald\u00edos:\u2028* Evitar tirar basura y colillas de cigarro.\u2028\u2022 Prevenir el efecto lupa: no dejar envases de vidrio.\u2028\u2022 Mantener la maleza controlada o eliminada.\u2028\u2022 Evitar quemas al aire libre.<\/p>\n<p>Ante cualquier situaci\u00f3n de incendio o riesgo, comunicarse de manera inmediata al 777 312 12 74. La prevenci\u00f3n y la colaboraci\u00f3n ciudadana son fundamentales para reducir riesgos y proteger la integridad de la poblaci\u00f3n.<\/p>\n\n\t\t<style type=\"text\/css\">\n\t\t\t#gallery-1 {\n\t\t\t\tmargin: auto;\n\t\t\t}\n\t\t\t#gallery-1 .gallery-item {\n\t\t\t\tfloat: left;\n\t\t\t\tmargin-top: 10px;\n\t\t\t\ttext-align: center;\n\t\t\t\twidth: 33%;\n\t\t\t}\n\t\t\t#gallery-1 img {\n\t\t\t\tborder: 2px solid #cfcfcf;\n\t\t\t}\n\t\t\t#gallery-1 .gallery-caption {\n\t\t\t\tmargin-left: 0;\n\t\t\t}\n\t\t\t\/* see gallery_shortcode() in wp-includes\/media.php *\/\n\t\t<\/style>\n\t\t<div id='gallery-1' class='gallery galleryid-55780 gallery-columns-3 gallery-size-thumbnail'><dl class='gallery-item'>\n\t\t\t<dt class='gallery-icon landscape'>\n\t\t\t\t<a href='https:\/\/cuernavaca.gob.mx\/?attachment_id=55781'><img width=\"150\" height=\"150\" src=\"https:\/\/cuernavaca.gob.mx\/wp-content\/uploads\/2026\/01\/SEPRAC-Y-BOMBEROS-DE-CUERNAVACA-REFUERZAN-LA-PREVENCIO\u0301N-Y-ATENCIO\u0301N-DE-INCENDIOS-EN-LA-CIUDAD-1-150x150.jpg\" class=\"attachment-thumbnail size-thumbnail\" alt=\"\" loading=\"lazy\" \/><\/a>\n\t\t\t<\/dt><\/dl><dl class='gallery-item'>\n\t\t\t<dt class='gallery-icon portrait'>\n\t\t\t\t<a href='https:\/\/cuernavaca.gob.mx\/?attachment_id=55782'><img width=\"150\" height=\"150\" src=\"https:\/\/cuernavaca.gob.mx\/wp-content\/uploads\/2026\/01\/SEPRAC-Y-BOMBEROS-DE-CUERNAVACA-REFUERZAN-LA-PREVENCIO\u0301N-Y-ATENCIO\u0301N-DE-INCENDIOS-EN-LA-CIUDAD-2-150x150.jpg\" class=\"attachment-thumbnail size-thumbnail\" alt=\"\" loading=\"lazy\" \/><\/a>\n\t\t\t<\/dt><\/dl><dl class='gallery-item'>\n\t\t\t<dt class='gallery-icon landscape'>\n\t\t\t\t<a href='https:\/\/cuernavaca.gob.mx\/?attachment_id=55783'><img width=\"150\" height=\"150\" src=\"https:\/\/cuernavaca.gob.mx\/wp-content\/uploads\/2026\/01\/SEPRAC-Y-BOMBEROS-DE-CUERNAVACA-REFUERZAN-LA-PREVENCIO\u0301N-Y-ATENCIO\u0301N-DE-INCENDIOS-EN-LA-CIUDAD-3-150x150.jpg\" class=\"attachment-thumbnail size-thumbnail\" alt=\"\" loading=\"lazy\" srcset=\"https:\/\/cuernavaca.gob.mx\/wp-content\/uploads\/2026\/01\/SEPRAC-Y-BOMBEROS-DE-CUERNAVACA-REFUERZAN-LA-PREVENCIO\u0301N-Y-ATENCIO\u0301N-DE-INCENDIOS-EN-LA-CIUDAD-3-150x150.jpg 150w, https:\/\/cuernavaca.gob.mx\/wp-content\/uploads\/2026\/01\/SEPRAC-Y-BOMBEROS-DE-CUERNAVACA-REFUERZAN-LA-PREVENCIO\u0301N-Y-ATENCIO\u0301N-DE-INCENDIOS-EN-LA-CIUDAD-3-300x300.jpg 300w, https:\/\/cuernavaca.gob.mx\/wp-content\/uploads\/2026\/01\/SEPRAC-Y-BOMBEROS-DE-CUERNAVACA-REFUERZAN-LA-PREVENCIO\u0301N-Y-ATENCIO\u0301N-DE-INCENDIOS-EN-LA-CIUDAD-3-1024x1024.jpg 1024w, https:\/\/cuernavaca.gob.mx\/wp-content\/uploads\/2026\/01\/SEPRAC-Y-BOMBEROS-DE-CUERNAVACA-REFUERZAN-LA-PREVENCIO\u0301N-Y-ATENCIO\u0301N-DE-INCENDIOS-EN-LA-CIUDAD-3-768x768.jpg 768w, https:\/\/cuernavaca.gob.mx\/wp-content\/uploads\/2026\/01\/SEPRAC-Y-BOMBEROS-DE-CUERNAVACA-REFUERZAN-LA-PREVENCIO\u0301N-Y-ATENCIO\u0301N-DE-INCENDIOS-EN-LA-CIUDAD-3-1536x1536.jpg 1536w, https:\/\/cuernavaca.gob.mx\/wp-content\/uploads\/2026\/01\/SEPRAC-Y-BOMBEROS-DE-CUERNAVACA-REFUERZAN-LA-PREVENCIO\u0301N-Y-ATENCIO\u0301N-DE-INCENDIOS-EN-LA-CIUDAD-3-600x600.jpg 600w, https:\/\/cuernavaca.gob.mx\/wp-content\/uploads\/2026\/01\/SEPRAC-Y-BOMBEROS-DE-CUERNAVACA-REFUERZAN-LA-PREVENCIO\u0301N-Y-ATENCIO\u0301N-DE-INCENDIOS-EN-LA-CIUDAD-3-560x560.jpg 560w, https:\/\/cuernavaca.gob.mx\/wp-content\/uploads\/2026\/01\/SEPRAC-Y-BOMBEROS-DE-CUERNAVACA-REFUERZAN-LA-PREVENCIO\u0301N-Y-ATENCIO\u0301N-DE-INCENDIOS-EN-LA-CIUDAD-3.jpg 1600w\" sizes=\"(max-width: 150px) 100vw, 150px\" \/><\/a>\n\t\t\t<\/dt><\/dl><br style=\"clear: both\" \/><dl class='gallery-item'>\n\t\t\t<dt class='gallery-icon landscape'>\n\t\t\t\t<a href='https:\/\/cuernavaca.gob.mx\/?attachment_id=55784'><img width=\"150\" height=\"150\" src=\"https:\/\/cuernavaca.gob.mx\/wp-content\/uploads\/2026\/01\/SEPRAC-Y-BOMBEROS-DE-CUERNAVACA-REFUERZAN-LA-PREVENCIO\u0301N-Y-ATENCIO\u0301N-DE-INCENDIOS-EN-LA-CIUDAD-4-150x150.jpg\" class=\"attachment-thumbnail size-thumbnail\" alt=\"\" loading=\"lazy\" srcset=\"https:\/\/cuernavaca.gob.mx\/wp-content\/uploads\/2026\/01\/SEPRAC-Y-BOMBEROS-DE-CUERNAVACA-REFUERZAN-LA-PREVENCIO\u0301N-Y-ATENCIO\u0301N-DE-INCENDIOS-EN-LA-CIUDAD-4-150x150.jpg 150w, https:\/\/cuernavaca.gob.mx\/wp-content\/uploads\/2026\/01\/SEPRAC-Y-BOMBEROS-DE-CUERNAVACA-REFUERZAN-LA-PREVENCIO\u0301N-Y-ATENCIO\u0301N-DE-INCENDIOS-EN-LA-CIUDAD-4-300x300.jpg 300w, https:\/\/cuernavaca.gob.mx\/wp-content\/uploads\/2026\/01\/SEPRAC-Y-BOMBEROS-DE-CUERNAVACA-REFUERZAN-LA-PREVENCIO\u0301N-Y-ATENCIO\u0301N-DE-INCENDIOS-EN-LA-CIUDAD-4-1024x1024.jpg 1024w, https:\/\/cuernavaca.gob.mx\/wp-content\/uploads\/2026\/01\/SEPRAC-Y-BOMBEROS-DE-CUERNAVACA-REFUERZAN-LA-PREVENCIO\u0301N-Y-ATENCIO\u0301N-DE-INCENDIOS-EN-LA-CIUDAD-4-768x768.jpg 768w, https:\/\/cuernavaca.gob.mx\/wp-content\/uploads\/2026\/01\/SEPRAC-Y-BOMBEROS-DE-CUERNAVACA-REFUERZAN-LA-PREVENCIO\u0301N-Y-ATENCIO\u0301N-DE-INCENDIOS-EN-LA-CIUDAD-4-600x600.jpg 600w, https:\/\/cuernavaca.gob.mx\/wp-content\/uploads\/2026\/01\/SEPRAC-Y-BOMBEROS-DE-CUERNAVACA-REFUERZAN-LA-PREVENCIO\u0301N-Y-ATENCIO\u0301N-DE-INCENDIOS-EN-LA-CIUDAD-4-560x560.jpg 560w, https:\/\/cuernavaca.gob.mx\/wp-content\/uploads\/2026\/01\/SEPRAC-Y-BOMBEROS-DE-CUERNAVACA-REFUERZAN-LA-PREVENCIO\u0301N-Y-ATENCIO\u0301N-DE-INCENDIOS-EN-LA-CIUDAD-4.jpg 1080w\" sizes=\"(max-width: 150px) 100vw, 150px\" \/><\/a>\n\t\t\t<\/dt><\/dl>\n\t\t\t<br style='clear: both' \/>\n\t\t<\/div>\n\n","protected":false},"excerpt":{"rendered":"<p>* Durante el periodo del 5 al 11 de enero de 2026, se registraron 29 incendios: nueve en casas habitaci\u00f3n, tres en veh\u00edculos y 17 en terrenos bald\u00edos La Secretar\u00eda de Protecci\u00f3n y Auxilio Ciudadano (SEPRAC), a trav\u00e9s de la Direcci\u00f3n de Bomberos, Rescate y Urgencias M\u00e9dicas, atendi\u00f3 diversos incidentes relacionados con incendios del 5 [&hellip;]<\/p>\n","protected":false},"author":1,"featured_media":55781,"comment_status":"closed","ping_status":"open","sticky":false,"template":"","format":"standard","meta":[],"categories":[1],"tags":[],"aioseo_notices":[],"_links":{"self":[{"href":"https:\/\/cuernavaca.gob.mx\/index.php?rest_route=\/wp\/v2\/posts\/55780"}],"collection":[{"href":"https:\/\/cuernavaca.gob.mx\/index.php?rest_route=\/wp\/v2\/posts"}],"about":[{"href":"https:\/\/cuernavaca.gob.mx\/index.php?rest_route=\/wp\/v2\/types\/post"}],"author":[{"embeddable":true,"href":"https:\/\/cuernavaca.gob.mx\/index.php?rest_route=\/wp\/v2\/users\/1"}],"replies":[{"embeddable":true,"href":"https:\/\/cuernavaca.gob.mx\/index.php?rest_route=%2Fwp%2Fv2%2Fcomments&post=55780"}],"version-history":[{"count":1,"href":"https:\/\/cuernavaca.gob.mx\/index.php?rest_route=\/wp\/v2\/posts\/55780\/revisions"}],"predecessor-version":[{"id":55785,"href":"https:\/\/cuernavaca.gob.mx\/index.php?rest_route=\/wp\/v2\/posts\/55780\/revisions\/55785"}],"wp:featuredmedia":[{"embeddable":true,"href":"https:\/\/cuernavaca.gob.mx\/index.php?rest_route=\/wp\/v2\/media\/55781"}],"wp:attachment":[{"href":"https:\/\/cuernavaca.gob.mx\/index.php?rest_route=%2Fwp%2Fv2%2Fmedia&parent=55780"}],"wp:term":[{"taxonomy":"category","embeddable":true,"href":"https:\/\/cuernavaca.gob.mx\/index.php?rest_route=%2Fwp%2Fv2%2Fcategories&post=55780"},{"taxonomy":"post_tag","embeddable":true,"href":"https:\/\/cuernavaca.gob.mx\/index.php?rest_route=%2Fwp%2Fv2%2Ftags&post=55780"}],"curies":[{"name":"wp","href":"https:\/\/api.w.org\/{rel}","templated":true}]}}