{"id":55824,"date":"2026-01-19T10:07:28","date_gmt":"2026-01-19T16:07:28","guid":{"rendered":"https:\/\/cuernavaca.gob.mx\/?p=55824"},"modified":"2026-01-19T10:07:28","modified_gmt":"2026-01-19T16:07:28","slug":"b878-19-01-26-asume-jorge-cazares-clement-la-direccion-general-del-instituto-de-cultura-de-cuernavaca","status":"publish","type":"post","link":"https:\/\/cuernavaca.gob.mx\/?p=55824","title":{"rendered":"B878 19\/01\/26 ASUME JORGE C\u00c1ZARES CLEMENT LA DIRECCI\u00d3N GENERAL DEL INSTITUTO DE CULTURA DE CUERNAVACA"},"content":{"rendered":"<p><strong>\u2022 El nuevo titular del Instituto de Cultura Municipal deline\u00f3 una ruta de trabajo basada en cinco ejes estrat\u00e9gicos para fortalecer una pol\u00edtica cultural incluyente, con identidad comunitaria y coordinaci\u00f3n interinstitucional<\/strong><\/p>\n<p>El Ayuntamiento de Cuernavaca, a trav\u00e9s de la Secretar\u00eda de Desarrollo Humano y Participaci\u00f3n Social (SDHyPS), encabezada por Sandra Pinz\u00f3n S\u00e1nchez, present\u00f3 este lunes de manera oficial al nuevo director general del Instituto de Cultura de Cuernavaca, Jorge C\u00e1zares Clement, quien asumi\u00f3 el cargo con el compromiso de fortalecer la pol\u00edtica cultural del municipio.<\/p>\n<p>Durante la presentaci\u00f3n, C\u00e1zares Clement agradeci\u00f3 la confianza del alcalde Jos\u00e9 Luis Uri\u00f3stegui Salgado por este nombramiento y dio a conocer su plan de trabajo inicial, estructurado en cinco ejes estrat\u00e9gicos, orientados a consolidar una gesti\u00f3n cultural incluyente, participativa y cercana a la comunidad.<\/p>\n<p>La estrategia de trabajo estar\u00e1 basada en: la realizaci\u00f3n de un diagn\u00f3stico institucional; la continuidad de convenios y actividades culturales ya establecidas; la vinculaci\u00f3n con promotores culturales, instituciones educativas, museos y organismos culturales; el trabajo coordinado y horizontal con dependencias municipales; y el replanteamiento de los objetivos del Instituto, con una visi\u00f3n que concibe a la cultura como identidad, orgullo, conocimiento y respeto.<\/p>\n<p>Jorge C\u00e1zares Clement es dise\u00f1ador industrial por la Universidad Iberoamericana, con una trayectoria consolidada en la producci\u00f3n gr\u00e1fica, el dise\u00f1o y la fotograf\u00eda. Ha colaborado estrechamente con diversas instituciones culturales y form\u00f3 parte del equipo fundador del Museo Franz Mayer, en la Ciudad de M\u00e9xico.<\/p>\n<p>Tras el fallecimiento de su padre Jorge C\u00e1zares Campos en enero de 2020, asumi\u00f3 el compromiso de rescatar, preservar y difundir su acervo documental, al tiempo que contin\u00faa su legado como promotor cultural, con una visi\u00f3n enfocada en el fortalecimiento del tejido cultural y comunitario.<\/p>\n<p>Con esta designaci\u00f3n, el Gobierno Municipal de Cuernavaca refrenda su compromiso con el acceso a la cultura como un derecho fundamental, as\u00ed como con el impulso de pol\u00edticas p\u00fablicas que fortalezcan la identidad y la participaci\u00f3n ciudadana.<\/p>\n\n\t\t<style type=\"text\/css\">\n\t\t\t#gallery-1 {\n\t\t\t\tmargin: auto;\n\t\t\t}\n\t\t\t#gallery-1 .gallery-item {\n\t\t\t\tfloat: left;\n\t\t\t\tmargin-top: 10px;\n\t\t\t\ttext-align: center;\n\t\t\t\twidth: 33%;\n\t\t\t}\n\t\t\t#gallery-1 img {\n\t\t\t\tborder: 2px solid #cfcfcf;\n\t\t\t}\n\t\t\t#gallery-1 .gallery-caption {\n\t\t\t\tmargin-left: 0;\n\t\t\t}\n\t\t\t\/* see gallery_shortcode() in wp-includes\/media.php *\/\n\t\t<\/style>\n\t\t<div id='gallery-1' class='gallery galleryid-55824 gallery-columns-3 gallery-size-thumbnail'><dl class='gallery-item'>\n\t\t\t<dt class='gallery-icon landscape'>\n\t\t\t\t<a href='https:\/\/cuernavaca.gob.mx\/?attachment_id=55825'><img width=\"150\" height=\"150\" src=\"https:\/\/cuernavaca.gob.mx\/wp-content\/uploads\/2026\/01\/ASUME-JORGE-CA\u0301ZARES-CLEMENT-LA-DIRECCIO\u0301N-GENERAL-DEL-INSTITUTO-DE-CULTURA-DE-CUERNAVACA-1-150x150.jpg\" class=\"attachment-thumbnail size-thumbnail\" alt=\"\" loading=\"lazy\" \/><\/a>\n\t\t\t<\/dt><\/dl><dl class='gallery-item'>\n\t\t\t<dt class='gallery-icon landscape'>\n\t\t\t\t<a href='https:\/\/cuernavaca.gob.mx\/?attachment_id=55826'><img width=\"150\" height=\"150\" src=\"https:\/\/cuernavaca.gob.mx\/wp-content\/uploads\/2026\/01\/ASUME-JORGE-CA\u0301ZARES-CLEMENT-LA-DIRECCIO\u0301N-GENERAL-DEL-INSTITUTO-DE-CULTURA-DE-CUERNAVACA-2-150x150.jpg\" class=\"attachment-thumbnail size-thumbnail\" alt=\"\" loading=\"lazy\" \/><\/a>\n\t\t\t<\/dt><\/dl>\n\t\t\t<br style='clear: both' \/>\n\t\t<\/div>\n\n","protected":false},"excerpt":{"rendered":"<p>\u2022 El nuevo titular del Instituto de Cultura Municipal deline\u00f3 una ruta de trabajo basada en cinco ejes estrat\u00e9gicos para fortalecer una pol\u00edtica cultural incluyente, con identidad comunitaria y coordinaci\u00f3n interinstitucional El Ayuntamiento de Cuernavaca, a trav\u00e9s de la Secretar\u00eda de Desarrollo Humano y Participaci\u00f3n Social (SDHyPS), encabezada por Sandra Pinz\u00f3n S\u00e1nchez, present\u00f3 este lunes [&hellip;]<\/p>\n","protected":false},"author":1,"featured_media":55826,"comment_status":"closed","ping_status":"open","sticky":false,"template":"","format":"standard","meta":[],"categories":[1],"tags":[],"aioseo_notices":[],"_links":{"self":[{"href":"https:\/\/cuernavaca.gob.mx\/index.php?rest_route=\/wp\/v2\/posts\/55824"}],"collection":[{"href":"https:\/\/cuernavaca.gob.mx\/index.php?rest_route=\/wp\/v2\/posts"}],"about":[{"href":"https:\/\/cuernavaca.gob.mx\/index.php?rest_route=\/wp\/v2\/types\/post"}],"author":[{"embeddable":true,"href":"https:\/\/cuernavaca.gob.mx\/index.php?rest_route=\/wp\/v2\/users\/1"}],"replies":[{"embeddable":true,"href":"https:\/\/cuernavaca.gob.mx\/index.php?rest_route=%2Fwp%2Fv2%2Fcomments&post=55824"}],"version-history":[{"count":1,"href":"https:\/\/cuernavaca.gob.mx\/index.php?rest_route=\/wp\/v2\/posts\/55824\/revisions"}],"predecessor-version":[{"id":55827,"href":"https:\/\/cuernavaca.gob.mx\/index.php?rest_route=\/wp\/v2\/posts\/55824\/revisions\/55827"}],"wp:featuredmedia":[{"embeddable":true,"href":"https:\/\/cuernavaca.gob.mx\/index.php?rest_route=\/wp\/v2\/media\/55826"}],"wp:attachment":[{"href":"https:\/\/cuernavaca.gob.mx\/index.php?rest_route=%2Fwp%2Fv2%2Fmedia&parent=55824"}],"wp:term":[{"taxonomy":"category","embeddable":true,"href":"https:\/\/cuernavaca.gob.mx\/index.php?rest_route=%2Fwp%2Fv2%2Fcategories&post=55824"},{"taxonomy":"post_tag","embeddable":true,"href":"https:\/\/cuernavaca.gob.mx\/index.php?rest_route=%2Fwp%2Fv2%2Ftags&post=55824"}],"curies":[{"name":"wp","href":"https:\/\/api.w.org\/{rel}","templated":true}]}}