{"id":55829,"date":"2026-01-20T11:00:55","date_gmt":"2026-01-20T17:00:55","guid":{"rendered":"https:\/\/cuernavaca.gob.mx\/?p=55829"},"modified":"2026-01-20T11:00:55","modified_gmt":"2026-01-20T17:00:55","slug":"b881-20-01-26-cuernavaca-abre-sus-espacios-publicos-a-la-cultura-con-eventos-gratuitos-todo-el-ano","status":"publish","type":"post","link":"https:\/\/cuernavaca.gob.mx\/?p=55829","title":{"rendered":"B881 20\/01\/26 CUERNAVACA ABRE SUS ESPACIOS P\u00daBLICOS A LA CULTURA CON EVENTOS GRATUITOS TODO EL A\u00d1O"},"content":{"rendered":"<p>* El alcalde Jos\u00e9 Luis Uri\u00f3stegui Salgado invita a la ciudadan\u00eda y visitantes a disfrutar &#8220;Tardes de Cultura en Cuernavaca&#8221;, eventos gratuitos en la Explanada del Palacio de Cort\u00e9s<\/p>\n<p>* El \u00faltimo domingo de cada mes, a partir de las 17:00 horas, se ofrecer\u00e1n conciertos con talento local y nacional de alto prestigio<\/p>\n<p>El presidente municipal de Cuernavaca, Jos\u00e9 Luis Uri\u00f3stegui Salgado, anunci\u00f3 este martes en rueda de prensa la consolidaci\u00f3n de una agenda cultural permanente, gratuita y abierta a toda la ciudadan\u00eda, as\u00ed como la reactivaci\u00f3n de espacios p\u00fablicos emblem\u00e1ticos, a trav\u00e9s del evento &#8220;Tardes de Cultura en Cuernavaca&#8221;.<\/p>\n<p>El alcalde destac\u00f3 que esta acci\u00f3n surge a partir de la alta asistencia y la respuesta positiva de las familias al Concierto Navide\u00f1o 2025, presentado por la Orquesta Sinf\u00f3nica y los Coros de la Secretar\u00eda de Marina, lo que motiv\u00f3 al Ayuntamiento a institucionalizar este tipo de eventos culturales como una pol\u00edtica p\u00fablica permanente, garantizando al menos una actividad cultural mensual durante todo el a\u00f1o.<\/p>\n<p>En este marco, Uri\u00f3stegui Salgado inform\u00f3 que el evento &#8220;Tardes de Cultura en Cuernavaca&#8221; ofrecer\u00e1 conciertos de piano, cuartetos de cuerdas, \u00f3pera, mariachi y presentaciones de orquestas sinf\u00f3nicas de alto prestigio, tanto locales como nacionales, el \u00faltimo domingo de cada mes, a partir de las 17:00 horas, en la Explanada del Palacio de Cort\u00e9s, con entrada completamente gratuita.<\/p>\n<p>&#8220;Cuernavaca tiene que recuperar su faceta de ciudad cultural, art\u00edstica y que vean que no nada m\u00e1s hacemos obra p\u00fablica, tambi\u00e9n nos interesa el bienestar de la poblaci\u00f3n\u201d, subray\u00f3.<\/p>\n<p>Uri\u00f3stegui Salgado enfatiz\u00f3 que esta actividad prioriza el uso activo y positivo de los espacios p\u00fablicos, fomenta la convivencia familiar, fortalece el tejido social y contribuye a la construcci\u00f3n de la paz, adem\u00e1s de impulsar la reactivaci\u00f3n econ\u00f3mica y tur\u00edstica de la capital morelense.<\/p>\n<p>Para conocer la cartelera oficial y fechas espec\u00edficas, las personas interesadas pueden consultar las redes sociales oficiales del Municipio de Cuernavaca.<\/p>\n<p>&nbsp;<\/p>\n\n\t\t<style type=\"text\/css\">\n\t\t\t#gallery-1 {\n\t\t\t\tmargin: auto;\n\t\t\t}\n\t\t\t#gallery-1 .gallery-item {\n\t\t\t\tfloat: left;\n\t\t\t\tmargin-top: 10px;\n\t\t\t\ttext-align: center;\n\t\t\t\twidth: 33%;\n\t\t\t}\n\t\t\t#gallery-1 img {\n\t\t\t\tborder: 2px solid #cfcfcf;\n\t\t\t}\n\t\t\t#gallery-1 .gallery-caption {\n\t\t\t\tmargin-left: 0;\n\t\t\t}\n\t\t\t\/* see gallery_shortcode() in wp-includes\/media.php *\/\n\t\t<\/style>\n\t\t<div id='gallery-1' class='gallery galleryid-55829 gallery-columns-3 gallery-size-medium'><dl class='gallery-item'>\n\t\t\t<dt class='gallery-icon landscape'>\n\t\t\t\t<a href='https:\/\/cuernavaca.gob.mx\/?attachment_id=55830'><img width=\"300\" height=\"200\" src=\"https:\/\/cuernavaca.gob.mx\/wp-content\/uploads\/2026\/01\/WhatsApp-Image-2026-01-20-at-10.55.00-AM-1-300x200.jpeg\" class=\"attachment-medium size-medium\" alt=\"\" loading=\"lazy\" srcset=\"https:\/\/cuernavaca.gob.mx\/wp-content\/uploads\/2026\/01\/WhatsApp-Image-2026-01-20-at-10.55.00-AM-1-300x200.jpeg 300w, https:\/\/cuernavaca.gob.mx\/wp-content\/uploads\/2026\/01\/WhatsApp-Image-2026-01-20-at-10.55.00-AM-1-1024x683.jpeg 1024w, https:\/\/cuernavaca.gob.mx\/wp-content\/uploads\/2026\/01\/WhatsApp-Image-2026-01-20-at-10.55.00-AM-1-768x512.jpeg 768w, https:\/\/cuernavaca.gob.mx\/wp-content\/uploads\/2026\/01\/WhatsApp-Image-2026-01-20-at-10.55.00-AM-1-1536x1024.jpeg 1536w, https:\/\/cuernavaca.gob.mx\/wp-content\/uploads\/2026\/01\/WhatsApp-Image-2026-01-20-at-10.55.00-AM-1-600x400.jpeg 600w, https:\/\/cuernavaca.gob.mx\/wp-content\/uploads\/2026\/01\/WhatsApp-Image-2026-01-20-at-10.55.00-AM-1-560x373.jpeg 560w, https:\/\/cuernavaca.gob.mx\/wp-content\/uploads\/2026\/01\/WhatsApp-Image-2026-01-20-at-10.55.00-AM-1.jpeg 1599w\" sizes=\"(max-width: 300px) 100vw, 300px\" \/><\/a>\n\t\t\t<\/dt><\/dl><dl class='gallery-item'>\n\t\t\t<dt class='gallery-icon portrait'>\n\t\t\t\t<a href='https:\/\/cuernavaca.gob.mx\/?attachment_id=55831'><img width=\"198\" height=\"300\" src=\"https:\/\/cuernavaca.gob.mx\/wp-content\/uploads\/2026\/01\/WhatsApp-Image-2026-01-20-at-10.55.00-AM-2-198x300.jpeg\" class=\"attachment-medium size-medium\" alt=\"\" loading=\"lazy\" srcset=\"https:\/\/cuernavaca.gob.mx\/wp-content\/uploads\/2026\/01\/WhatsApp-Image-2026-01-20-at-10.55.00-AM-2-198x300.jpeg 198w, https:\/\/cuernavaca.gob.mx\/wp-content\/uploads\/2026\/01\/WhatsApp-Image-2026-01-20-at-10.55.00-AM-2-675x1024.jpeg 675w, https:\/\/cuernavaca.gob.mx\/wp-content\/uploads\/2026\/01\/WhatsApp-Image-2026-01-20-at-10.55.00-AM-2-768x1166.jpeg 768w, https:\/\/cuernavaca.gob.mx\/wp-content\/uploads\/2026\/01\/WhatsApp-Image-2026-01-20-at-10.55.00-AM-2-1012x1536.jpeg 1012w, https:\/\/cuernavaca.gob.mx\/wp-content\/uploads\/2026\/01\/WhatsApp-Image-2026-01-20-at-10.55.00-AM-2-395x600.jpeg 395w, https:\/\/cuernavaca.gob.mx\/wp-content\/uploads\/2026\/01\/WhatsApp-Image-2026-01-20-at-10.55.00-AM-2-369x560.jpeg 369w, https:\/\/cuernavaca.gob.mx\/wp-content\/uploads\/2026\/01\/WhatsApp-Image-2026-01-20-at-10.55.00-AM-2.jpeg 1054w\" sizes=\"(max-width: 198px) 100vw, 198px\" \/><\/a>\n\t\t\t<\/dt><\/dl><dl class='gallery-item'>\n\t\t\t<dt class='gallery-icon landscape'>\n\t\t\t\t<a href='https:\/\/cuernavaca.gob.mx\/?attachment_id=55832'><img width=\"300\" height=\"200\" src=\"https:\/\/cuernavaca.gob.mx\/wp-content\/uploads\/2026\/01\/WhatsApp-Image-2026-01-20-at-10.55.00-AM-300x200.jpeg\" class=\"attachment-medium size-medium\" alt=\"\" loading=\"lazy\" srcset=\"https:\/\/cuernavaca.gob.mx\/wp-content\/uploads\/2026\/01\/WhatsApp-Image-2026-01-20-at-10.55.00-AM-300x200.jpeg 300w, https:\/\/cuernavaca.gob.mx\/wp-content\/uploads\/2026\/01\/WhatsApp-Image-2026-01-20-at-10.55.00-AM-1024x683.jpeg 1024w, https:\/\/cuernavaca.gob.mx\/wp-content\/uploads\/2026\/01\/WhatsApp-Image-2026-01-20-at-10.55.00-AM-768x512.jpeg 768w, https:\/\/cuernavaca.gob.mx\/wp-content\/uploads\/2026\/01\/WhatsApp-Image-2026-01-20-at-10.55.00-AM-1536x1024.jpeg 1536w, https:\/\/cuernavaca.gob.mx\/wp-content\/uploads\/2026\/01\/WhatsApp-Image-2026-01-20-at-10.55.00-AM-600x400.jpeg 600w, https:\/\/cuernavaca.gob.mx\/wp-content\/uploads\/2026\/01\/WhatsApp-Image-2026-01-20-at-10.55.00-AM-560x373.jpeg 560w, https:\/\/cuernavaca.gob.mx\/wp-content\/uploads\/2026\/01\/WhatsApp-Image-2026-01-20-at-10.55.00-AM.jpeg 1599w\" sizes=\"(max-width: 300px) 100vw, 300px\" \/><\/a>\n\t\t\t<\/dt><\/dl><br style=\"clear: both\" \/>\n\t\t<\/div>\n\n","protected":false},"excerpt":{"rendered":"<p>* El alcalde Jos\u00e9 Luis Uri\u00f3stegui Salgado invita a la ciudadan\u00eda y visitantes a disfrutar &#8220;Tardes de Cultura en Cuernavaca&#8221;, eventos gratuitos en la Explanada del Palacio de Cort\u00e9s * El \u00faltimo domingo de cada mes, a partir de las 17:00 horas, se ofrecer\u00e1n conciertos con talento local y nacional de alto prestigio El presidente [&hellip;]<\/p>\n","protected":false},"author":1,"featured_media":55832,"comment_status":"closed","ping_status":"open","sticky":false,"template":"","format":"standard","meta":[],"categories":[2292],"tags":[],"aioseo_notices":[],"_links":{"self":[{"href":"https:\/\/cuernavaca.gob.mx\/index.php?rest_route=\/wp\/v2\/posts\/55829"}],"collection":[{"href":"https:\/\/cuernavaca.gob.mx\/index.php?rest_route=\/wp\/v2\/posts"}],"about":[{"href":"https:\/\/cuernavaca.gob.mx\/index.php?rest_route=\/wp\/v2\/types\/post"}],"author":[{"embeddable":true,"href":"https:\/\/cuernavaca.gob.mx\/index.php?rest_route=\/wp\/v2\/users\/1"}],"replies":[{"embeddable":true,"href":"https:\/\/cuernavaca.gob.mx\/index.php?rest_route=%2Fwp%2Fv2%2Fcomments&post=55829"}],"version-history":[{"count":1,"href":"https:\/\/cuernavaca.gob.mx\/index.php?rest_route=\/wp\/v2\/posts\/55829\/revisions"}],"predecessor-version":[{"id":55833,"href":"https:\/\/cuernavaca.gob.mx\/index.php?rest_route=\/wp\/v2\/posts\/55829\/revisions\/55833"}],"wp:featuredmedia":[{"embeddable":true,"href":"https:\/\/cuernavaca.gob.mx\/index.php?rest_route=\/wp\/v2\/media\/55832"}],"wp:attachment":[{"href":"https:\/\/cuernavaca.gob.mx\/index.php?rest_route=%2Fwp%2Fv2%2Fmedia&parent=55829"}],"wp:term":[{"taxonomy":"category","embeddable":true,"href":"https:\/\/cuernavaca.gob.mx\/index.php?rest_route=%2Fwp%2Fv2%2Fcategories&post=55829"},{"taxonomy":"post_tag","embeddable":true,"href":"https:\/\/cuernavaca.gob.mx\/index.php?rest_route=%2Fwp%2Fv2%2Ftags&post=55829"}],"curies":[{"name":"wp","href":"https:\/\/api.w.org\/{rel}","templated":true}]}}