{"id":55840,"date":"2026-01-20T08:00:20","date_gmt":"2026-01-20T14:00:20","guid":{"rendered":"https:\/\/cuernavaca.gob.mx\/?p=55840"},"modified":"2026-01-21T09:40:39","modified_gmt":"2026-01-21T15:40:39","slug":"b879-20-01-26-jose-luis-uriostegui-respalda-trabajos-tecnicos-para-consolidar-la-declaratoria-de-zona-de-monumentos-en-cuernavaca","status":"publish","type":"post","link":"https:\/\/cuernavaca.gob.mx\/?p=55840","title":{"rendered":"B879 20\/01\/26 JOS\u00c9 LUIS URI\u00d3STEGUI RESPALDA TRABAJOS T\u00c9CNICOS PARA CONSOLIDAR LA DECLARATORIA DE ZONA DE MONUMENTOS EN CUERNAVACA"},"content":{"rendered":"<p><strong>\u2022 El Ayuntamiento capitalino concluy\u00f3 la etapa de levantamientos arquitect\u00f3nicos en inmuebles hist\u00f3ricos para avanzar en la obtenci\u00f3n de dicha declaratoria<\/strong><\/p>\n<p>El Ayuntamiento de Cuernavaca, encabezado por el alcalde Jos\u00e9 Luis Uri\u00f3stegui Salgado, mantiene el seguimiento a los trabajos para obtener la Declaratoria de Zona de Monumentos Hist\u00f3ricos, mediante la actualizaci\u00f3n del censo de inmuebles del Centro Hist\u00f3rico, un paso clave para garantizar la protecci\u00f3n legal del patrimonio arquitect\u00f3nico de la ciudad.<\/p>\n<p>Durante una reuni\u00f3n de trabajo, el presidente municipal y el secretario de Desarrollo Urbano y Obras P\u00fablicas, Demetrio Chavira de la Torre, dialogaron con j\u00f3venes arquitectos prestadores de servicios encargados de los levantamientos arquitect\u00f3nicos, trabajo que se realiza en coordinaci\u00f3n con el Instituto Nacional de Antropolog\u00eda e Historia (INAH), la Universidad Aut\u00f3noma del Estado de Morelos (UAEM) y el Gobierno Municipal. Este esfuerzo conjunto permiti\u00f3 retomar en 2022 un proyecto iniciado en 2014, que por diversas razones qued\u00f3 inconcluso.<\/p>\n<p>Los levantamientos se llevan a cabo en inmuebles catalogados con valor hist\u00f3rico, cuyas caracter\u00edsticas abarcan desde el Siglo XVI hasta principios del Siglo XX.<\/p>\n<p>Jos\u00e9 Luis Uri\u00f3stegui Salgado reconoci\u00f3 la labor especializada de los equipos t\u00e9cnicos y reiter\u00f3 su respaldo para consolidar este proyecto que posicionar\u00e1 a Cuernavaca como el segundo municipio del estado en contar con una declaratoria de Zona de Monumentos, otorgada por la Presidencia de la Rep\u00fablica, fortaleciendo la conservaci\u00f3n del patrimonio cultural edificado.<\/p>\n<p>&nbsp;<\/p>\n\n\t\t<style type=\"text\/css\">\n\t\t\t#gallery-1 {\n\t\t\t\tmargin: auto;\n\t\t\t}\n\t\t\t#gallery-1 .gallery-item {\n\t\t\t\tfloat: left;\n\t\t\t\tmargin-top: 10px;\n\t\t\t\ttext-align: center;\n\t\t\t\twidth: 33%;\n\t\t\t}\n\t\t\t#gallery-1 img {\n\t\t\t\tborder: 2px solid #cfcfcf;\n\t\t\t}\n\t\t\t#gallery-1 .gallery-caption {\n\t\t\t\tmargin-left: 0;\n\t\t\t}\n\t\t\t\/* see gallery_shortcode() in wp-includes\/media.php *\/\n\t\t<\/style>\n\t\t<div id='gallery-1' class='gallery galleryid-55840 gallery-columns-3 gallery-size-thumbnail'><dl class='gallery-item'>\n\t\t\t<dt class='gallery-icon landscape'>\n\t\t\t\t<a href='https:\/\/cuernavaca.gob.mx\/?attachment_id=55841'><img width=\"150\" height=\"150\" src=\"https:\/\/cuernavaca.gob.mx\/wp-content\/uploads\/2026\/01\/JOSE\u0301-LUIS-URIO\u0301STEGUI-RESPALDA-TRABAJOS-TE\u0301CNICOS-PARA-CONSOLIDAR-LA-DECLARATORIA-DE-ZONA-DE-MONUMENTOS-EN-CUERNAVACA-1-150x150.jpg\" class=\"attachment-thumbnail size-thumbnail\" alt=\"\" loading=\"lazy\" \/><\/a>\n\t\t\t<\/dt><\/dl><dl class='gallery-item'>\n\t\t\t<dt class='gallery-icon landscape'>\n\t\t\t\t<a href='https:\/\/cuernavaca.gob.mx\/?attachment_id=55842'><img width=\"150\" height=\"150\" src=\"https:\/\/cuernavaca.gob.mx\/wp-content\/uploads\/2026\/01\/JOSE\u0301-LUIS-URIO\u0301STEGUI-RESPALDA-TRABAJOS-TE\u0301CNICOS-PARA-CONSOLIDAR-LA-DECLARATORIA-DE-ZONA-DE-MONUMENTOS-EN-CUERNAVACA-2-150x150.jpg\" class=\"attachment-thumbnail size-thumbnail\" alt=\"\" loading=\"lazy\" \/><\/a>\n\t\t\t<\/dt><\/dl><dl class='gallery-item'>\n\t\t\t<dt class='gallery-icon landscape'>\n\t\t\t\t<a href='https:\/\/cuernavaca.gob.mx\/?attachment_id=55843'><img width=\"150\" height=\"150\" src=\"https:\/\/cuernavaca.gob.mx\/wp-content\/uploads\/2026\/01\/JOSE\u0301-LUIS-URIO\u0301STEGUI-RESPALDA-TRABAJOS-TE\u0301CNICOS-PARA-CONSOLIDAR-LA-DECLARATORIA-DE-ZONA-DE-MONUMENTOS-EN-CUERNAVACA-3-150x150.jpg\" class=\"attachment-thumbnail size-thumbnail\" alt=\"\" loading=\"lazy\" \/><\/a>\n\t\t\t<\/dt><\/dl><br style=\"clear: both\" \/><dl class='gallery-item'>\n\t\t\t<dt class='gallery-icon landscape'>\n\t\t\t\t<a href='https:\/\/cuernavaca.gob.mx\/?attachment_id=55844'><img width=\"150\" height=\"150\" src=\"https:\/\/cuernavaca.gob.mx\/wp-content\/uploads\/2026\/01\/JOSE\u0301-LUIS-URIO\u0301STEGUI-RESPALDA-TRABAJOS-TE\u0301CNICOS-PARA-CONSOLIDAR-LA-DECLARATORIA-DE-ZONA-DE-MONUMENTOS-EN-CUERNAVACA-4-150x150.jpg\" class=\"attachment-thumbnail size-thumbnail\" alt=\"\" loading=\"lazy\" \/><\/a>\n\t\t\t<\/dt><\/dl>\n\t\t\t<br style='clear: both' \/>\n\t\t<\/div>\n\n","protected":false},"excerpt":{"rendered":"<p>\u2022 El Ayuntamiento capitalino concluy\u00f3 la etapa de levantamientos arquitect\u00f3nicos en inmuebles hist\u00f3ricos para avanzar en la obtenci\u00f3n de dicha declaratoria El Ayuntamiento de Cuernavaca, encabezado por el alcalde Jos\u00e9 Luis Uri\u00f3stegui Salgado, mantiene el seguimiento a los trabajos para obtener la Declaratoria de Zona de Monumentos Hist\u00f3ricos, mediante la actualizaci\u00f3n del censo de inmuebles [&hellip;]<\/p>\n","protected":false},"author":1,"featured_media":55844,"comment_status":"closed","ping_status":"open","sticky":false,"template":"","format":"standard","meta":[],"categories":[1],"tags":[],"aioseo_notices":[],"_links":{"self":[{"href":"https:\/\/cuernavaca.gob.mx\/index.php?rest_route=\/wp\/v2\/posts\/55840"}],"collection":[{"href":"https:\/\/cuernavaca.gob.mx\/index.php?rest_route=\/wp\/v2\/posts"}],"about":[{"href":"https:\/\/cuernavaca.gob.mx\/index.php?rest_route=\/wp\/v2\/types\/post"}],"author":[{"embeddable":true,"href":"https:\/\/cuernavaca.gob.mx\/index.php?rest_route=\/wp\/v2\/users\/1"}],"replies":[{"embeddable":true,"href":"https:\/\/cuernavaca.gob.mx\/index.php?rest_route=%2Fwp%2Fv2%2Fcomments&post=55840"}],"version-history":[{"count":2,"href":"https:\/\/cuernavaca.gob.mx\/index.php?rest_route=\/wp\/v2\/posts\/55840\/revisions"}],"predecessor-version":[{"id":55846,"href":"https:\/\/cuernavaca.gob.mx\/index.php?rest_route=\/wp\/v2\/posts\/55840\/revisions\/55846"}],"wp:featuredmedia":[{"embeddable":true,"href":"https:\/\/cuernavaca.gob.mx\/index.php?rest_route=\/wp\/v2\/media\/55844"}],"wp:attachment":[{"href":"https:\/\/cuernavaca.gob.mx\/index.php?rest_route=%2Fwp%2Fv2%2Fmedia&parent=55840"}],"wp:term":[{"taxonomy":"category","embeddable":true,"href":"https:\/\/cuernavaca.gob.mx\/index.php?rest_route=%2Fwp%2Fv2%2Fcategories&post=55840"},{"taxonomy":"post_tag","embeddable":true,"href":"https:\/\/cuernavaca.gob.mx\/index.php?rest_route=%2Fwp%2Fv2%2Ftags&post=55840"}],"curies":[{"name":"wp","href":"https:\/\/api.w.org\/{rel}","templated":true}]}}