{"id":55851,"date":"2026-01-20T09:51:53","date_gmt":"2026-01-20T15:51:53","guid":{"rendered":"https:\/\/cuernavaca.gob.mx\/?p=55851"},"modified":"2026-01-21T09:54:59","modified_gmt":"2026-01-21T15:54:59","slug":"b880-20-01-26-ayuntamiento-de-cuernavaca-y-el-servicio-de-proteccion-federal-convocan-a-jornada-de-reclutamiento","status":"publish","type":"post","link":"https:\/\/cuernavaca.gob.mx\/?p=55851","title":{"rendered":"B880 20\/01\/26 AYUNTAMIENTO DE CUERNAVACA Y EL SERVICIO DE PROTECCI\u00d3N FEDERAL CONVOCAN A JORNADA DE RECLUTAMIENTO"},"content":{"rendered":"<p><strong>\u2022 La convocatoria est\u00e1 dirigida a personas de 18 a 65 a\u00f1os de edad interesadas en contribuir a la seguridad y protecci\u00f3n de las instituciones del pa\u00eds<\/strong><\/p>\n<p>El Ayuntamiento de Cuernavaca, en coordinaci\u00f3n con el Servicio de Protecci\u00f3n Federal (SPF), invita a mujeres y hombres con vocaci\u00f3n de servicio a formar parte de sus filas a trav\u00e9s de la jornada de reclutamiento permanente para el perfil de Guardia.<\/p>\n<p>La convocatoria est\u00e1 dirigida a personas de 18 a 65 a\u00f1os de edad interesadas en integrarse al Servicio de Protecci\u00f3n Federal y contribuir a la seguridad y protecci\u00f3n de las instituciones del pa\u00eds. La jornada se llevar\u00e1 a cabo el jueves 22 de enero, en un horario de 9:00 a 15:00 horas, en la explanada del Ayuntamiento de Cuernavaca, sede Papagayo.<\/p>\n<p>Como requisito indispensable, las y los aspirantes deber\u00e1n realizar un pre-registro previo en la p\u00e1gina oficial del Servicio de Protecci\u00f3n Federal: https:\/\/spf.gob.mx\/convocatoria\/index.php\/convocatoria\/guardia en dicho sitio podr\u00e1n consultar los requisitos completos y el proceso de ingreso.<\/p>\n<p>Las personas interesadas deber\u00e1n presentar la siguiente documentaci\u00f3n:<\/p>\n<p>\u2022 Acta de nacimiento<br \/>\n\u2022 Comprobante del \u00faltimo grado de estudios (m\u00ednimo secundaria)<br \/>\n\u2022 Comprobante de domicilio actual<br \/>\n\u2022 Cartilla del Servicio Militar Nacional liberada (cartilla y hoja de liberaci\u00f3n en la misma fotocopia), en el caso de los hombres<br \/>\n\u2022 Credencial para votar vigente expedida por el INE<br \/>\n\u2022 Curr\u00edculum vitae con fotograf\u00eda reciente<br \/>\n\u2022 Registro Federal de Contribuyentes (RFC)<br \/>\n\u2022 Clave \u00danica de Registro de Poblaci\u00f3n (CURP)<br \/>\n\u2022 Referencias: dos personales, dos vecinales y dos laborales (no se aceptan cartas de recomendaci\u00f3n)<br \/>\n\u2022 Una fotograf\u00eda tama\u00f1o infantil reciente<\/p>\n<p>Cabe se\u00f1alar que esta convocatoria est\u00e1 dirigida exclusivamente a guardias de nuevo ingreso.<\/p>\n<p>Para mayor informaci\u00f3n comunicarse al tel\u00e9fono: 800 00 77377, directo: 55 54846733, conmutador: 55 54846700, extensiones: 68482, 68483, 68486 y 68515.<\/p>\n\n\t\t<style type=\"text\/css\">\n\t\t\t#gallery-1 {\n\t\t\t\tmargin: auto;\n\t\t\t}\n\t\t\t#gallery-1 .gallery-item {\n\t\t\t\tfloat: left;\n\t\t\t\tmargin-top: 10px;\n\t\t\t\ttext-align: center;\n\t\t\t\twidth: 33%;\n\t\t\t}\n\t\t\t#gallery-1 img {\n\t\t\t\tborder: 2px solid #cfcfcf;\n\t\t\t}\n\t\t\t#gallery-1 .gallery-caption {\n\t\t\t\tmargin-left: 0;\n\t\t\t}\n\t\t\t\/* see gallery_shortcode() in wp-includes\/media.php *\/\n\t\t<\/style>\n\t\t<div id='gallery-1' class='gallery galleryid-55851 gallery-columns-3 gallery-size-thumbnail'><dl class='gallery-item'>\n\t\t\t<dt class='gallery-icon landscape'>\n\t\t\t\t<a href='https:\/\/cuernavaca.gob.mx\/?attachment_id=55852'><img width=\"150\" height=\"150\" src=\"https:\/\/cuernavaca.gob.mx\/wp-content\/uploads\/2026\/01\/AYUNTAMIENTO-DE-CUERNAVACA-Y-EL-SERVICIO-DE-PROTECCIO\u0301N-FEDERAL-CONVOCAN-A-JORNADA-DE-RECLUTAMIENTO-1-150x150.jpg\" class=\"attachment-thumbnail size-thumbnail\" alt=\"\" loading=\"lazy\" srcset=\"https:\/\/cuernavaca.gob.mx\/wp-content\/uploads\/2026\/01\/AYUNTAMIENTO-DE-CUERNAVACA-Y-EL-SERVICIO-DE-PROTECCIO\u0301N-FEDERAL-CONVOCAN-A-JORNADA-DE-RECLUTAMIENTO-1-150x150.jpg 150w, https:\/\/cuernavaca.gob.mx\/wp-content\/uploads\/2026\/01\/AYUNTAMIENTO-DE-CUERNAVACA-Y-EL-SERVICIO-DE-PROTECCIO\u0301N-FEDERAL-CONVOCAN-A-JORNADA-DE-RECLUTAMIENTO-1-300x300.jpg 300w, https:\/\/cuernavaca.gob.mx\/wp-content\/uploads\/2026\/01\/AYUNTAMIENTO-DE-CUERNAVACA-Y-EL-SERVICIO-DE-PROTECCIO\u0301N-FEDERAL-CONVOCAN-A-JORNADA-DE-RECLUTAMIENTO-1-1024x1024.jpg 1024w, https:\/\/cuernavaca.gob.mx\/wp-content\/uploads\/2026\/01\/AYUNTAMIENTO-DE-CUERNAVACA-Y-EL-SERVICIO-DE-PROTECCIO\u0301N-FEDERAL-CONVOCAN-A-JORNADA-DE-RECLUTAMIENTO-1-768x768.jpg 768w, https:\/\/cuernavaca.gob.mx\/wp-content\/uploads\/2026\/01\/AYUNTAMIENTO-DE-CUERNAVACA-Y-EL-SERVICIO-DE-PROTECCIO\u0301N-FEDERAL-CONVOCAN-A-JORNADA-DE-RECLUTAMIENTO-1-600x600.jpg 600w, https:\/\/cuernavaca.gob.mx\/wp-content\/uploads\/2026\/01\/AYUNTAMIENTO-DE-CUERNAVACA-Y-EL-SERVICIO-DE-PROTECCIO\u0301N-FEDERAL-CONVOCAN-A-JORNADA-DE-RECLUTAMIENTO-1-560x560.jpg 560w, https:\/\/cuernavaca.gob.mx\/wp-content\/uploads\/2026\/01\/AYUNTAMIENTO-DE-CUERNAVACA-Y-EL-SERVICIO-DE-PROTECCIO\u0301N-FEDERAL-CONVOCAN-A-JORNADA-DE-RECLUTAMIENTO-1.jpg 1280w\" sizes=\"(max-width: 150px) 100vw, 150px\" \/><\/a>\n\t\t\t<\/dt><\/dl><dl class='gallery-item'>\n\t\t\t<dt class='gallery-icon landscape'>\n\t\t\t\t<a href='https:\/\/cuernavaca.gob.mx\/?attachment_id=55853'><img width=\"150\" height=\"150\" src=\"https:\/\/cuernavaca.gob.mx\/wp-content\/uploads\/2026\/01\/AYUNTAMIENTO-DE-CUERNAVACA-Y-EL-SERVICIO-DE-PROTECCIO\u0301N-FEDERAL-CONVOCAN-A-JORNADA-DE-RECLUTAMIENTO-2-150x150.jpg\" class=\"attachment-thumbnail size-thumbnail\" alt=\"\" loading=\"lazy\" srcset=\"https:\/\/cuernavaca.gob.mx\/wp-content\/uploads\/2026\/01\/AYUNTAMIENTO-DE-CUERNAVACA-Y-EL-SERVICIO-DE-PROTECCIO\u0301N-FEDERAL-CONVOCAN-A-JORNADA-DE-RECLUTAMIENTO-2-150x150.jpg 150w, https:\/\/cuernavaca.gob.mx\/wp-content\/uploads\/2026\/01\/AYUNTAMIENTO-DE-CUERNAVACA-Y-EL-SERVICIO-DE-PROTECCIO\u0301N-FEDERAL-CONVOCAN-A-JORNADA-DE-RECLUTAMIENTO-2-300x300.jpg 300w, https:\/\/cuernavaca.gob.mx\/wp-content\/uploads\/2026\/01\/AYUNTAMIENTO-DE-CUERNAVACA-Y-EL-SERVICIO-DE-PROTECCIO\u0301N-FEDERAL-CONVOCAN-A-JORNADA-DE-RECLUTAMIENTO-2-1024x1024.jpg 1024w, https:\/\/cuernavaca.gob.mx\/wp-content\/uploads\/2026\/01\/AYUNTAMIENTO-DE-CUERNAVACA-Y-EL-SERVICIO-DE-PROTECCIO\u0301N-FEDERAL-CONVOCAN-A-JORNADA-DE-RECLUTAMIENTO-2-768x768.jpg 768w, https:\/\/cuernavaca.gob.mx\/wp-content\/uploads\/2026\/01\/AYUNTAMIENTO-DE-CUERNAVACA-Y-EL-SERVICIO-DE-PROTECCIO\u0301N-FEDERAL-CONVOCAN-A-JORNADA-DE-RECLUTAMIENTO-2-600x600.jpg 600w, https:\/\/cuernavaca.gob.mx\/wp-content\/uploads\/2026\/01\/AYUNTAMIENTO-DE-CUERNAVACA-Y-EL-SERVICIO-DE-PROTECCIO\u0301N-FEDERAL-CONVOCAN-A-JORNADA-DE-RECLUTAMIENTO-2-560x560.jpg 560w, https:\/\/cuernavaca.gob.mx\/wp-content\/uploads\/2026\/01\/AYUNTAMIENTO-DE-CUERNAVACA-Y-EL-SERVICIO-DE-PROTECCIO\u0301N-FEDERAL-CONVOCAN-A-JORNADA-DE-RECLUTAMIENTO-2.jpg 1280w\" sizes=\"(max-width: 150px) 100vw, 150px\" \/><\/a>\n\t\t\t<\/dt><\/dl>\n\t\t\t<br style='clear: both' \/>\n\t\t<\/div>\n\n","protected":false},"excerpt":{"rendered":"<p>\u2022 La convocatoria est\u00e1 dirigida a personas de 18 a 65 a\u00f1os de edad interesadas en contribuir a la seguridad y protecci\u00f3n de las instituciones del pa\u00eds El Ayuntamiento de Cuernavaca, en coordinaci\u00f3n con el Servicio de Protecci\u00f3n Federal (SPF), invita a mujeres y hombres con vocaci\u00f3n de servicio a formar parte de sus filas [&hellip;]<\/p>\n","protected":false},"author":1,"featured_media":55852,"comment_status":"closed","ping_status":"open","sticky":false,"template":"","format":"standard","meta":[],"categories":[1],"tags":[],"aioseo_notices":[],"_links":{"self":[{"href":"https:\/\/cuernavaca.gob.mx\/index.php?rest_route=\/wp\/v2\/posts\/55851"}],"collection":[{"href":"https:\/\/cuernavaca.gob.mx\/index.php?rest_route=\/wp\/v2\/posts"}],"about":[{"href":"https:\/\/cuernavaca.gob.mx\/index.php?rest_route=\/wp\/v2\/types\/post"}],"author":[{"embeddable":true,"href":"https:\/\/cuernavaca.gob.mx\/index.php?rest_route=\/wp\/v2\/users\/1"}],"replies":[{"embeddable":true,"href":"https:\/\/cuernavaca.gob.mx\/index.php?rest_route=%2Fwp%2Fv2%2Fcomments&post=55851"}],"version-history":[{"count":1,"href":"https:\/\/cuernavaca.gob.mx\/index.php?rest_route=\/wp\/v2\/posts\/55851\/revisions"}],"predecessor-version":[{"id":55854,"href":"https:\/\/cuernavaca.gob.mx\/index.php?rest_route=\/wp\/v2\/posts\/55851\/revisions\/55854"}],"wp:featuredmedia":[{"embeddable":true,"href":"https:\/\/cuernavaca.gob.mx\/index.php?rest_route=\/wp\/v2\/media\/55852"}],"wp:attachment":[{"href":"https:\/\/cuernavaca.gob.mx\/index.php?rest_route=%2Fwp%2Fv2%2Fmedia&parent=55851"}],"wp:term":[{"taxonomy":"category","embeddable":true,"href":"https:\/\/cuernavaca.gob.mx\/index.php?rest_route=%2Fwp%2Fv2%2Fcategories&post=55851"},{"taxonomy":"post_tag","embeddable":true,"href":"https:\/\/cuernavaca.gob.mx\/index.php?rest_route=%2Fwp%2Fv2%2Ftags&post=55851"}],"curies":[{"name":"wp","href":"https:\/\/api.w.org\/{rel}","templated":true}]}}