{"id":55859,"date":"2026-01-21T09:59:38","date_gmt":"2026-01-21T15:59:38","guid":{"rendered":"https:\/\/cuernavaca.gob.mx\/?p=55859"},"modified":"2026-01-21T09:59:38","modified_gmt":"2026-01-21T15:59:38","slug":"b883-21-01-26-regresa-cuernavaca-en-tu-colonia-con-servicios-gratuitos-y-atencion-directa-a-las-familias","status":"publish","type":"post","link":"https:\/\/cuernavaca.gob.mx\/?p=55859","title":{"rendered":"B883 21\/01\/26 REGRESA \u201cCUERNAVACA EN TU COLONIA\u201d CON SERVICIOS GRATUITOS Y ATENCI\u00d3N DIRECTA A LAS FAMILIAS"},"content":{"rendered":"<p><strong>\u2022 Este pr\u00f3ximo jueves 29 de enero, se realizar\u00e1 la primera jornada del 2026 a un costado del mercado municipal &#8220;Dr. Lauro Ortega Mart\u00ednez&#8221; de la colonia Lagunilla en un horario de 9:00 a 14:00 horas<\/strong><\/p>\n<p>Con el objetivo de que ninguna familia quede sin atenci\u00f3n, el Sistema Municipal DIF Cuernavaca retomar\u00e1, a partir del jueves 29 de enero de 2026, el programa \u201cCuernavaca en tu colonia\u201d. Esta estrategia acerca servicios m\u00e9dicos, programas sociales, tr\u00e1mites y apoyos gratuitos directamente a las comunidades, fortaleciendo la cercan\u00eda y el bienestar de la poblaci\u00f3n.<\/p>\n<p>La primera jornada del a\u00f1o se realizar\u00e1 en la colonia Lagunilla, a un costado del mercado municipal \u201cDr. Lauro Ortega Mart\u00ednez\u201d en un horario de 9:00 a 14:00 horas, donde vecinas y vecinos podr\u00e1n acceder en un solo lugar a atenci\u00f3n integral para toda la familia, sin necesidad de trasladarse a las oficinas municipales.<\/p>\n<p>La presidenta del DIF Cuernavaca, Luz Mar\u00eda Zagal Guzm\u00e1n, reiter\u00f3 que este programa busca acercar el gobierno a la gente, atender de forma directa las necesidades m\u00e1s sentidas de la ciudadan\u00eda y fortalecer el tejido social mediante una atenci\u00f3n m\u00e1s humana, cercana y accesible.<\/p>\n<p>Durante las jornadas, participan de manera coordinada distintas \u00e1reas del Gobierno Municipal, como la Secretar\u00eda del Ayuntamiento, Secretar\u00eda de Desarrollo Sustentable y Servicios P\u00fablicos (SDSySP), Secretar\u00eda de Desarrollo Humano y Participaci\u00f3n Social (SDHyPS), Predial y Catastro, as\u00ed como el Sistema de Agua Potable y Alcantarillado (SAPAC), adem\u00e1s de dependencias estatales, federales e instituciones que suman esfuerzos para ampliar la cobertura de atenci\u00f3n.<\/p>\n<p>Por parte del DIF Cuernavaca se brindan: consultas m\u00e9dicas generales y dentales; vacunaci\u00f3n; rehabilitaci\u00f3n f\u00edsica a trav\u00e9s de la Unidad B\u00e1sica de Rehabilitaci\u00f3n (UBR); canalizaci\u00f3n para atenci\u00f3n psicol\u00f3gica; toma de glucosa- presi\u00f3n; y corte de cabello.<\/p>\n<p>El programa \u201cCuernavaca en tu colonia\u201d se llevar\u00e1 a cabo de manera mensual en diferentes puntos de la ciudad, reafirmando el compromiso del gobierno municipal de mantener presencia constante en las colonias y escuchar de primera mano a las personas.<\/p>\n\n\t\t<style type=\"text\/css\">\n\t\t\t#gallery-1 {\n\t\t\t\tmargin: auto;\n\t\t\t}\n\t\t\t#gallery-1 .gallery-item {\n\t\t\t\tfloat: left;\n\t\t\t\tmargin-top: 10px;\n\t\t\t\ttext-align: center;\n\t\t\t\twidth: 33%;\n\t\t\t}\n\t\t\t#gallery-1 img {\n\t\t\t\tborder: 2px solid #cfcfcf;\n\t\t\t}\n\t\t\t#gallery-1 .gallery-caption {\n\t\t\t\tmargin-left: 0;\n\t\t\t}\n\t\t\t\/* see gallery_shortcode() in wp-includes\/media.php *\/\n\t\t<\/style>\n\t\t<div id='gallery-1' class='gallery galleryid-55859 gallery-columns-3 gallery-size-thumbnail'><dl class='gallery-item'>\n\t\t\t<dt class='gallery-icon landscape'>\n\t\t\t\t<a href='https:\/\/cuernavaca.gob.mx\/?attachment_id=55860'><img width=\"150\" height=\"150\" src=\"https:\/\/cuernavaca.gob.mx\/wp-content\/uploads\/2026\/01\/REGRESA-CUERNAVACA-EN-TU-COLONIA-CON-SERVICIOS-GRATUITOS-Y-ATENCIO\u0301N-DIRECTA-A-LAS-FAMILIAS-1-150x150.jpg\" class=\"attachment-thumbnail size-thumbnail\" alt=\"\" loading=\"lazy\" srcset=\"https:\/\/cuernavaca.gob.mx\/wp-content\/uploads\/2026\/01\/REGRESA-CUERNAVACA-EN-TU-COLONIA-CON-SERVICIOS-GRATUITOS-Y-ATENCIO\u0301N-DIRECTA-A-LAS-FAMILIAS-1-150x150.jpg 150w, https:\/\/cuernavaca.gob.mx\/wp-content\/uploads\/2026\/01\/REGRESA-CUERNAVACA-EN-TU-COLONIA-CON-SERVICIOS-GRATUITOS-Y-ATENCIO\u0301N-DIRECTA-A-LAS-FAMILIAS-1-300x300.jpg 300w, https:\/\/cuernavaca.gob.mx\/wp-content\/uploads\/2026\/01\/REGRESA-CUERNAVACA-EN-TU-COLONIA-CON-SERVICIOS-GRATUITOS-Y-ATENCIO\u0301N-DIRECTA-A-LAS-FAMILIAS-1-1024x1024.jpg 1024w, https:\/\/cuernavaca.gob.mx\/wp-content\/uploads\/2026\/01\/REGRESA-CUERNAVACA-EN-TU-COLONIA-CON-SERVICIOS-GRATUITOS-Y-ATENCIO\u0301N-DIRECTA-A-LAS-FAMILIAS-1-768x768.jpg 768w, https:\/\/cuernavaca.gob.mx\/wp-content\/uploads\/2026\/01\/REGRESA-CUERNAVACA-EN-TU-COLONIA-CON-SERVICIOS-GRATUITOS-Y-ATENCIO\u0301N-DIRECTA-A-LAS-FAMILIAS-1-1536x1536.jpg 1536w, https:\/\/cuernavaca.gob.mx\/wp-content\/uploads\/2026\/01\/REGRESA-CUERNAVACA-EN-TU-COLONIA-CON-SERVICIOS-GRATUITOS-Y-ATENCIO\u0301N-DIRECTA-A-LAS-FAMILIAS-1-600x600.jpg 600w, https:\/\/cuernavaca.gob.mx\/wp-content\/uploads\/2026\/01\/REGRESA-CUERNAVACA-EN-TU-COLONIA-CON-SERVICIOS-GRATUITOS-Y-ATENCIO\u0301N-DIRECTA-A-LAS-FAMILIAS-1-560x560.jpg 560w, https:\/\/cuernavaca.gob.mx\/wp-content\/uploads\/2026\/01\/REGRESA-CUERNAVACA-EN-TU-COLONIA-CON-SERVICIOS-GRATUITOS-Y-ATENCIO\u0301N-DIRECTA-A-LAS-FAMILIAS-1.jpg 1600w\" sizes=\"(max-width: 150px) 100vw, 150px\" \/><\/a>\n\t\t\t<\/dt><\/dl><dl class='gallery-item'>\n\t\t\t<dt class='gallery-icon landscape'>\n\t\t\t\t<a href='https:\/\/cuernavaca.gob.mx\/?attachment_id=55861'><img width=\"150\" height=\"150\" src=\"https:\/\/cuernavaca.gob.mx\/wp-content\/uploads\/2026\/01\/REGRESA-CUERNAVACA-EN-TU-COLONIA-CON-SERVICIOS-GRATUITOS-Y-ATENCIO\u0301N-DIRECTA-A-LAS-FAMILIAS-2-150x150.jpg\" class=\"attachment-thumbnail size-thumbnail\" alt=\"\" loading=\"lazy\" srcset=\"https:\/\/cuernavaca.gob.mx\/wp-content\/uploads\/2026\/01\/REGRESA-CUERNAVACA-EN-TU-COLONIA-CON-SERVICIOS-GRATUITOS-Y-ATENCIO\u0301N-DIRECTA-A-LAS-FAMILIAS-2-150x150.jpg 150w, https:\/\/cuernavaca.gob.mx\/wp-content\/uploads\/2026\/01\/REGRESA-CUERNAVACA-EN-TU-COLONIA-CON-SERVICIOS-GRATUITOS-Y-ATENCIO\u0301N-DIRECTA-A-LAS-FAMILIAS-2-300x300.jpg 300w, https:\/\/cuernavaca.gob.mx\/wp-content\/uploads\/2026\/01\/REGRESA-CUERNAVACA-EN-TU-COLONIA-CON-SERVICIOS-GRATUITOS-Y-ATENCIO\u0301N-DIRECTA-A-LAS-FAMILIAS-2-1024x1024.jpg 1024w, https:\/\/cuernavaca.gob.mx\/wp-content\/uploads\/2026\/01\/REGRESA-CUERNAVACA-EN-TU-COLONIA-CON-SERVICIOS-GRATUITOS-Y-ATENCIO\u0301N-DIRECTA-A-LAS-FAMILIAS-2-768x768.jpg 768w, https:\/\/cuernavaca.gob.mx\/wp-content\/uploads\/2026\/01\/REGRESA-CUERNAVACA-EN-TU-COLONIA-CON-SERVICIOS-GRATUITOS-Y-ATENCIO\u0301N-DIRECTA-A-LAS-FAMILIAS-2-1536x1536.jpg 1536w, https:\/\/cuernavaca.gob.mx\/wp-content\/uploads\/2026\/01\/REGRESA-CUERNAVACA-EN-TU-COLONIA-CON-SERVICIOS-GRATUITOS-Y-ATENCIO\u0301N-DIRECTA-A-LAS-FAMILIAS-2-600x600.jpg 600w, https:\/\/cuernavaca.gob.mx\/wp-content\/uploads\/2026\/01\/REGRESA-CUERNAVACA-EN-TU-COLONIA-CON-SERVICIOS-GRATUITOS-Y-ATENCIO\u0301N-DIRECTA-A-LAS-FAMILIAS-2-560x560.jpg 560w, https:\/\/cuernavaca.gob.mx\/wp-content\/uploads\/2026\/01\/REGRESA-CUERNAVACA-EN-TU-COLONIA-CON-SERVICIOS-GRATUITOS-Y-ATENCIO\u0301N-DIRECTA-A-LAS-FAMILIAS-2.jpg 1600w\" sizes=\"(max-width: 150px) 100vw, 150px\" \/><\/a>\n\t\t\t<\/dt><\/dl>\n\t\t\t<br style='clear: both' \/>\n\t\t<\/div>\n\n","protected":false},"excerpt":{"rendered":"<p>\u2022 Este pr\u00f3ximo jueves 29 de enero, se realizar\u00e1 la primera jornada del 2026 a un costado del mercado municipal &#8220;Dr. Lauro Ortega Mart\u00ednez&#8221; de la colonia Lagunilla en un horario de 9:00 a 14:00 horas Con el objetivo de que ninguna familia quede sin atenci\u00f3n, el Sistema Municipal DIF Cuernavaca retomar\u00e1, a partir del [&hellip;]<\/p>\n","protected":false},"author":1,"featured_media":55861,"comment_status":"closed","ping_status":"open","sticky":false,"template":"","format":"standard","meta":[],"categories":[1],"tags":[],"aioseo_notices":[],"_links":{"self":[{"href":"https:\/\/cuernavaca.gob.mx\/index.php?rest_route=\/wp\/v2\/posts\/55859"}],"collection":[{"href":"https:\/\/cuernavaca.gob.mx\/index.php?rest_route=\/wp\/v2\/posts"}],"about":[{"href":"https:\/\/cuernavaca.gob.mx\/index.php?rest_route=\/wp\/v2\/types\/post"}],"author":[{"embeddable":true,"href":"https:\/\/cuernavaca.gob.mx\/index.php?rest_route=\/wp\/v2\/users\/1"}],"replies":[{"embeddable":true,"href":"https:\/\/cuernavaca.gob.mx\/index.php?rest_route=%2Fwp%2Fv2%2Fcomments&post=55859"}],"version-history":[{"count":1,"href":"https:\/\/cuernavaca.gob.mx\/index.php?rest_route=\/wp\/v2\/posts\/55859\/revisions"}],"predecessor-version":[{"id":55862,"href":"https:\/\/cuernavaca.gob.mx\/index.php?rest_route=\/wp\/v2\/posts\/55859\/revisions\/55862"}],"wp:featuredmedia":[{"embeddable":true,"href":"https:\/\/cuernavaca.gob.mx\/index.php?rest_route=\/wp\/v2\/media\/55861"}],"wp:attachment":[{"href":"https:\/\/cuernavaca.gob.mx\/index.php?rest_route=%2Fwp%2Fv2%2Fmedia&parent=55859"}],"wp:term":[{"taxonomy":"category","embeddable":true,"href":"https:\/\/cuernavaca.gob.mx\/index.php?rest_route=%2Fwp%2Fv2%2Fcategories&post=55859"},{"taxonomy":"post_tag","embeddable":true,"href":"https:\/\/cuernavaca.gob.mx\/index.php?rest_route=%2Fwp%2Fv2%2Ftags&post=55859"}],"curies":[{"name":"wp","href":"https:\/\/api.w.org\/{rel}","templated":true}]}}