{"id":55863,"date":"2026-01-21T10:01:50","date_gmt":"2026-01-21T16:01:50","guid":{"rendered":"https:\/\/cuernavaca.gob.mx\/?p=55863"},"modified":"2026-01-21T10:01:50","modified_gmt":"2026-01-21T16:01:50","slug":"b884-21-01-26-realiza-gobierno-de-cuernavaca-trabajos-de-bacheo-en-el-puente-de-ahuatlan","status":"publish","type":"post","link":"https:\/\/cuernavaca.gob.mx\/?p=55863","title":{"rendered":"B884 21\/01\/26 REALIZA GOBIERNO DE CUERNAVACA TRABAJOS DE BACHEO EN EL PUENTE DE AHUATL\u00c1N"},"content":{"rendered":"<p><strong>\u2022 La coordinaci\u00f3n entre la SDSySP y SAPAC permiti\u00f3 resolver la fuga de agua y mejorar la movilidad y la seguridad vial<\/strong><\/p>\n<p>Por instrucciones del presidente municipal, Jos\u00e9 Luis Uriostegui Salgado, y mediante la Secretar\u00eda de Desarrollo Sustentable y Servicios P\u00fablicos (SDSySP), el Ayuntamiento de Cuernavaca intervino un tramo vial con afectaciones en la carpeta asf\u00e1ltica en el Puente de Ahuatl\u00e1n a la altura del monumento a Petricholli, el cual afectaba directamente la entrada y salida de esta importante zona del municipio.<\/p>\n<p>A trav\u00e9s de la Direcci\u00f3n de Infraestructura Urbana (DIU), adscrita a la SDSySP, se realizaron trabajos de bacheo en este punto, mismo que presentaba un deterioro constante derivado de fugas de agua, lo que representaba un riesgo para la movilidad y la seguridad vial.<\/p>\n<p>Previo a la intervenci\u00f3n y en coordinaci\u00f3n con personal del Sistema de Agua Potable y Alcantarillado de Cuernavaca (SAPAC), se logr\u00f3 detener la fuga, permitiendo avanzar con una reparaci\u00f3n adecuada y con mayor durabilidad.<\/p>\n<p>De manera complementaria, se llevaron a cabo trabajos de bacheo en la Avenida Petricholli, intervenci\u00f3n que forma parte de una estrategia de atenci\u00f3n integral para esta zona de la ciudad. Estas labores generaron una mejora inmediata en las condiciones de la vialidad, reduciendo riesgos para quienes transitan diariamente por el lugar.<\/p>\n<p>La DIU tiene previsto continuar avanzando en esta \u00e1rea, con el objetivo de consolidar acciones m\u00e1s completas y mejor coordinadas, que contribuyan a mejorar de manera progresiva la infraestructura urbana y la calidad de vida de la ciudadan\u00eda.<\/p>\n<p>Con estas acciones, el Gobierno Municipal refrenda el compromiso del presidente municipal de trabajar de manera coordinada entre dependencias para brindar soluciones integrales en beneficio del municipio de Cuernavaca.<\/p>\n\n\t\t<style type=\"text\/css\">\n\t\t\t#gallery-1 {\n\t\t\t\tmargin: auto;\n\t\t\t}\n\t\t\t#gallery-1 .gallery-item {\n\t\t\t\tfloat: left;\n\t\t\t\tmargin-top: 10px;\n\t\t\t\ttext-align: center;\n\t\t\t\twidth: 33%;\n\t\t\t}\n\t\t\t#gallery-1 img {\n\t\t\t\tborder: 2px solid #cfcfcf;\n\t\t\t}\n\t\t\t#gallery-1 .gallery-caption {\n\t\t\t\tmargin-left: 0;\n\t\t\t}\n\t\t\t\/* see gallery_shortcode() in wp-includes\/media.php *\/\n\t\t<\/style>\n\t\t<div id='gallery-1' class='gallery galleryid-55863 gallery-columns-3 gallery-size-thumbnail'><dl class='gallery-item'>\n\t\t\t<dt class='gallery-icon landscape'>\n\t\t\t\t<a href='https:\/\/cuernavaca.gob.mx\/?attachment_id=55864'><img width=\"150\" height=\"150\" src=\"https:\/\/cuernavaca.gob.mx\/wp-content\/uploads\/2026\/01\/REALIZA-GOBIERNO-DE-CUERNAVACA-TRABAJOS-DE-BACHEO-EN-EL-PUENTE-DE-AHUATLA\u0301N-1-150x150.jpg\" class=\"attachment-thumbnail size-thumbnail\" alt=\"\" loading=\"lazy\" \/><\/a>\n\t\t\t<\/dt><\/dl><dl class='gallery-item'>\n\t\t\t<dt class='gallery-icon landscape'>\n\t\t\t\t<a href='https:\/\/cuernavaca.gob.mx\/?attachment_id=55865'><img width=\"150\" height=\"150\" src=\"https:\/\/cuernavaca.gob.mx\/wp-content\/uploads\/2026\/01\/REALIZA-GOBIERNO-DE-CUERNAVACA-TRABAJOS-DE-BACHEO-EN-EL-PUENTE-DE-AHUATLA\u0301N-2-150x150.jpg\" class=\"attachment-thumbnail size-thumbnail\" alt=\"\" loading=\"lazy\" \/><\/a>\n\t\t\t<\/dt><\/dl><dl class='gallery-item'>\n\t\t\t<dt class='gallery-icon landscape'>\n\t\t\t\t<a href='https:\/\/cuernavaca.gob.mx\/?attachment_id=55866'><img width=\"150\" height=\"150\" src=\"https:\/\/cuernavaca.gob.mx\/wp-content\/uploads\/2026\/01\/REALIZA-GOBIERNO-DE-CUERNAVACA-TRABAJOS-DE-BACHEO-EN-EL-PUENTE-DE-AHUATLA\u0301N-3-150x150.jpg\" class=\"attachment-thumbnail size-thumbnail\" alt=\"\" loading=\"lazy\" \/><\/a>\n\t\t\t<\/dt><\/dl><br style=\"clear: both\" \/><dl class='gallery-item'>\n\t\t\t<dt class='gallery-icon landscape'>\n\t\t\t\t<a href='https:\/\/cuernavaca.gob.mx\/?attachment_id=55867'><img width=\"150\" height=\"150\" src=\"https:\/\/cuernavaca.gob.mx\/wp-content\/uploads\/2026\/01\/REALIZA-GOBIERNO-DE-CUERNAVACA-TRABAJOS-DE-BACHEO-EN-EL-PUENTE-DE-AHUATLA\u0301N-4-150x150.jpg\" class=\"attachment-thumbnail size-thumbnail\" alt=\"\" loading=\"lazy\" \/><\/a>\n\t\t\t<\/dt><\/dl><dl class='gallery-item'>\n\t\t\t<dt class='gallery-icon landscape'>\n\t\t\t\t<a href='https:\/\/cuernavaca.gob.mx\/?attachment_id=55868'><img width=\"150\" height=\"150\" src=\"https:\/\/cuernavaca.gob.mx\/wp-content\/uploads\/2026\/01\/REALIZA-GOBIERNO-DE-CUERNAVACA-TRABAJOS-DE-BACHEO-EN-EL-PUENTE-DE-AHUATLA\u0301N-5-150x150.jpg\" class=\"attachment-thumbnail size-thumbnail\" alt=\"\" loading=\"lazy\" \/><\/a>\n\t\t\t<\/dt><\/dl><dl class='gallery-item'>\n\t\t\t<dt class='gallery-icon portrait'>\n\t\t\t\t<a href='https:\/\/cuernavaca.gob.mx\/?attachment_id=55869'><img width=\"150\" height=\"150\" src=\"https:\/\/cuernavaca.gob.mx\/wp-content\/uploads\/2026\/01\/REALIZA-GOBIERNO-DE-CUERNAVACA-TRABAJOS-DE-BACHEO-EN-EL-PUENTE-DE-AHUATLA\u0301N-6-150x150.jpg\" class=\"attachment-thumbnail size-thumbnail\" alt=\"\" loading=\"lazy\" \/><\/a>\n\t\t\t<\/dt><\/dl><br style=\"clear: both\" \/>\n\t\t<\/div>\n\n","protected":false},"excerpt":{"rendered":"<p>\u2022 La coordinaci\u00f3n entre la SDSySP y SAPAC permiti\u00f3 resolver la fuga de agua y mejorar la movilidad y la seguridad vial Por instrucciones del presidente municipal, Jos\u00e9 Luis Uriostegui Salgado, y mediante la Secretar\u00eda de Desarrollo Sustentable y Servicios P\u00fablicos (SDSySP), el Ayuntamiento de Cuernavaca intervino un tramo vial con afectaciones en la carpeta [&hellip;]<\/p>\n","protected":false},"author":1,"featured_media":55868,"comment_status":"closed","ping_status":"open","sticky":false,"template":"","format":"standard","meta":[],"categories":[1],"tags":[],"aioseo_notices":[],"_links":{"self":[{"href":"https:\/\/cuernavaca.gob.mx\/index.php?rest_route=\/wp\/v2\/posts\/55863"}],"collection":[{"href":"https:\/\/cuernavaca.gob.mx\/index.php?rest_route=\/wp\/v2\/posts"}],"about":[{"href":"https:\/\/cuernavaca.gob.mx\/index.php?rest_route=\/wp\/v2\/types\/post"}],"author":[{"embeddable":true,"href":"https:\/\/cuernavaca.gob.mx\/index.php?rest_route=\/wp\/v2\/users\/1"}],"replies":[{"embeddable":true,"href":"https:\/\/cuernavaca.gob.mx\/index.php?rest_route=%2Fwp%2Fv2%2Fcomments&post=55863"}],"version-history":[{"count":1,"href":"https:\/\/cuernavaca.gob.mx\/index.php?rest_route=\/wp\/v2\/posts\/55863\/revisions"}],"predecessor-version":[{"id":55870,"href":"https:\/\/cuernavaca.gob.mx\/index.php?rest_route=\/wp\/v2\/posts\/55863\/revisions\/55870"}],"wp:featuredmedia":[{"embeddable":true,"href":"https:\/\/cuernavaca.gob.mx\/index.php?rest_route=\/wp\/v2\/media\/55868"}],"wp:attachment":[{"href":"https:\/\/cuernavaca.gob.mx\/index.php?rest_route=%2Fwp%2Fv2%2Fmedia&parent=55863"}],"wp:term":[{"taxonomy":"category","embeddable":true,"href":"https:\/\/cuernavaca.gob.mx\/index.php?rest_route=%2Fwp%2Fv2%2Fcategories&post=55863"},{"taxonomy":"post_tag","embeddable":true,"href":"https:\/\/cuernavaca.gob.mx\/index.php?rest_route=%2Fwp%2Fv2%2Ftags&post=55863"}],"curies":[{"name":"wp","href":"https:\/\/api.w.org\/{rel}","templated":true}]}}