{"id":55883,"date":"2026-01-21T16:13:12","date_gmt":"2026-01-21T22:13:12","guid":{"rendered":"https:\/\/cuernavaca.gob.mx\/?p=55883"},"modified":"2026-04-14T23:58:13","modified_gmt":"2026-04-15T05:58:13","slug":"b885-21-09-26-con-superavit-de-mas-de-62-mdp-cuernavaca-fortalece-su-estabilidad-financiera-y-proyecta-obra-publica-para-2026","status":"publish","type":"post","link":"https:\/\/cuernavaca.gob.mx\/?p=55883","title":{"rendered":"B885 21\/01\/26 CON SUPER\u00c1VIT DE M\u00c1S DE 62 MDP, CUERNAVACA FORTALECE SU ESTABILIDAD FINANCIERA Y PROYECTA OBRA P\u00daBLICA PARA 2026"},"content":{"rendered":"<p><strong>\u2022 El Ayuntamiento capitalino cerr\u00f3 el ejercicio fiscal 2025 con un ahorro de 62 millones 986 mil pesos de recursos propios, resultado del incremento en los ingresos municipales y del manejo responsable del presupuesto<\/strong><\/p>\n<p>La combinaci\u00f3n de confianza ciudadana, disciplina financiera y planeaci\u00f3n responsable permiti\u00f3 que el Ayuntamiento de Cuernavaca, encabezado por el alcalde Jos\u00e9 Luis Uri\u00f3stegui Salgado, concluyera el ejercicio fiscal 2025 con un super\u00e1vit de 62 millones 986 mil pesos de recursos propios, resultado que consolida la estabilidad financiera del municipio y sienta bases s\u00f3lidas para el desarrollo de obras estrat\u00e9gicas en 2026.<\/p>\n<p>Durante la sesi\u00f3n ordinaria de Cabildo, el tesorero municipal, Javier Arozarena Salazar, present\u00f3 el corte de caja correspondiente al mes de diciembre y al cuarto trimestre de 2025, as\u00ed como la Cuenta P\u00fablica Anual del ejercicio fiscal 2025, destacando que los ingresos municipales alcanzaron los dos mil 547 millones 744 mil 110.35 pesos, mientras que los egresos fueron de dos mil 405 millones 909 mil 680.28 pesos.<\/p>\n<p>Resalt\u00f3 que hubo un ingreso excedente de 62 millones 986 mil pesos provenientes de recursos fiscales, es decir, de ingresos propios recaudados por el municipio.<\/p>\n<p>Durante su intervenci\u00f3n, el alcalde Jos\u00e9 Luis Uri\u00f3stegui Salgado expres\u00f3 que este incremento de hasta un 13% en los ingresos municipales obliga a la administraci\u00f3n a atender de mejor manera y m\u00e1s eficazmente las necesidades de la poblaci\u00f3n en cuanto a obras y servicios p\u00fablicos, en la atenci\u00f3n al p\u00fablico, entre otros rubros. No obstante, reconoci\u00f3 tambi\u00e9n el compromiso de las y los contribuyentes que cumplieron con sus obligaciones fiscales para el municipio.<\/p>\n<p>En el marco de esta misma sesi\u00f3n, el secretario de Desarrollo Urbano y Obras P\u00fablicas, Demetrio Chavira de la Torre, present\u00f3 el proyecto del Programa Anual de Obra P\u00fablica 2026, el cual contempla recursos federales y propios del municipio, mismo que fue elaborado de manera coordinada con el Sistema de Agua Potable y Alcantarillado de Cuernavaca (SAPAC) y cuyas propuestas derivan tambi\u00e9n de las peticiones ciudadanas expresadas en sesiones de Cabildo Abierto.<\/p>\n<p>Este primer borrador prioriza obras de gran alcance, entre las que destacan proyectos de infraestructura h\u00eddrica para la prevenci\u00f3n de inundaciones y la atenci\u00f3n de puntos de riesgo durante el temporal de lluvias, la construcci\u00f3n de nuevos tanques elevados en puntos estrat\u00e9gicos de la ciudad, adem\u00e1s del desarrollo de espacios recreativos y comunitarios que contribuyan a la reconstrucci\u00f3n del tejido social y al bienestar de las familias.<\/p>\n\n\t\t<style type=\"text\/css\">\n\t\t\t#gallery-1 {\n\t\t\t\tmargin: auto;\n\t\t\t}\n\t\t\t#gallery-1 .gallery-item {\n\t\t\t\tfloat: left;\n\t\t\t\tmargin-top: 10px;\n\t\t\t\ttext-align: center;\n\t\t\t\twidth: 33%;\n\t\t\t}\n\t\t\t#gallery-1 img {\n\t\t\t\tborder: 2px solid #cfcfcf;\n\t\t\t}\n\t\t\t#gallery-1 .gallery-caption {\n\t\t\t\tmargin-left: 0;\n\t\t\t}\n\t\t\t\/* see gallery_shortcode() in wp-includes\/media.php *\/\n\t\t<\/style>\n\t\t<div id='gallery-1' class='gallery galleryid-55883 gallery-columns-3 gallery-size-thumbnail'><dl class='gallery-item'>\n\t\t\t<dt class='gallery-icon landscape'>\n\t\t\t\t<a href='https:\/\/cuernavaca.gob.mx\/?attachment_id=55884'><img width=\"150\" height=\"150\" src=\"https:\/\/cuernavaca.gob.mx\/wp-content\/uploads\/2026\/01\/CON-SUPERA\u0301VIT-DE-MA\u0301S-DE-62-MDP-CUERNAVACA-FORTALECE-SU-ESTABILIDAD-FINANCIERA-Y-PROYECTA-OBRA-PU\u0301BLICA-PARA-2026-1-150x150.jpg\" class=\"attachment-thumbnail size-thumbnail\" alt=\"\" loading=\"lazy\" \/><\/a>\n\t\t\t<\/dt><\/dl><dl class='gallery-item'>\n\t\t\t<dt class='gallery-icon landscape'>\n\t\t\t\t<a href='https:\/\/cuernavaca.gob.mx\/?attachment_id=55885'><img width=\"150\" height=\"150\" src=\"https:\/\/cuernavaca.gob.mx\/wp-content\/uploads\/2026\/01\/CON-SUPERA\u0301VIT-DE-MA\u0301S-DE-62-MDP-CUERNAVACA-FORTALECE-SU-ESTABILIDAD-FINANCIERA-Y-PROYECTA-OBRA-PU\u0301BLICA-PARA-2026-2-150x150.jpg\" class=\"attachment-thumbnail size-thumbnail\" alt=\"\" loading=\"lazy\" \/><\/a>\n\t\t\t<\/dt><\/dl><dl class='gallery-item'>\n\t\t\t<dt class='gallery-icon landscape'>\n\t\t\t\t<a href='https:\/\/cuernavaca.gob.mx\/?attachment_id=55886'><img width=\"150\" height=\"150\" src=\"https:\/\/cuernavaca.gob.mx\/wp-content\/uploads\/2026\/01\/CON-SUPERA\u0301VIT-DE-MA\u0301S-DE-62-MDP-CUERNAVACA-FORTALECE-SU-ESTABILIDAD-FINANCIERA-Y-PROYECTA-OBRA-PU\u0301BLICA-PARA-2026-3-150x150.jpg\" class=\"attachment-thumbnail size-thumbnail\" alt=\"\" loading=\"lazy\" \/><\/a>\n\t\t\t<\/dt><\/dl><br style=\"clear: both\" \/>\n\t\t<\/div>\n\n","protected":false},"excerpt":{"rendered":"<p>\u2022 El Ayuntamiento capitalino cerr\u00f3 el ejercicio fiscal 2025 con un ahorro de 62 millones 986 mil pesos de recursos propios, resultado del incremento en los ingresos municipales y del manejo responsable del presupuesto La combinaci\u00f3n de confianza ciudadana, disciplina financiera y planeaci\u00f3n responsable permiti\u00f3 que el Ayuntamiento de Cuernavaca, encabezado por el alcalde Jos\u00e9 [&hellip;]<\/p>\n","protected":false},"author":1,"featured_media":55884,"comment_status":"closed","ping_status":"open","sticky":false,"template":"","format":"standard","meta":[],"categories":[3047],"tags":[121,120],"aioseo_notices":[],"_links":{"self":[{"href":"https:\/\/cuernavaca.gob.mx\/index.php?rest_route=\/wp\/v2\/posts\/55883"}],"collection":[{"href":"https:\/\/cuernavaca.gob.mx\/index.php?rest_route=\/wp\/v2\/posts"}],"about":[{"href":"https:\/\/cuernavaca.gob.mx\/index.php?rest_route=\/wp\/v2\/types\/post"}],"author":[{"embeddable":true,"href":"https:\/\/cuernavaca.gob.mx\/index.php?rest_route=\/wp\/v2\/users\/1"}],"replies":[{"embeddable":true,"href":"https:\/\/cuernavaca.gob.mx\/index.php?rest_route=%2Fwp%2Fv2%2Fcomments&post=55883"}],"version-history":[{"count":2,"href":"https:\/\/cuernavaca.gob.mx\/index.php?rest_route=\/wp\/v2\/posts\/55883\/revisions"}],"predecessor-version":[{"id":58246,"href":"https:\/\/cuernavaca.gob.mx\/index.php?rest_route=\/wp\/v2\/posts\/55883\/revisions\/58246"}],"wp:featuredmedia":[{"embeddable":true,"href":"https:\/\/cuernavaca.gob.mx\/index.php?rest_route=\/wp\/v2\/media\/55884"}],"wp:attachment":[{"href":"https:\/\/cuernavaca.gob.mx\/index.php?rest_route=%2Fwp%2Fv2%2Fmedia&parent=55883"}],"wp:term":[{"taxonomy":"category","embeddable":true,"href":"https:\/\/cuernavaca.gob.mx\/index.php?rest_route=%2Fwp%2Fv2%2Fcategories&post=55883"},{"taxonomy":"post_tag","embeddable":true,"href":"https:\/\/cuernavaca.gob.mx\/index.php?rest_route=%2Fwp%2Fv2%2Ftags&post=55883"}],"curies":[{"name":"wp","href":"https:\/\/api.w.org\/{rel}","templated":true}]}}