{"id":55899,"date":"2026-01-22T08:00:13","date_gmt":"2026-01-22T14:00:13","guid":{"rendered":"https:\/\/cuernavaca.gob.mx\/?p=55899"},"modified":"2026-01-23T10:06:08","modified_gmt":"2026-01-23T16:06:08","slug":"b886-22-01-26-municipio-de-cuernavaca-realiza-el-primer-taller-de-educacion-ambiental-2026-en-acapantzingo","status":"publish","type":"post","link":"https:\/\/cuernavaca.gob.mx\/?p=55899","title":{"rendered":"B886 22\/01\/26 MUNICIPIO DE CUERNAVACA REALIZA EL PRIMER TALLER DE EDUCACI\u00d3N AMBIENTAL 2026 EN ACAPANTZINGO"},"content":{"rendered":"<p>Como parte de un programa permanente de educaci\u00f3n ambiental que se desarrolla en distintas zonas del municipio, la Secretar\u00eda de Desarrollo Sustentable y Servicios P\u00fablicos (SDSySP) llev\u00f3 a cabo el Primer Taller de Educaci\u00f3n Ambiental 2026 en el poblado de Acapantzingo, impartido por la Direcci\u00f3n de Desarrollo Sustentable.<\/p>\n<p>El objetivo principal de este taller es concientizar a la poblaci\u00f3n sobre la importancia de los corredores biol\u00f3gicos, en particular las barrancas de Cuernavaca, as\u00ed como difundir el valor ambiental de las especies que habitan en estos ecosistemas, considerados fundamentales para el equilibrio ecol\u00f3gico del municipio.<\/p>\n<p>Durante la jornada tambi\u00e9n se implement\u00f3 el programa \u201cAdopta un \u00c1rbol\u201d, a trav\u00e9s del cual las y los asistentes tuvieron la oportunidad de proteger un ejemplar, contribuyendo a la reforestaci\u00f3n urbana y al fortalecimiento de las \u00e1reas verdes del municipio. Estas acciones promueven una ciudad con mayor conciencia ambiental y fomentan la participaci\u00f3n ciudadana en el cuidado del entorno natural.<\/p>\n<p>Con este tipo de iniciativas, el Ayuntamiento de Cuernavaca refrenda su compromiso con la educaci\u00f3n ambiental, la protecci\u00f3n de los recursos naturales y la construcci\u00f3n de un municipio m\u00e1s sustentable.<\/p>\n\n\t\t<style type=\"text\/css\">\n\t\t\t#gallery-1 {\n\t\t\t\tmargin: auto;\n\t\t\t}\n\t\t\t#gallery-1 .gallery-item {\n\t\t\t\tfloat: left;\n\t\t\t\tmargin-top: 10px;\n\t\t\t\ttext-align: center;\n\t\t\t\twidth: 33%;\n\t\t\t}\n\t\t\t#gallery-1 img {\n\t\t\t\tborder: 2px solid #cfcfcf;\n\t\t\t}\n\t\t\t#gallery-1 .gallery-caption {\n\t\t\t\tmargin-left: 0;\n\t\t\t}\n\t\t\t\/* see gallery_shortcode() in wp-includes\/media.php *\/\n\t\t<\/style>\n\t\t<div id='gallery-1' class='gallery galleryid-55899 gallery-columns-3 gallery-size-thumbnail'><dl class='gallery-item'>\n\t\t\t<dt class='gallery-icon landscape'>\n\t\t\t\t<a href='https:\/\/cuernavaca.gob.mx\/?attachment_id=55903'><img width=\"150\" height=\"150\" src=\"https:\/\/cuernavaca.gob.mx\/wp-content\/uploads\/2026\/01\/d6705f81-d1ba-48b8-8a0a-9b5d10d6d48e-1-150x150.jpg\" class=\"attachment-thumbnail size-thumbnail\" alt=\"\" loading=\"lazy\" \/><\/a>\n\t\t\t<\/dt><\/dl><dl class='gallery-item'>\n\t\t\t<dt class='gallery-icon landscape'>\n\t\t\t\t<a href='https:\/\/cuernavaca.gob.mx\/?attachment_id=55902'><img width=\"150\" height=\"150\" src=\"https:\/\/cuernavaca.gob.mx\/wp-content\/uploads\/2026\/01\/MUNICIPIO-DE-CUERNAVACA-REALIZA-EL-PRIMER-TALLER-DE-EDUCACIO\u0301N-AMBIENTAL-2026-EN-ACAPANTZINGO-150x150.jpg\" class=\"attachment-thumbnail size-thumbnail\" alt=\"\" loading=\"lazy\" \/><\/a>\n\t\t\t<\/dt><\/dl>\n\t\t\t<br style='clear: both' \/>\n\t\t<\/div>\n\n","protected":false},"excerpt":{"rendered":"<p>Como parte de un programa permanente de educaci\u00f3n ambiental que se desarrolla en distintas zonas del municipio, la Secretar\u00eda de Desarrollo Sustentable y Servicios P\u00fablicos (SDSySP) llev\u00f3 a cabo el Primer Taller de Educaci\u00f3n Ambiental 2026 en el poblado de Acapantzingo, impartido por la Direcci\u00f3n de Desarrollo Sustentable. El objetivo principal de este taller es [&hellip;]<\/p>\n","protected":false},"author":1,"featured_media":55903,"comment_status":"closed","ping_status":"open","sticky":false,"template":"","format":"standard","meta":[],"categories":[1],"tags":[],"aioseo_notices":[],"_links":{"self":[{"href":"https:\/\/cuernavaca.gob.mx\/index.php?rest_route=\/wp\/v2\/posts\/55899"}],"collection":[{"href":"https:\/\/cuernavaca.gob.mx\/index.php?rest_route=\/wp\/v2\/posts"}],"about":[{"href":"https:\/\/cuernavaca.gob.mx\/index.php?rest_route=\/wp\/v2\/types\/post"}],"author":[{"embeddable":true,"href":"https:\/\/cuernavaca.gob.mx\/index.php?rest_route=\/wp\/v2\/users\/1"}],"replies":[{"embeddable":true,"href":"https:\/\/cuernavaca.gob.mx\/index.php?rest_route=%2Fwp%2Fv2%2Fcomments&post=55899"}],"version-history":[{"count":1,"href":"https:\/\/cuernavaca.gob.mx\/index.php?rest_route=\/wp\/v2\/posts\/55899\/revisions"}],"predecessor-version":[{"id":55904,"href":"https:\/\/cuernavaca.gob.mx\/index.php?rest_route=\/wp\/v2\/posts\/55899\/revisions\/55904"}],"wp:featuredmedia":[{"embeddable":true,"href":"https:\/\/cuernavaca.gob.mx\/index.php?rest_route=\/wp\/v2\/media\/55903"}],"wp:attachment":[{"href":"https:\/\/cuernavaca.gob.mx\/index.php?rest_route=%2Fwp%2Fv2%2Fmedia&parent=55899"}],"wp:term":[{"taxonomy":"category","embeddable":true,"href":"https:\/\/cuernavaca.gob.mx\/index.php?rest_route=%2Fwp%2Fv2%2Fcategories&post=55899"},{"taxonomy":"post_tag","embeddable":true,"href":"https:\/\/cuernavaca.gob.mx\/index.php?rest_route=%2Fwp%2Fv2%2Ftags&post=55899"}],"curies":[{"name":"wp","href":"https:\/\/api.w.org\/{rel}","templated":true}]}}