{"id":55905,"date":"2026-01-22T09:00:31","date_gmt":"2026-01-22T15:00:31","guid":{"rendered":"https:\/\/cuernavaca.gob.mx\/?p=55905"},"modified":"2026-01-23T10:10:02","modified_gmt":"2026-01-23T16:10:02","slug":"b887-22-01-26-cuernavaca-impulsara-la-cultura-y-los-programas-sociales-en-espacios-publicos-durante-2026","status":"publish","type":"post","link":"https:\/\/cuernavaca.gob.mx\/?p=55905","title":{"rendered":"B887 22\/01\/26 CUERNAVACA IMPULSAR\u00c1 LA CULTURA Y LOS PROGRAMAS SOCIALES EN ESPACIOS P\u00daBLICOS DURANTE 2026"},"content":{"rendered":"<p><strong>\u2022 El alcalde Jos\u00e9 Luis Uri\u00f3stegui Salgado anunci\u00f3 que el Ayuntamiento fortalecer\u00e1 este 2026 los programas sociales y culturales en espacios p\u00fablicos para que m\u00e1s familias puedan acceder a ellos sin distinci\u00f3n<\/strong><\/p>\n<p>El presidente municipal de Cuernavaca, Jos\u00e9 Luis Uri\u00f3stegui Salgado, sostuvo una reuni\u00f3n de trabajo con las y los titulares de las \u00e1reas adscritas a la Secretar\u00eda de Desarrollo Humano y Participaci\u00f3n Social (SDHyPS), con el objetivo de fortalecer los proyectos que se desarrollar\u00e1n durante 2026 y garantizar que los programas municipales lleguen directamente a la ciudadan\u00eda.<\/p>\n<p>Acompa\u00f1ado por la secretaria de Desarrollo Humano y Participaci\u00f3n Social, Sandra Pinz\u00f3n S\u00e1nchez, el alcalde llam\u00f3 a reforzar acciones en rubros como cultura, salud, educaci\u00f3n, deporte, juventud, atenci\u00f3n a grupos vulnerables, diversidad sexual, migrantes y religi\u00f3n, con una visi\u00f3n transversal e incluyente que permita llegar a m\u00e1s personas.<\/p>\n<p>Uri\u00f3stegui Salgado subray\u00f3 que uno de los principales objetivos de la administraci\u00f3n, hasta su conclusi\u00f3n, es revitalizar los espacios p\u00fablicos y llevar la cultura m\u00e1s all\u00e1 de los recintos cerrados. En este sentido, destac\u00f3 la promoci\u00f3n de actividades culturales, musicales y recreativas que fomenten la convivencia y permitan que las y los ciudadanos se reencuentren en parques y plazas de la ciudad.<\/p>\n<p>Asimismo, se\u00f1al\u00f3 espacios estrat\u00e9gicos como el Parque Melchor Ocampo, donde se busca que las familias regresen y lo hagan suyo nuevamente. De igual manera, mencion\u00f3 la explanada del Palacio Cort\u00e9s como un escenario clave para dar continuidad a eventos abiertos y accesibles para todo el p\u00fablico.<\/p>\n<p>Los planes de trabajo, afirm\u00f3 el edil, deben priorizar que la cultura y los programas sociales formen parte de la vida cotidiana de la ciudad, fortaleciendo la convivencia familiar y comunitaria. La reuni\u00f3n se inscribe en una agenda permanente de trabajo orientada a fortalecer la coordinaci\u00f3n entre las \u00e1reas municipales y a consolidar proyectos que respondan a las necesidades de la poblaci\u00f3n, contribuyendo a consolidar la ciudad que todas y todos merecen.<\/p>\n\n\t\t<style type=\"text\/css\">\n\t\t\t#gallery-1 {\n\t\t\t\tmargin: auto;\n\t\t\t}\n\t\t\t#gallery-1 .gallery-item {\n\t\t\t\tfloat: left;\n\t\t\t\tmargin-top: 10px;\n\t\t\t\ttext-align: center;\n\t\t\t\twidth: 33%;\n\t\t\t}\n\t\t\t#gallery-1 img {\n\t\t\t\tborder: 2px solid #cfcfcf;\n\t\t\t}\n\t\t\t#gallery-1 .gallery-caption {\n\t\t\t\tmargin-left: 0;\n\t\t\t}\n\t\t\t\/* see gallery_shortcode() in wp-includes\/media.php *\/\n\t\t<\/style>\n\t\t<div id='gallery-1' class='gallery galleryid-55905 gallery-columns-3 gallery-size-thumbnail'><dl class='gallery-item'>\n\t\t\t<dt class='gallery-icon landscape'>\n\t\t\t\t<a href='https:\/\/cuernavaca.gob.mx\/?attachment_id=55906'><img width=\"150\" height=\"150\" src=\"https:\/\/cuernavaca.gob.mx\/wp-content\/uploads\/2026\/01\/CUERNAVACA-IMPULSARA\u0301-LA-CULTURA-Y-LOS-PROGRAMAS-SOCIALES-EN-ESPACIOS-PU\u0301BLICOS-DURANTE-2026-2-150x150.jpg\" class=\"attachment-thumbnail size-thumbnail\" alt=\"\" loading=\"lazy\" \/><\/a>\n\t\t\t<\/dt><\/dl><dl class='gallery-item'>\n\t\t\t<dt class='gallery-icon landscape'>\n\t\t\t\t<a href='https:\/\/cuernavaca.gob.mx\/?attachment_id=55907'><img width=\"150\" height=\"150\" src=\"https:\/\/cuernavaca.gob.mx\/wp-content\/uploads\/2026\/01\/CUERNAVACA-IMPULSARA\u0301-LA-CULTURA-Y-LOS-PROGRAMAS-SOCIALES-EN-ESPACIOS-PU\u0301BLICOS-DURANTE-2026-150x150.jpg\" class=\"attachment-thumbnail size-thumbnail\" alt=\"\" loading=\"lazy\" \/><\/a>\n\t\t\t<\/dt><\/dl>\n\t\t\t<br style='clear: both' \/>\n\t\t<\/div>\n\n","protected":false},"excerpt":{"rendered":"<p>\u2022 El alcalde Jos\u00e9 Luis Uri\u00f3stegui Salgado anunci\u00f3 que el Ayuntamiento fortalecer\u00e1 este 2026 los programas sociales y culturales en espacios p\u00fablicos para que m\u00e1s familias puedan acceder a ellos sin distinci\u00f3n El presidente municipal de Cuernavaca, Jos\u00e9 Luis Uri\u00f3stegui Salgado, sostuvo una reuni\u00f3n de trabajo con las y los titulares de las \u00e1reas adscritas [&hellip;]<\/p>\n","protected":false},"author":1,"featured_media":55907,"comment_status":"closed","ping_status":"open","sticky":false,"template":"","format":"standard","meta":[],"categories":[1],"tags":[],"aioseo_notices":[],"_links":{"self":[{"href":"https:\/\/cuernavaca.gob.mx\/index.php?rest_route=\/wp\/v2\/posts\/55905"}],"collection":[{"href":"https:\/\/cuernavaca.gob.mx\/index.php?rest_route=\/wp\/v2\/posts"}],"about":[{"href":"https:\/\/cuernavaca.gob.mx\/index.php?rest_route=\/wp\/v2\/types\/post"}],"author":[{"embeddable":true,"href":"https:\/\/cuernavaca.gob.mx\/index.php?rest_route=\/wp\/v2\/users\/1"}],"replies":[{"embeddable":true,"href":"https:\/\/cuernavaca.gob.mx\/index.php?rest_route=%2Fwp%2Fv2%2Fcomments&post=55905"}],"version-history":[{"count":1,"href":"https:\/\/cuernavaca.gob.mx\/index.php?rest_route=\/wp\/v2\/posts\/55905\/revisions"}],"predecessor-version":[{"id":55908,"href":"https:\/\/cuernavaca.gob.mx\/index.php?rest_route=\/wp\/v2\/posts\/55905\/revisions\/55908"}],"wp:featuredmedia":[{"embeddable":true,"href":"https:\/\/cuernavaca.gob.mx\/index.php?rest_route=\/wp\/v2\/media\/55907"}],"wp:attachment":[{"href":"https:\/\/cuernavaca.gob.mx\/index.php?rest_route=%2Fwp%2Fv2%2Fmedia&parent=55905"}],"wp:term":[{"taxonomy":"category","embeddable":true,"href":"https:\/\/cuernavaca.gob.mx\/index.php?rest_route=%2Fwp%2Fv2%2Fcategories&post=55905"},{"taxonomy":"post_tag","embeddable":true,"href":"https:\/\/cuernavaca.gob.mx\/index.php?rest_route=%2Fwp%2Fv2%2Ftags&post=55905"}],"curies":[{"name":"wp","href":"https:\/\/api.w.org\/{rel}","templated":true}]}}