{"id":55918,"date":"2026-01-23T10:25:48","date_gmt":"2026-01-23T16:25:48","guid":{"rendered":"https:\/\/cuernavaca.gob.mx\/?p=55918"},"modified":"2026-01-23T10:25:48","modified_gmt":"2026-01-23T16:25:48","slug":"b890-23-01-26-arranca-en-cuernavaca-la-edicion-2026-de-domingos-musicales","status":"publish","type":"post","link":"https:\/\/cuernavaca.gob.mx\/?p=55918","title":{"rendered":"B890 23\/01\/26 ARRANCA EN CUERNAVACA LA EDICI\u00d3N 2026 DE &#8220;DOMINGOS MUSICALES&#8221;"},"content":{"rendered":"<p>El Ayuntamiento de Cuernavaca, a trav\u00e9s de la Secretar\u00eda de Desarrollo Humano y Participaci\u00f3n Social (SDHyPS) y el Instituto de Cultura de Cuernavaca, invita a la poblaci\u00f3n a disfrutar de la 1\u00aa edici\u00f3n 2026 de &#8220;Domingos Musicales&#8221;, una iniciativa que desde 2025 ha impulsado la apertura de espacios culturales para talentos emergentes, as\u00ed como el fortalecimiento de la educaci\u00f3n y la apreciaci\u00f3n art\u00edstica en la ciudad.<\/p>\n<p>En esta ocasi\u00f3n, el Museo de la Ciudad de Cuernavaca (MuCiC) abre sus puertas al ensamble de cuerdas y voces del Estudio de Arte Musical Contempor\u00e1neo, quien presentar\u00e1 un emotivo concierto con un repertorio de m\u00fasica rom\u00e1ntica de ayer y de hoy. El p\u00fablico podr\u00e1 apreciar la formaci\u00f3n musical de ni\u00f1as, ni\u00f1os y j\u00f3venes, en un ambiente ideal para compartir en familia y con amistades.<\/p>\n<p>El Ayuntamiento de Cuernavaca extiende la invitaci\u00f3n a residentes, visitantes y turistas para asistir y disfrutar de una experiencia musical que promueve el arte, la convivencia y el acceso a la cultura para todas y todos. La cita es este 25 de enero a las 12:00 horas.<\/p>\n\n\t\t<style type=\"text\/css\">\n\t\t\t#gallery-1 {\n\t\t\t\tmargin: auto;\n\t\t\t}\n\t\t\t#gallery-1 .gallery-item {\n\t\t\t\tfloat: left;\n\t\t\t\tmargin-top: 10px;\n\t\t\t\ttext-align: center;\n\t\t\t\twidth: 33%;\n\t\t\t}\n\t\t\t#gallery-1 img {\n\t\t\t\tborder: 2px solid #cfcfcf;\n\t\t\t}\n\t\t\t#gallery-1 .gallery-caption {\n\t\t\t\tmargin-left: 0;\n\t\t\t}\n\t\t\t\/* see gallery_shortcode() in wp-includes\/media.php *\/\n\t\t<\/style>\n\t\t<div id='gallery-1' class='gallery galleryid-55918 gallery-columns-3 gallery-size-thumbnail'><dl class='gallery-item'>\n\t\t\t<dt class='gallery-icon portrait'>\n\t\t\t\t<a href='https:\/\/cuernavaca.gob.mx\/?attachment_id=55919'><img width=\"150\" height=\"150\" src=\"https:\/\/cuernavaca.gob.mx\/wp-content\/uploads\/2026\/01\/ARRANCA-EN-CUERNAVACA-LA-EDICIO\u0301N-2026-DE-22DOMINGOS-MUSICALES22-150x150.jpg\" class=\"attachment-thumbnail size-thumbnail\" alt=\"\" loading=\"lazy\" \/><\/a>\n\t\t\t<\/dt><\/dl>\n\t\t\t<br style='clear: both' \/>\n\t\t<\/div>\n\n","protected":false},"excerpt":{"rendered":"<p>El Ayuntamiento de Cuernavaca, a trav\u00e9s de la Secretar\u00eda de Desarrollo Humano y Participaci\u00f3n Social (SDHyPS) y el Instituto de Cultura de Cuernavaca, invita a la poblaci\u00f3n a disfrutar de la 1\u00aa edici\u00f3n 2026 de &#8220;Domingos Musicales&#8221;, una iniciativa que desde 2025 ha impulsado la apertura de espacios culturales para talentos emergentes, as\u00ed como el [&hellip;]<\/p>\n","protected":false},"author":1,"featured_media":55919,"comment_status":"closed","ping_status":"open","sticky":false,"template":"","format":"standard","meta":[],"categories":[1],"tags":[],"aioseo_notices":[],"_links":{"self":[{"href":"https:\/\/cuernavaca.gob.mx\/index.php?rest_route=\/wp\/v2\/posts\/55918"}],"collection":[{"href":"https:\/\/cuernavaca.gob.mx\/index.php?rest_route=\/wp\/v2\/posts"}],"about":[{"href":"https:\/\/cuernavaca.gob.mx\/index.php?rest_route=\/wp\/v2\/types\/post"}],"author":[{"embeddable":true,"href":"https:\/\/cuernavaca.gob.mx\/index.php?rest_route=\/wp\/v2\/users\/1"}],"replies":[{"embeddable":true,"href":"https:\/\/cuernavaca.gob.mx\/index.php?rest_route=%2Fwp%2Fv2%2Fcomments&post=55918"}],"version-history":[{"count":1,"href":"https:\/\/cuernavaca.gob.mx\/index.php?rest_route=\/wp\/v2\/posts\/55918\/revisions"}],"predecessor-version":[{"id":55920,"href":"https:\/\/cuernavaca.gob.mx\/index.php?rest_route=\/wp\/v2\/posts\/55918\/revisions\/55920"}],"wp:featuredmedia":[{"embeddable":true,"href":"https:\/\/cuernavaca.gob.mx\/index.php?rest_route=\/wp\/v2\/media\/55919"}],"wp:attachment":[{"href":"https:\/\/cuernavaca.gob.mx\/index.php?rest_route=%2Fwp%2Fv2%2Fmedia&parent=55918"}],"wp:term":[{"taxonomy":"category","embeddable":true,"href":"https:\/\/cuernavaca.gob.mx\/index.php?rest_route=%2Fwp%2Fv2%2Fcategories&post=55918"},{"taxonomy":"post_tag","embeddable":true,"href":"https:\/\/cuernavaca.gob.mx\/index.php?rest_route=%2Fwp%2Fv2%2Ftags&post=55918"}],"curies":[{"name":"wp","href":"https:\/\/api.w.org\/{rel}","templated":true}]}}