{"id":55921,"date":"2026-01-23T10:30:48","date_gmt":"2026-01-23T16:30:48","guid":{"rendered":"https:\/\/cuernavaca.gob.mx\/?p=55921"},"modified":"2026-01-23T10:30:48","modified_gmt":"2026-01-23T16:30:48","slug":"b891-23-01-26-cuernavaca-fortalece-acciones-de-seguridad-en-coordinacion-con-tepoztlan-y-huitzilac","status":"publish","type":"post","link":"https:\/\/cuernavaca.gob.mx\/?p=55921","title":{"rendered":"B891 23\/01\/26 CUERNAVACA FORTALECE ACCIONES DE SEGURIDAD EN COORDINACI\u00d3N CON TEPOZTL\u00c1N Y HUITZILAC"},"content":{"rendered":"<p><strong>* Durante el encuentro se revisaron cuatro ejes estrat\u00e9gicos enfocados en la coordinaci\u00f3n intergubernamental, la atenci\u00f3n a zonas prioritarias y la identificaci\u00f3n de necesidades municipales<\/strong><\/p>\n<p>Con el objetivo de fortalecer la seguridad p\u00fablica y mejorar la percepci\u00f3n ciudadana, se llev\u00f3 a cabo una sesi\u00f3n de la Mesa de Seguridad para la Construcci\u00f3n de la Paz, en la que participaron autoridades de los tres \u00f3rdenes de gobierno, con el prop\u00f3sito de coordinar acciones en la regi\u00f3n conformada por Tepoztl\u00e1n, Cuernavaca y Huitzilac.<\/p>\n<p>Durante el encuentro, se analizaron los cuatro ejes estrat\u00e9gicos que contemplan acciones conjuntas entre los gobiernos federal y estatal, la atenci\u00f3n a colonias prioritarias, la generaci\u00f3n de mecanismos de permanencia, as\u00ed como la detecci\u00f3n de necesidades espec\u00edficas en cada municipio.<\/p>\n<p>En el marco de la sesi\u00f3n realizada en el municipio de Huitzilac, se inform\u00f3 que el Gobierno Federal podr\u00eda integrarse con la participaci\u00f3n de 53 dependencias, a fin de establecer actividades orientadas a la reconstrucci\u00f3n del tejido social y al fortalecimiento de la percepci\u00f3n de seguridad en Cuernavaca.<\/p>\n<p>En su intervenci\u00f3n, el alcalde Jos\u00e9 Luis Uri\u00f3stegui Salgado destac\u00f3 que, derivado de la reuni\u00f3n sostenida con la subsecretaria de Gobernaci\u00f3n, se subray\u00f3 la importancia de la atenci\u00f3n a las causas, as\u00ed como de identificar los factores que inciden en conductas incorrectas dentro de la poblaci\u00f3n.<\/p>\n<p>En ese contexto, el presidente municipal reafirm\u00f3 que Cuernavaca se suma a la Estrategia Nacional de Seguridad, resaltando los avances que el municipio ha logrado mediante acciones enfocadas en fortalecer la convivencia social.<\/p>\n<p>Como parte de estas estrategias integrales, tambi\u00e9n se dieron a conocer acciones complementarias, entre las que destacan la realizaci\u00f3n de conciertos gratuitos de m\u00fasica cl\u00e1sica el \u00faltimo domingo de cada mes en la explanada del Palacio de Cort\u00e9s; actividades culturales en el Parque Melchor Ocampo; una campa\u00f1a de donaci\u00f3n de libros que ha superado los cinco mil ejemplares; clases dominicales de ajedrez; otorgamiento de becas a estudiantes y j\u00f3venes destacados; y servicios de salud gratuitos en coordinaci\u00f3n con SEPRAC, DIF y SAPAC.<\/p>\n<p>Con estas acciones, el municipio de Cuernavaca, junto con los gobiernos municipal, estatal y federal, refrenda su compromiso de trabajar de manera coordinada para fortalecer el tejido social y avanzar en la construcci\u00f3n de entornos m\u00e1s seguros y en paz para las familias de la regi\u00f3n.<\/p>\n\n\t\t<style type=\"text\/css\">\n\t\t\t#gallery-1 {\n\t\t\t\tmargin: auto;\n\t\t\t}\n\t\t\t#gallery-1 .gallery-item {\n\t\t\t\tfloat: left;\n\t\t\t\tmargin-top: 10px;\n\t\t\t\ttext-align: center;\n\t\t\t\twidth: 33%;\n\t\t\t}\n\t\t\t#gallery-1 img {\n\t\t\t\tborder: 2px solid #cfcfcf;\n\t\t\t}\n\t\t\t#gallery-1 .gallery-caption {\n\t\t\t\tmargin-left: 0;\n\t\t\t}\n\t\t\t\/* see gallery_shortcode() in wp-includes\/media.php *\/\n\t\t<\/style>\n\t\t<div id='gallery-1' class='gallery galleryid-55921 gallery-columns-3 gallery-size-thumbnail'><dl class='gallery-item'>\n\t\t\t<dt class='gallery-icon landscape'>\n\t\t\t\t<a href='https:\/\/cuernavaca.gob.mx\/?attachment_id=55922'><img width=\"150\" height=\"150\" src=\"https:\/\/cuernavaca.gob.mx\/wp-content\/uploads\/2026\/01\/CUERNAVACA-FORTALECE-ACCIONES-DE-SEGURIDAD-EN-COORDINACIO\u0301N-CON-TEPOZTLA\u0301N-Y-HUITZILAC-1-150x150.jpg\" class=\"attachment-thumbnail size-thumbnail\" alt=\"\" loading=\"lazy\" \/><\/a>\n\t\t\t<\/dt><\/dl><dl class='gallery-item'>\n\t\t\t<dt class='gallery-icon landscape'>\n\t\t\t\t<a href='https:\/\/cuernavaca.gob.mx\/?attachment_id=55923'><img width=\"150\" height=\"150\" src=\"https:\/\/cuernavaca.gob.mx\/wp-content\/uploads\/2026\/01\/CUERNAVACA-FORTALECE-ACCIONES-DE-SEGURIDAD-EN-COORDINACIO\u0301N-CON-TEPOZTLA\u0301N-Y-HUITZILAC-2-150x150.jpg\" class=\"attachment-thumbnail size-thumbnail\" alt=\"\" loading=\"lazy\" \/><\/a>\n\t\t\t<\/dt><\/dl><dl class='gallery-item'>\n\t\t\t<dt class='gallery-icon landscape'>\n\t\t\t\t<a href='https:\/\/cuernavaca.gob.mx\/?attachment_id=55924'><img width=\"150\" height=\"150\" src=\"https:\/\/cuernavaca.gob.mx\/wp-content\/uploads\/2026\/01\/CUERNAVACA-FORTALECE-ACCIONES-DE-SEGURIDAD-EN-COORDINACIO\u0301N-CON-TEPOZTLA\u0301N-Y-HUITZILAC-3-150x150.jpg\" class=\"attachment-thumbnail size-thumbnail\" alt=\"\" loading=\"lazy\" \/><\/a>\n\t\t\t<\/dt><\/dl><br style=\"clear: both\" \/><dl class='gallery-item'>\n\t\t\t<dt class='gallery-icon landscape'>\n\t\t\t\t<a href='https:\/\/cuernavaca.gob.mx\/?attachment_id=55925'><img width=\"150\" height=\"150\" src=\"https:\/\/cuernavaca.gob.mx\/wp-content\/uploads\/2026\/01\/CUERNAVACA-FORTALECE-ACCIONES-DE-SEGURIDAD-EN-COORDINACIO\u0301N-CON-TEPOZTLA\u0301N-Y-HUITZILAC-4-150x150.jpg\" class=\"attachment-thumbnail size-thumbnail\" alt=\"\" loading=\"lazy\" \/><\/a>\n\t\t\t<\/dt><\/dl>\n\t\t\t<br style='clear: both' \/>\n\t\t<\/div>\n\n","protected":false},"excerpt":{"rendered":"<p>* Durante el encuentro se revisaron cuatro ejes estrat\u00e9gicos enfocados en la coordinaci\u00f3n intergubernamental, la atenci\u00f3n a zonas prioritarias y la identificaci\u00f3n de necesidades municipales Con el objetivo de fortalecer la seguridad p\u00fablica y mejorar la percepci\u00f3n ciudadana, se llev\u00f3 a cabo una sesi\u00f3n de la Mesa de Seguridad para la Construcci\u00f3n de la Paz, [&hellip;]<\/p>\n","protected":false},"author":1,"featured_media":55923,"comment_status":"closed","ping_status":"open","sticky":false,"template":"","format":"standard","meta":[],"categories":[1],"tags":[],"aioseo_notices":[],"_links":{"self":[{"href":"https:\/\/cuernavaca.gob.mx\/index.php?rest_route=\/wp\/v2\/posts\/55921"}],"collection":[{"href":"https:\/\/cuernavaca.gob.mx\/index.php?rest_route=\/wp\/v2\/posts"}],"about":[{"href":"https:\/\/cuernavaca.gob.mx\/index.php?rest_route=\/wp\/v2\/types\/post"}],"author":[{"embeddable":true,"href":"https:\/\/cuernavaca.gob.mx\/index.php?rest_route=\/wp\/v2\/users\/1"}],"replies":[{"embeddable":true,"href":"https:\/\/cuernavaca.gob.mx\/index.php?rest_route=%2Fwp%2Fv2%2Fcomments&post=55921"}],"version-history":[{"count":1,"href":"https:\/\/cuernavaca.gob.mx\/index.php?rest_route=\/wp\/v2\/posts\/55921\/revisions"}],"predecessor-version":[{"id":55926,"href":"https:\/\/cuernavaca.gob.mx\/index.php?rest_route=\/wp\/v2\/posts\/55921\/revisions\/55926"}],"wp:featuredmedia":[{"embeddable":true,"href":"https:\/\/cuernavaca.gob.mx\/index.php?rest_route=\/wp\/v2\/media\/55923"}],"wp:attachment":[{"href":"https:\/\/cuernavaca.gob.mx\/index.php?rest_route=%2Fwp%2Fv2%2Fmedia&parent=55921"}],"wp:term":[{"taxonomy":"category","embeddable":true,"href":"https:\/\/cuernavaca.gob.mx\/index.php?rest_route=%2Fwp%2Fv2%2Fcategories&post=55921"},{"taxonomy":"post_tag","embeddable":true,"href":"https:\/\/cuernavaca.gob.mx\/index.php?rest_route=%2Fwp%2Fv2%2Ftags&post=55921"}],"curies":[{"name":"wp","href":"https:\/\/api.w.org\/{rel}","templated":true}]}}