{"id":55930,"date":"2026-01-23T13:33:33","date_gmt":"2026-01-23T19:33:33","guid":{"rendered":"https:\/\/cuernavaca.gob.mx\/?p=55930"},"modified":"2026-01-23T13:33:33","modified_gmt":"2026-01-23T19:33:33","slug":"b892-23-01-25-cuernavaca-apuesta-por-el-arte-y-la-cultura-en-2026-con-una-amplia-agenda-de-actividades-gratuitas-para-la-ciudadania","status":"publish","type":"post","link":"https:\/\/cuernavaca.gob.mx\/?p=55930","title":{"rendered":"B892 23\/01\/25 CUERNAVACA APUESTA POR EL ARTE Y LA CULTURA EN 2026 CON UNA AMPLIA AGENDA DE ACTIVIDADES GRATUITAS PARA LA CIUDADAN\u00cdA"},"content":{"rendered":"<p><strong>\u2022 El alcalde Jos\u00e9 Luis Uri\u00f3stegui present\u00f3 al nuevo director del Instituto de Cultura y reafirm\u00f3 que el 2026 ser\u00e1 un a\u00f1o clave para la vida art\u00edstica y cultural en Cuernavaca<\/strong><\/p>\n<p><strong>\u2022 Colonias, poblados y espacios p\u00fablicos formar\u00e1n parte de esta agenda cultural<\/strong><\/p>\n<p>Con la meta de consolidar una pol\u00edtica incluyente y cercana a la ciudadan\u00eda, el presidente municipal de Cuernavaca, Jos\u00e9 Luis Uri\u00f3stegui Salgado, present\u00f3 este viernes a Jorge C\u00e1zares Clement como director del Instituto de Cultura, durante la primera sesi\u00f3n ordinaria del Consejo Municipal para la Cultura y las Artes, reiterando que el 2026 ser\u00e1 el a\u00f1o de la cultura en la capital morelense.<\/p>\n<p>El alcalde destac\u00f3 que la visi\u00f3n para este a\u00f1o contempla llevar actividades art\u00edsticas y culturales a los poblados, colonias y espacios p\u00fablicos de la ciudad, con el prop\u00f3sito de incentivar la convivencia familiar, la apropiaci\u00f3n del espacio p\u00fablico y el fortalecimiento del tejido social. Se\u00f1al\u00f3 que este objetivo representa una encomienda central, tanto para el nuevo titular del Instituto de Cultura como para las y los integrantes del Consejo, a quienes pidi\u00f3 respaldar el trabajo de Jorge C\u00e1zares Clement, quien adem\u00e1s form\u00f3 parte de este \u00f3rgano colegiado.<\/p>\n<p>Durante su intervenci\u00f3n, Uri\u00f3stegui Salgado reconoci\u00f3 el trabajo realizado por Juan Contreras de Oteyza al frente del Instituto de Cultura durante los \u00faltimos cuatro a\u00f1os, periodo en el que se impuls\u00f3 de manera significativa la actividad art\u00edstica en el municipio. Resalt\u00f3 que el Museo de la Ciudad de Cuernavaca (MuCiC) se consolid\u00f3 como un espacio de referencia para la presentaci\u00f3n de artistas renombrados, generando incluso un excedente en solicitudes de uso, proceso que ha sido acompa\u00f1ado y fortalecido por el propio consejo.<\/p>\n<p>Por su lado, Jorge C\u00e1zares Clement subray\u00f3 la importancia de retomar el trabajo conjunto con el Consejo Municipal para la Cultura y las Artes, considerando sus aportaciones para ampliar la oferta cultural del municipio. Se\u00f1al\u00f3 que el MuCiC es actualmente uno de los espacios m\u00e1s activos del estado, resultado de la alta demanda de quienes generan eventos culturales; no obstante, afirm\u00f3 que se fortalecer\u00e1 su funcionamiento y, de manera prioritaria, se impulsar\u00e1n actividades fuera del museo, con especial atenci\u00f3n en zonas vulnerables y espacios hist\u00f3ricamente rezagados, a fin de llevar la cultura a todos los rincones de Cuernavaca.<\/p>\n<p>Tras el respaldo expresado por las y los consejeros ciudadanos, Jos\u00e9 Luis Uri\u00f3stegui Salgado inform\u00f3 que para este 2026 ya se trabaja en una agenda cultural permanente, gratuita y abierta a toda la poblaci\u00f3n, as\u00ed como en la reactivaci\u00f3n de espacios p\u00fablicos emblem\u00e1ticos. Como parte de estas acciones, anunci\u00f3 que este domingo 25 de enero iniciar\u00e1 la cartelera del evento &#8220;Tardes de Cultura en Cuernavaca&#8221;, con el concierto Piano y Cello: del Barroco al Contempor\u00e1neo, a las 17:00 horas, en la explanada del Palacio de Cort\u00e9s, con acceso totalmente gratuito.<\/p>\n<p>De esta manera, el Gobierno Municipal avanza en la construcci\u00f3n de una ciudad viva, en la que la cultura se convierte en un derecho accesible, impulsa la convivencia y act\u00faa como eje estrat\u00e9gico para recuperar el espacio p\u00fablico y fortalecer la identidad de Cuernavaca.<\/p>\n\n\t\t<style type=\"text\/css\">\n\t\t\t#gallery-1 {\n\t\t\t\tmargin: auto;\n\t\t\t}\n\t\t\t#gallery-1 .gallery-item {\n\t\t\t\tfloat: left;\n\t\t\t\tmargin-top: 10px;\n\t\t\t\ttext-align: center;\n\t\t\t\twidth: 33%;\n\t\t\t}\n\t\t\t#gallery-1 img {\n\t\t\t\tborder: 2px solid #cfcfcf;\n\t\t\t}\n\t\t\t#gallery-1 .gallery-caption {\n\t\t\t\tmargin-left: 0;\n\t\t\t}\n\t\t\t\/* see gallery_shortcode() in wp-includes\/media.php *\/\n\t\t<\/style>\n\t\t<div id='gallery-1' class='gallery galleryid-55930 gallery-columns-3 gallery-size-thumbnail'><dl class='gallery-item'>\n\t\t\t<dt class='gallery-icon landscape'>\n\t\t\t\t<a href='https:\/\/cuernavaca.gob.mx\/?attachment_id=55931'><img width=\"150\" height=\"150\" src=\"https:\/\/cuernavaca.gob.mx\/wp-content\/uploads\/2026\/01\/CUERNAVACA-APUESTA-POR-EL-ARTE-Y-LA-CULTURA-EN-2026-CON-UNA-AMPLIA-AGENDA-DE-ACTIVIDADES-GRATUITAS-PARA-LA-CIUDADANI\u0301A-1-150x150.jpg\" class=\"attachment-thumbnail size-thumbnail\" alt=\"\" loading=\"lazy\" \/><\/a>\n\t\t\t<\/dt><\/dl><dl class='gallery-item'>\n\t\t\t<dt class='gallery-icon landscape'>\n\t\t\t\t<a href='https:\/\/cuernavaca.gob.mx\/?attachment_id=55932'><img width=\"150\" height=\"150\" src=\"https:\/\/cuernavaca.gob.mx\/wp-content\/uploads\/2026\/01\/CUERNAVACA-APUESTA-POR-EL-ARTE-Y-LA-CULTURA-EN-2026-CON-UNA-AMPLIA-AGENDA-DE-ACTIVIDADES-GRATUITAS-PARA-LA-CIUDADANI\u0301A-2-150x150.jpg\" class=\"attachment-thumbnail size-thumbnail\" alt=\"\" loading=\"lazy\" \/><\/a>\n\t\t\t<\/dt><\/dl><dl class='gallery-item'>\n\t\t\t<dt class='gallery-icon landscape'>\n\t\t\t\t<a href='https:\/\/cuernavaca.gob.mx\/?attachment_id=55933'><img width=\"150\" height=\"150\" src=\"https:\/\/cuernavaca.gob.mx\/wp-content\/uploads\/2026\/01\/CUERNAVACA-APUESTA-POR-EL-ARTE-Y-LA-CULTURA-EN-2026-CON-UNA-AMPLIA-AGENDA-DE-ACTIVIDADES-GRATUITAS-PARA-LA-CIUDADANI\u0301A-3-150x150.jpg\" class=\"attachment-thumbnail size-thumbnail\" alt=\"\" loading=\"lazy\" \/><\/a>\n\t\t\t<\/dt><\/dl><br style=\"clear: both\" \/><dl class='gallery-item'>\n\t\t\t<dt class='gallery-icon landscape'>\n\t\t\t\t<a href='https:\/\/cuernavaca.gob.mx\/?attachment_id=55934'><img width=\"150\" height=\"150\" src=\"https:\/\/cuernavaca.gob.mx\/wp-content\/uploads\/2026\/01\/CUERNAVACA-APUESTA-POR-EL-ARTE-Y-LA-CULTURA-EN-2026-CON-UNA-AMPLIA-AGENDA-DE-ACTIVIDADES-GRATUITAS-PARA-LA-CIUDADANI\u0301A-4-150x150.jpg\" class=\"attachment-thumbnail size-thumbnail\" alt=\"\" loading=\"lazy\" \/><\/a>\n\t\t\t<\/dt><\/dl><dl class='gallery-item'>\n\t\t\t<dt class='gallery-icon landscape'>\n\t\t\t\t<a href='https:\/\/cuernavaca.gob.mx\/?attachment_id=55935'><img width=\"150\" height=\"150\" src=\"https:\/\/cuernavaca.gob.mx\/wp-content\/uploads\/2026\/01\/CUERNAVACA-APUESTA-POR-EL-ARTE-Y-LA-CULTURA-EN-2026-CON-UNA-AMPLIA-AGENDA-DE-ACTIVIDADES-GRATUITAS-PARA-LA-CIUDADANI\u0301A-5-150x150.jpg\" class=\"attachment-thumbnail size-thumbnail\" alt=\"\" loading=\"lazy\" \/><\/a>\n\t\t\t<\/dt><\/dl><dl class='gallery-item'>\n\t\t\t<dt class='gallery-icon landscape'>\n\t\t\t\t<a href='https:\/\/cuernavaca.gob.mx\/?attachment_id=55936'><img width=\"150\" height=\"150\" src=\"https:\/\/cuernavaca.gob.mx\/wp-content\/uploads\/2026\/01\/CUERNAVACA-APUESTA-POR-EL-ARTE-Y-LA-CULTURA-EN-2026-CON-UNA-AMPLIA-AGENDA-DE-ACTIVIDADES-GRATUITAS-PARA-LA-CIUDADANI\u0301A-6-150x150.jpg\" class=\"attachment-thumbnail size-thumbnail\" alt=\"\" loading=\"lazy\" \/><\/a>\n\t\t\t<\/dt><\/dl><br style=\"clear: both\" \/>\n\t\t<\/div>\n\n","protected":false},"excerpt":{"rendered":"<p>\u2022 El alcalde Jos\u00e9 Luis Uri\u00f3stegui present\u00f3 al nuevo director del Instituto de Cultura y reafirm\u00f3 que el 2026 ser\u00e1 un a\u00f1o clave para la vida art\u00edstica y cultural en Cuernavaca \u2022 Colonias, poblados y espacios p\u00fablicos formar\u00e1n parte de esta agenda cultural Con la meta de consolidar una pol\u00edtica incluyente y cercana a la [&hellip;]<\/p>\n","protected":false},"author":1,"featured_media":55935,"comment_status":"closed","ping_status":"open","sticky":false,"template":"","format":"standard","meta":[],"categories":[1],"tags":[121,120,127],"aioseo_notices":[],"_links":{"self":[{"href":"https:\/\/cuernavaca.gob.mx\/index.php?rest_route=\/wp\/v2\/posts\/55930"}],"collection":[{"href":"https:\/\/cuernavaca.gob.mx\/index.php?rest_route=\/wp\/v2\/posts"}],"about":[{"href":"https:\/\/cuernavaca.gob.mx\/index.php?rest_route=\/wp\/v2\/types\/post"}],"author":[{"embeddable":true,"href":"https:\/\/cuernavaca.gob.mx\/index.php?rest_route=\/wp\/v2\/users\/1"}],"replies":[{"embeddable":true,"href":"https:\/\/cuernavaca.gob.mx\/index.php?rest_route=%2Fwp%2Fv2%2Fcomments&post=55930"}],"version-history":[{"count":1,"href":"https:\/\/cuernavaca.gob.mx\/index.php?rest_route=\/wp\/v2\/posts\/55930\/revisions"}],"predecessor-version":[{"id":55937,"href":"https:\/\/cuernavaca.gob.mx\/index.php?rest_route=\/wp\/v2\/posts\/55930\/revisions\/55937"}],"wp:featuredmedia":[{"embeddable":true,"href":"https:\/\/cuernavaca.gob.mx\/index.php?rest_route=\/wp\/v2\/media\/55935"}],"wp:attachment":[{"href":"https:\/\/cuernavaca.gob.mx\/index.php?rest_route=%2Fwp%2Fv2%2Fmedia&parent=55930"}],"wp:term":[{"taxonomy":"category","embeddable":true,"href":"https:\/\/cuernavaca.gob.mx\/index.php?rest_route=%2Fwp%2Fv2%2Fcategories&post=55930"},{"taxonomy":"post_tag","embeddable":true,"href":"https:\/\/cuernavaca.gob.mx\/index.php?rest_route=%2Fwp%2Fv2%2Ftags&post=55930"}],"curies":[{"name":"wp","href":"https:\/\/api.w.org\/{rel}","templated":true}]}}