{"id":55981,"date":"2026-01-26T08:00:23","date_gmt":"2026-01-26T14:00:23","guid":{"rendered":"https:\/\/cuernavaca.gob.mx\/?p=55981"},"modified":"2026-01-26T15:07:38","modified_gmt":"2026-01-26T21:07:38","slug":"b894-26-01-26-con-gran-respuesta-ciudadana-inician-las-tardes-de-cultura-en-cuernavaca-en-el-palacio-de-cortes","status":"publish","type":"post","link":"https:\/\/cuernavaca.gob.mx\/?p=55981","title":{"rendered":"B894 26\/01\/26 CON GRAN RESPUESTA CIUDADANA, INICIAN LAS &#8220;TARDES DE CULTURA EN CUERNAVACA&#8221; EN EL PALACIO DE CORT\u00c9S"},"content":{"rendered":"<p><strong>\u2022 Familias completas disfrutaron del Concierto de Piano y Cello: Del Barroco al Contempor\u00e1neo, una velada que transform\u00f3 el Palacio de Cort\u00e9s en un espacio de encuentro cultural<\/strong><\/p>\n<p><strong>\u2022 &#8220;Tardes de Cultura en Cuernavaca&#8221; se realizar\u00e1 el \u00faltimo domingo de cada mes con presentaciones art\u00edsticas- culturales gratuitas<\/strong><\/p>\n<p>La m\u00fasica volvi\u00f3 a reunir a la ciudad. Este domingo, la explanada del Palacio de Cort\u00e9s se convirti\u00f3 en un punto de encuentro para familias, ni\u00f1as, ni\u00f1os, j\u00f3venes y personas adultas que acudieron al arranque del programa \u201cTardes de Cultura en Cuernavaca\u201d, una iniciativa del Ayuntamiento de Cuernavaca, encabezado por el alcalde Jos\u00e9 Luis Uri\u00f3stegui Salgado, orientada a acercar el arte y la cultura de manera gratuita a la poblaci\u00f3n.<\/p>\n<p>El Concierto de Piano y Cello: Del Barroco al Contempor\u00e1neo, interpretado por la Academia de Arte Musical Larghetto, marc\u00f3 el inicio de este programa que busca recuperar los espacios p\u00fablicos a trav\u00e9s de experiencias culturales que fortalecen la convivencia social y el sentido de pertenencia. La presentaci\u00f3n ofreci\u00f3 un recorrido sonoro por distintas \u00e9pocas, estilos y emociones, enmarcado por uno de los recintos hist\u00f3ricos m\u00e1s emblem\u00e1ticos de la ciudad.<\/p>\n<p>Durante el evento, el alcalde Jos\u00e9 Luis Uri\u00f3stegui Salgado, acompa\u00f1ado de su esposa, Luz Mar\u00eda Zagal Guzm\u00e1n, presidenta del Sistema Municipal DIF Cuernavaca, as\u00ed como del director del Instituto de Cultura, Jorge C\u00e1zares Clement, destac\u00f3 que \u201cTardes de Cultura en Cuernavaca\u201d se llevar\u00e1 a cabo el \u00faltimo domingo de cada mes. La programaci\u00f3n incluir\u00e1 cuartetos de cuerdas, \u00f3pera, mariachi y orquestas sinf\u00f3nicas de alto nivel, con la participaci\u00f3n de talentos locales y nacionales.<\/p>\n<p>Ante una nutrida asistencia, el edil subray\u00f3 que el impulso a la cultura es una herramienta fundamental para la reconstrucci\u00f3n del tejido social y para consolidar a Cuernavaca como una ciudad que valora sus ra\u00edces y promueve la sensibilidad art\u00edstica.<br \/>\n&#8220;Queremos que Cuernavaca destaque por la cultura y por la sensibilidad de sus gustos culturales. Tenemos que dar un salto importante para recuperar nuestras ra\u00edces, la convivencia comunitaria y la sensibilidad art\u00edstica&#8221;, expres\u00f3.<\/p>\n<p>La velada musical estuvo a cargo del maestro Hebre Schiavon en el piano, concertista con amplia trayectoria art\u00edstica y formador de proyectos incluyentes, y del maestro Orlando Espinoza en el violonchelo, int\u00e9rprete con presentaciones en escenarios nacionales e internacionales. Ambos cuentan con formaci\u00f3n en el Conservatorio Nacional de M\u00fasica.<\/p>\n<p>Asimismo, el alcalde invit\u00f3 a las y los asistentes a conocer la oferta cultural y recreativa que se impulsa en el Parque Melchor Ocampo, donde este domingo iniciaron clases de ajedrez y, a partir del 1 de febrero, se desarrollar\u00e1n diversas actividades culturales, art\u00edsticas y f\u00edsicas dirigidas a todos los sectores de la poblaci\u00f3n, como parte de la estrategia municipal para la revitalizaci\u00f3n de los espacios p\u00fablicos.<\/p>\n<p>Con \u201cTardes de Cultura en Cuernavaca\u201d, el Ayuntamiento capitalino refrenda su compromiso de construir una ciudad m\u00e1s humana, donde el arte, la convivencia y la identidad cultural sean pilares para la paz, la cohesi\u00f3n social y el bienestar de las familias.<\/p>\n\n\t\t<style type=\"text\/css\">\n\t\t\t#gallery-1 {\n\t\t\t\tmargin: auto;\n\t\t\t}\n\t\t\t#gallery-1 .gallery-item {\n\t\t\t\tfloat: left;\n\t\t\t\tmargin-top: 10px;\n\t\t\t\ttext-align: center;\n\t\t\t\twidth: 33%;\n\t\t\t}\n\t\t\t#gallery-1 img {\n\t\t\t\tborder: 2px solid #cfcfcf;\n\t\t\t}\n\t\t\t#gallery-1 .gallery-caption {\n\t\t\t\tmargin-left: 0;\n\t\t\t}\n\t\t\t\/* see gallery_shortcode() in wp-includes\/media.php *\/\n\t\t<\/style>\n\t\t<div id='gallery-1' class='gallery galleryid-55981 gallery-columns-3 gallery-size-thumbnail'><dl class='gallery-item'>\n\t\t\t<dt class='gallery-icon landscape'>\n\t\t\t\t<a href='https:\/\/cuernavaca.gob.mx\/?attachment_id=55982'><img width=\"150\" height=\"150\" src=\"https:\/\/cuernavaca.gob.mx\/wp-content\/uploads\/2026\/01\/CON-GRAN-RESPUESTA-CIUDADANA-INICIAN-LAS-22TARDES-DE-CULTURA-EN-CUERNAVACA22-EN-EL-PALACIO-DE-CORTE\u0301S-1-150x150.jpg\" class=\"attachment-thumbnail size-thumbnail\" alt=\"\" loading=\"lazy\" \/><\/a>\n\t\t\t<\/dt><\/dl><dl class='gallery-item'>\n\t\t\t<dt class='gallery-icon landscape'>\n\t\t\t\t<a href='https:\/\/cuernavaca.gob.mx\/?attachment_id=55983'><img width=\"150\" height=\"150\" src=\"https:\/\/cuernavaca.gob.mx\/wp-content\/uploads\/2026\/01\/CON-GRAN-RESPUESTA-CIUDADANA-INICIAN-LAS-22TARDES-DE-CULTURA-EN-CUERNAVACA22-EN-EL-PALACIO-DE-CORTE\u0301S-2-150x150.jpg\" class=\"attachment-thumbnail size-thumbnail\" alt=\"\" loading=\"lazy\" \/><\/a>\n\t\t\t<\/dt><\/dl><dl class='gallery-item'>\n\t\t\t<dt class='gallery-icon landscape'>\n\t\t\t\t<a href='https:\/\/cuernavaca.gob.mx\/?attachment_id=55984'><img width=\"150\" height=\"150\" src=\"https:\/\/cuernavaca.gob.mx\/wp-content\/uploads\/2026\/01\/CON-GRAN-RESPUESTA-CIUDADANA-INICIAN-LAS-22TARDES-DE-CULTURA-EN-CUERNAVACA22-EN-EL-PALACIO-DE-CORTE\u0301S-3-150x150.jpg\" class=\"attachment-thumbnail size-thumbnail\" alt=\"\" loading=\"lazy\" \/><\/a>\n\t\t\t<\/dt><\/dl><br style=\"clear: both\" \/><dl class='gallery-item'>\n\t\t\t<dt class='gallery-icon landscape'>\n\t\t\t\t<a href='https:\/\/cuernavaca.gob.mx\/?attachment_id=55985'><img width=\"150\" height=\"150\" src=\"https:\/\/cuernavaca.gob.mx\/wp-content\/uploads\/2026\/01\/CON-GRAN-RESPUESTA-CIUDADANA-INICIAN-LAS-22TARDES-DE-CULTURA-EN-CUERNAVACA22-EN-EL-PALACIO-DE-CORTE\u0301S-4-150x150.jpg\" class=\"attachment-thumbnail size-thumbnail\" alt=\"\" loading=\"lazy\" \/><\/a>\n\t\t\t<\/dt><\/dl><dl class='gallery-item'>\n\t\t\t<dt class='gallery-icon landscape'>\n\t\t\t\t<a href='https:\/\/cuernavaca.gob.mx\/?attachment_id=55986'><img width=\"150\" height=\"150\" src=\"https:\/\/cuernavaca.gob.mx\/wp-content\/uploads\/2026\/01\/CON-GRAN-RESPUESTA-CIUDADANA-INICIAN-LAS-22TARDES-DE-CULTURA-EN-CUERNAVACA22-EN-EL-PALACIO-DE-CORTE\u0301S-5-150x150.jpg\" class=\"attachment-thumbnail size-thumbnail\" alt=\"\" loading=\"lazy\" \/><\/a>\n\t\t\t<\/dt><\/dl><dl class='gallery-item'>\n\t\t\t<dt class='gallery-icon landscape'>\n\t\t\t\t<a href='https:\/\/cuernavaca.gob.mx\/?attachment_id=55987'><img width=\"150\" height=\"150\" src=\"https:\/\/cuernavaca.gob.mx\/wp-content\/uploads\/2026\/01\/CON-GRAN-RESPUESTA-CIUDADANA-INICIAN-LAS-22TARDES-DE-CULTURA-EN-CUERNAVACA22-EN-EL-PALACIO-DE-CORTE\u0301S-6-150x150.jpg\" class=\"attachment-thumbnail size-thumbnail\" alt=\"\" loading=\"lazy\" \/><\/a>\n\t\t\t<\/dt><\/dl><br style=\"clear: both\" \/><dl class='gallery-item'>\n\t\t\t<dt class='gallery-icon landscape'>\n\t\t\t\t<a href='https:\/\/cuernavaca.gob.mx\/?attachment_id=55988'><img width=\"150\" height=\"150\" src=\"https:\/\/cuernavaca.gob.mx\/wp-content\/uploads\/2026\/01\/CON-GRAN-RESPUESTA-CIUDADANA-INICIAN-LAS-22TARDES-DE-CULTURA-EN-CUERNAVACA22-EN-EL-PALACIO-DE-CORTE\u0301S-7-150x150.jpg\" class=\"attachment-thumbnail size-thumbnail\" alt=\"\" loading=\"lazy\" \/><\/a>\n\t\t\t<\/dt><\/dl><dl class='gallery-item'>\n\t\t\t<dt class='gallery-icon landscape'>\n\t\t\t\t<a href='https:\/\/cuernavaca.gob.mx\/?attachment_id=55989'><img width=\"150\" height=\"150\" src=\"https:\/\/cuernavaca.gob.mx\/wp-content\/uploads\/2026\/01\/CON-GRAN-RESPUESTA-CIUDADANA-INICIAN-LAS-22TARDES-DE-CULTURA-EN-CUERNAVACA22-EN-EL-PALACIO-DE-CORTE\u0301S-8-150x150.jpg\" class=\"attachment-thumbnail size-thumbnail\" alt=\"\" loading=\"lazy\" \/><\/a>\n\t\t\t<\/dt><\/dl><dl class='gallery-item'>\n\t\t\t<dt class='gallery-icon landscape'>\n\t\t\t\t<a href='https:\/\/cuernavaca.gob.mx\/?attachment_id=55990'><img width=\"150\" height=\"150\" src=\"https:\/\/cuernavaca.gob.mx\/wp-content\/uploads\/2026\/01\/CON-GRAN-RESPUESTA-CIUDADANA-INICIAN-LAS-22TARDES-DE-CULTURA-EN-CUERNAVACA22-EN-EL-PALACIO-DE-CORTE\u0301S-9-150x150.jpg\" class=\"attachment-thumbnail size-thumbnail\" alt=\"\" loading=\"lazy\" \/><\/a>\n\t\t\t<\/dt><\/dl><br style=\"clear: both\" \/><dl class='gallery-item'>\n\t\t\t<dt class='gallery-icon landscape'>\n\t\t\t\t<a href='https:\/\/cuernavaca.gob.mx\/?attachment_id=55991'><img width=\"150\" height=\"150\" src=\"https:\/\/cuernavaca.gob.mx\/wp-content\/uploads\/2026\/01\/CON-GRAN-RESPUESTA-CIUDADANA-INICIAN-LAS-22TARDES-DE-CULTURA-EN-CUERNAVACA22-EN-EL-PALACIO-DE-CORTE\u0301S-10-150x150.jpg\" class=\"attachment-thumbnail size-thumbnail\" alt=\"\" loading=\"lazy\" \/><\/a>\n\t\t\t<\/dt><\/dl><dl class='gallery-item'>\n\t\t\t<dt class='gallery-icon landscape'>\n\t\t\t\t<a href='https:\/\/cuernavaca.gob.mx\/?attachment_id=55992'><img width=\"150\" height=\"150\" src=\"https:\/\/cuernavaca.gob.mx\/wp-content\/uploads\/2026\/01\/CON-GRAN-RESPUESTA-CIUDADANA-INICIAN-LAS-22TARDES-DE-CULTURA-EN-CUERNAVACA22-EN-EL-PALACIO-DE-CORTE\u0301S-11-150x150.jpg\" class=\"attachment-thumbnail size-thumbnail\" alt=\"\" loading=\"lazy\" \/><\/a>\n\t\t\t<\/dt><\/dl><dl class='gallery-item'>\n\t\t\t<dt class='gallery-icon landscape'>\n\t\t\t\t<a href='https:\/\/cuernavaca.gob.mx\/?attachment_id=55993'><img width=\"150\" height=\"150\" src=\"https:\/\/cuernavaca.gob.mx\/wp-content\/uploads\/2026\/01\/CON-GRAN-RESPUESTA-CIUDADANA-INICIAN-LAS-22TARDES-DE-CULTURA-EN-CUERNAVACA22-EN-EL-PALACIO-DE-CORTE\u0301S-12-150x150.jpg\" class=\"attachment-thumbnail size-thumbnail\" alt=\"\" loading=\"lazy\" \/><\/a>\n\t\t\t<\/dt><\/dl><br style=\"clear: both\" \/><dl class='gallery-item'>\n\t\t\t<dt class='gallery-icon landscape'>\n\t\t\t\t<a href='https:\/\/cuernavaca.gob.mx\/?attachment_id=55994'><img width=\"150\" height=\"150\" src=\"https:\/\/cuernavaca.gob.mx\/wp-content\/uploads\/2026\/01\/CON-GRAN-RESPUESTA-CIUDADANA-INICIAN-LAS-22TARDES-DE-CULTURA-EN-CUERNAVACA22-EN-EL-PALACIO-DE-CORTE\u0301S-13-150x150.jpg\" class=\"attachment-thumbnail size-thumbnail\" alt=\"\" loading=\"lazy\" \/><\/a>\n\t\t\t<\/dt><\/dl><dl class='gallery-item'>\n\t\t\t<dt class='gallery-icon landscape'>\n\t\t\t\t<a href='https:\/\/cuernavaca.gob.mx\/?attachment_id=55995'><img width=\"150\" height=\"150\" src=\"https:\/\/cuernavaca.gob.mx\/wp-content\/uploads\/2026\/01\/CON-GRAN-RESPUESTA-CIUDADANA-INICIAN-LAS-22TARDES-DE-CULTURA-EN-CUERNAVACA22-EN-EL-PALACIO-DE-CORTE\u0301S-14-150x150.jpg\" class=\"attachment-thumbnail size-thumbnail\" alt=\"\" loading=\"lazy\" \/><\/a>\n\t\t\t<\/dt><\/dl><dl class='gallery-item'>\n\t\t\t<dt class='gallery-icon landscape'>\n\t\t\t\t<a href='https:\/\/cuernavaca.gob.mx\/?attachment_id=55996'><img width=\"150\" height=\"150\" src=\"https:\/\/cuernavaca.gob.mx\/wp-content\/uploads\/2026\/01\/CON-GRAN-RESPUESTA-CIUDADANA-INICIAN-LAS-22TARDES-DE-CULTURA-EN-CUERNAVACA22-EN-EL-PALACIO-DE-CORTE\u0301S-15-150x150.jpg\" class=\"attachment-thumbnail size-thumbnail\" alt=\"\" loading=\"lazy\" \/><\/a>\n\t\t\t<\/dt><\/dl><br style=\"clear: both\" \/><dl class='gallery-item'>\n\t\t\t<dt class='gallery-icon landscape'>\n\t\t\t\t<a href='https:\/\/cuernavaca.gob.mx\/?attachment_id=55997'><img width=\"150\" height=\"150\" src=\"https:\/\/cuernavaca.gob.mx\/wp-content\/uploads\/2026\/01\/CON-GRAN-RESPUESTA-CIUDADANA-INICIAN-LAS-22TARDES-DE-CULTURA-EN-CUERNAVACA22-EN-EL-PALACIO-DE-CORTE\u0301S-16-150x150.jpg\" class=\"attachment-thumbnail size-thumbnail\" alt=\"\" loading=\"lazy\" \/><\/a>\n\t\t\t<\/dt><\/dl><dl class='gallery-item'>\n\t\t\t<dt class='gallery-icon portrait'>\n\t\t\t\t<a href='https:\/\/cuernavaca.gob.mx\/?attachment_id=55998'><img width=\"150\" height=\"150\" src=\"https:\/\/cuernavaca.gob.mx\/wp-content\/uploads\/2026\/01\/CON-GRAN-RESPUESTA-CIUDADANA-INICIAN-LAS-22TARDES-DE-CULTURA-EN-CUERNAVACA22-EN-EL-PALACIO-DE-CORTE\u0301S-17-150x150.jpg\" class=\"attachment-thumbnail size-thumbnail\" alt=\"\" loading=\"lazy\" \/><\/a>\n\t\t\t<\/dt><\/dl><dl class='gallery-item'>\n\t\t\t<dt class='gallery-icon landscape'>\n\t\t\t\t<a href='https:\/\/cuernavaca.gob.mx\/?attachment_id=55999'><img width=\"150\" height=\"150\" src=\"https:\/\/cuernavaca.gob.mx\/wp-content\/uploads\/2026\/01\/CON-GRAN-RESPUESTA-CIUDADANA-INICIAN-LAS-22TARDES-DE-CULTURA-EN-CUERNAVACA22-EN-EL-PALACIO-DE-CORTE\u0301S-18-150x150.jpg\" class=\"attachment-thumbnail size-thumbnail\" alt=\"\" loading=\"lazy\" \/><\/a>\n\t\t\t<\/dt><\/dl><br style=\"clear: both\" \/><dl class='gallery-item'>\n\t\t\t<dt class='gallery-icon landscape'>\n\t\t\t\t<a href='https:\/\/cuernavaca.gob.mx\/?attachment_id=56000'><img width=\"150\" height=\"150\" src=\"https:\/\/cuernavaca.gob.mx\/wp-content\/uploads\/2026\/01\/CON-GRAN-RESPUESTA-CIUDADANA-INICIAN-LAS-22TARDES-DE-CULTURA-EN-CUERNAVACA22-EN-EL-PALACIO-DE-CORTE\u0301S-19-150x150.jpg\" class=\"attachment-thumbnail size-thumbnail\" alt=\"\" loading=\"lazy\" \/><\/a>\n\t\t\t<\/dt><\/dl>\n\t\t\t<br style='clear: both' \/>\n\t\t<\/div>\n\n","protected":false},"excerpt":{"rendered":"<p>\u2022 Familias completas disfrutaron del Concierto de Piano y Cello: Del Barroco al Contempor\u00e1neo, una velada que transform\u00f3 el Palacio de Cort\u00e9s en un espacio de encuentro cultural \u2022 &#8220;Tardes de Cultura en Cuernavaca&#8221; se realizar\u00e1 el \u00faltimo domingo de cada mes con presentaciones art\u00edsticas- culturales gratuitas La m\u00fasica volvi\u00f3 a reunir a la ciudad. [&hellip;]<\/p>\n","protected":false},"author":1,"featured_media":56000,"comment_status":"closed","ping_status":"open","sticky":false,"template":"","format":"standard","meta":[],"categories":[2292],"tags":[1300,258,121,2337,120,206],"aioseo_notices":[],"_links":{"self":[{"href":"https:\/\/cuernavaca.gob.mx\/index.php?rest_route=\/wp\/v2\/posts\/55981"}],"collection":[{"href":"https:\/\/cuernavaca.gob.mx\/index.php?rest_route=\/wp\/v2\/posts"}],"about":[{"href":"https:\/\/cuernavaca.gob.mx\/index.php?rest_route=\/wp\/v2\/types\/post"}],"author":[{"embeddable":true,"href":"https:\/\/cuernavaca.gob.mx\/index.php?rest_route=\/wp\/v2\/users\/1"}],"replies":[{"embeddable":true,"href":"https:\/\/cuernavaca.gob.mx\/index.php?rest_route=%2Fwp%2Fv2%2Fcomments&post=55981"}],"version-history":[{"count":1,"href":"https:\/\/cuernavaca.gob.mx\/index.php?rest_route=\/wp\/v2\/posts\/55981\/revisions"}],"predecessor-version":[{"id":56001,"href":"https:\/\/cuernavaca.gob.mx\/index.php?rest_route=\/wp\/v2\/posts\/55981\/revisions\/56001"}],"wp:featuredmedia":[{"embeddable":true,"href":"https:\/\/cuernavaca.gob.mx\/index.php?rest_route=\/wp\/v2\/media\/56000"}],"wp:attachment":[{"href":"https:\/\/cuernavaca.gob.mx\/index.php?rest_route=%2Fwp%2Fv2%2Fmedia&parent=55981"}],"wp:term":[{"taxonomy":"category","embeddable":true,"href":"https:\/\/cuernavaca.gob.mx\/index.php?rest_route=%2Fwp%2Fv2%2Fcategories&post=55981"},{"taxonomy":"post_tag","embeddable":true,"href":"https:\/\/cuernavaca.gob.mx\/index.php?rest_route=%2Fwp%2Fv2%2Ftags&post=55981"}],"curies":[{"name":"wp","href":"https:\/\/api.w.org\/{rel}","templated":true}]}}