{"id":56002,"date":"2026-01-26T12:00:17","date_gmt":"2026-01-26T18:00:17","guid":{"rendered":"https:\/\/cuernavaca.gob.mx\/?p=56002"},"modified":"2026-01-26T15:19:12","modified_gmt":"2026-01-26T21:19:12","slug":"b895-26-01-26-cuernavaca-fortalece-la-atencion-social-con-nuevo-edificio-del-dif","status":"publish","type":"post","link":"https:\/\/cuernavaca.gob.mx\/?p=56002","title":{"rendered":"B895 26\/01\/26 CUERNAVACA FORTALECE LA ATENCI\u00d3N SOCIAL CON NUEVO EDIFICIO DEL DIF"},"content":{"rendered":"<p>\u2022<strong> El alcalde Jos\u00e9 Luis Uri\u00f3stegui Salgado y la presidenta del DIF Cuernavaca, Luz Mar\u00eda Zagal Guzm\u00e1n, realizaron un recorrido por las nuevas instalaciones del organismo municipal<\/strong><\/p>\n<p><strong>\u2022 El inmueble fortalece los servicios de primera atenci\u00f3n y mejora las condiciones en las que se brinda acompa\u00f1amiento m\u00e9dico, psicol\u00f3gico y social a la poblaci\u00f3n<\/strong><\/p>\n<p>Con el prop\u00f3sito de seguir ofreciendo espacios seguros, dignos y cercanos para la atenci\u00f3n de la poblaci\u00f3n, el presidente municipal de Cuernavaca, Jos\u00e9 Luis Uri\u00f3stegui Salgado, y la presidenta del Sistema Municipal DIF Cuernavaca, Luz Mar\u00eda Zagal Guzm\u00e1n, realizaron este lunes un recorrido por el nuevo edificio de consultorios y \u00e1rea de psicolog\u00eda del organismo, obra contemplada en el Programa Anual de Obra P\u00fablica 2025, que hoy se convierte en un punto de apoyo fundamental para cientos de familias.<\/p>\n<p>Durante su mensaje, Luz Mar\u00eda Zagal Guzm\u00e1n expres\u00f3 su agradecimiento al alcalde y al cuerpo edilicio por la aprobaci\u00f3n de la construcci\u00f3n de este nuevo edificio; asimismo, reconoci\u00f3 al personal del DIF, a la Junta Directiva, y a las y los usuarios por su comprensi\u00f3n durante el periodo en que los servicios se brindaron en \u00e1reas provisionales. De igual manera, destac\u00f3 la sensibilidad y colaboraci\u00f3n del artista urbano Lalo \u201cFuk\u201d Guti\u00e9rrez, cuya aportaci\u00f3n permiti\u00f3 transformar el inmueble y sus \u00e1reas exteriores en un entorno m\u00e1s humano y acogedor. El edificio, resalt\u00f3, hoy est\u00e1 listo para operar, al estar totalmente equipado y amueblado.<\/p>\n<p>En su intervenci\u00f3n, el alcalde Jos\u00e9 Luis Uri\u00f3stegui Salgado record\u00f3 que el edificio anterior presentaba graves da\u00f1os estructurales que pon\u00edan en riesgo a ni\u00f1as, ni\u00f1os, personas adultas mayores y familias enteras que acud\u00edan a recibir atenci\u00f3n. Detall\u00f3 que, tras estudios t\u00e9cnicos realizados por la Secretar\u00eda de Desarrollo Urbano y Obras P\u00fablicas (SDUyOP), se confirm\u00f3 que el inmueble carec\u00eda de cimientos y condiciones m\u00ednimas de seguridad, por lo que fue necesario demolerlo y dar paso a un nuevo espacio pensado desde la seguridad, la dignidad y el bienestar de las personas.<\/p>\n<p>Uri\u00f3stegui Salgado subray\u00f3 que la construcci\u00f3n de este edificio fue posible gracias a una decisi\u00f3n responsable de inversi\u00f3n p\u00fablica por parte del Cabildo, orientada a garantizar servicios m\u00e9dicos, psicol\u00f3gicos y sociales en un entorno adecuado. Por ello, agradeci\u00f3 el respaldo del cuerpo edilicio, representado en este recorrido por la s\u00edndica municipal Paula Trade Hidalgo, las regidoras Elia Ortiz Garc\u00eda, Paz Hern\u00e1ndez Pardo y Arnett Jim\u00e9nez Gaspar, y los regidores Salvador Aguilar Rea y Gabriel Rivas R\u00edos.<\/p>\n<p>Por su lado, el secretario de Desarrollo Urbano y Obras P\u00fablicas, Demetrio Chavira de la Torre, explic\u00f3 que, con una inversi\u00f3n de siete millones 199 mil 331.46 pesos, la obra incluy\u00f3 desde la demolici\u00f3n del antiguo inmueble hasta la construcci\u00f3n de una nueva estructura con cimentaci\u00f3n adecuada, instalaciones el\u00e9ctricas de bajo consumo, sistemas hidr\u00e1ulicos y sanitarios, rampas de acceso, escaleras y un biodigestor para el tratamiento de aguas residuales, garantizando as\u00ed un espacio funcional, accesible y sustentable.<\/p>\n<p>El proyecto inici\u00f3 el 7 de junio de 2025 y concluy\u00f3 el 16 de enero de 2026, superando diversos retos t\u00e9cnicos y log\u00edsticos. Actualmente, el nuevo edificio del DIF Cuernavaca alberga consultorios dentales, m\u00e9dicos y de psicolog\u00eda; el Departamento de Asuntos Jur\u00eddicos; un aula de talleres; la Coordinaci\u00f3n de Atenci\u00f3n Comunitaria y Grupos Vulnerables, as\u00ed como las \u00e1reas de atenci\u00f3n de la Procuradur\u00eda Municipal de Protecci\u00f3n de Ni\u00f1as, Ni\u00f1os, Adolescentes y la Familia, consolid\u00e1ndose como un lugar donde la atenci\u00f3n social se brinda con respeto, cercan\u00eda y sensibilidad humana.<\/p>\n\n\t\t<style type=\"text\/css\">\n\t\t\t#gallery-1 {\n\t\t\t\tmargin: auto;\n\t\t\t}\n\t\t\t#gallery-1 .gallery-item {\n\t\t\t\tfloat: left;\n\t\t\t\tmargin-top: 10px;\n\t\t\t\ttext-align: center;\n\t\t\t\twidth: 33%;\n\t\t\t}\n\t\t\t#gallery-1 img {\n\t\t\t\tborder: 2px solid #cfcfcf;\n\t\t\t}\n\t\t\t#gallery-1 .gallery-caption {\n\t\t\t\tmargin-left: 0;\n\t\t\t}\n\t\t\t\/* see gallery_shortcode() in wp-includes\/media.php *\/\n\t\t<\/style>\n\t\t<div id='gallery-1' class='gallery galleryid-56002 gallery-columns-3 gallery-size-thumbnail'><dl class='gallery-item'>\n\t\t\t<dt class='gallery-icon landscape'>\n\t\t\t\t<a href='https:\/\/cuernavaca.gob.mx\/?attachment_id=56003'><img width=\"150\" height=\"150\" src=\"https:\/\/cuernavaca.gob.mx\/wp-content\/uploads\/2026\/01\/CUERNAVACA-FORTALECE-LA-ATENCIO\u0301N-SOCIAL-CON-NUEVO-EDIFICIO-DEL-DIF-1-150x150.jpg\" class=\"attachment-thumbnail size-thumbnail\" alt=\"\" loading=\"lazy\" \/><\/a>\n\t\t\t<\/dt><\/dl><dl class='gallery-item'>\n\t\t\t<dt class='gallery-icon landscape'>\n\t\t\t\t<a href='https:\/\/cuernavaca.gob.mx\/?attachment_id=56004'><img width=\"150\" height=\"150\" src=\"https:\/\/cuernavaca.gob.mx\/wp-content\/uploads\/2026\/01\/CUERNAVACA-FORTALECE-LA-ATENCIO\u0301N-SOCIAL-CON-NUEVO-EDIFICIO-DEL-DIF-2-150x150.jpg\" class=\"attachment-thumbnail size-thumbnail\" alt=\"\" loading=\"lazy\" \/><\/a>\n\t\t\t<\/dt><\/dl><dl class='gallery-item'>\n\t\t\t<dt class='gallery-icon landscape'>\n\t\t\t\t<a href='https:\/\/cuernavaca.gob.mx\/?attachment_id=56005'><img width=\"150\" height=\"150\" src=\"https:\/\/cuernavaca.gob.mx\/wp-content\/uploads\/2026\/01\/CUERNAVACA-FORTALECE-LA-ATENCIO\u0301N-SOCIAL-CON-NUEVO-EDIFICIO-DEL-DIF-3-150x150.jpg\" class=\"attachment-thumbnail size-thumbnail\" alt=\"\" loading=\"lazy\" \/><\/a>\n\t\t\t<\/dt><\/dl><br style=\"clear: both\" \/><dl class='gallery-item'>\n\t\t\t<dt class='gallery-icon landscape'>\n\t\t\t\t<a href='https:\/\/cuernavaca.gob.mx\/?attachment_id=56006'><img width=\"150\" height=\"150\" src=\"https:\/\/cuernavaca.gob.mx\/wp-content\/uploads\/2026\/01\/CUERNAVACA-FORTALECE-LA-ATENCIO\u0301N-SOCIAL-CON-NUEVO-EDIFICIO-DEL-DIF-4-150x150.jpg\" class=\"attachment-thumbnail size-thumbnail\" alt=\"\" loading=\"lazy\" \/><\/a>\n\t\t\t<\/dt><\/dl><dl class='gallery-item'>\n\t\t\t<dt class='gallery-icon landscape'>\n\t\t\t\t<a href='https:\/\/cuernavaca.gob.mx\/?attachment_id=56007'><img width=\"150\" height=\"150\" src=\"https:\/\/cuernavaca.gob.mx\/wp-content\/uploads\/2026\/01\/CUERNAVACA-FORTALECE-LA-ATENCIO\u0301N-SOCIAL-CON-NUEVO-EDIFICIO-DEL-DIF-5-150x150.jpg\" class=\"attachment-thumbnail size-thumbnail\" alt=\"\" loading=\"lazy\" \/><\/a>\n\t\t\t<\/dt><\/dl><dl class='gallery-item'>\n\t\t\t<dt class='gallery-icon landscape'>\n\t\t\t\t<a href='https:\/\/cuernavaca.gob.mx\/?attachment_id=56008'><img width=\"150\" height=\"150\" src=\"https:\/\/cuernavaca.gob.mx\/wp-content\/uploads\/2026\/01\/CUERNAVACA-FORTALECE-LA-ATENCIO\u0301N-SOCIAL-CON-NUEVO-EDIFICIO-DEL-DIF-6-150x150.jpg\" class=\"attachment-thumbnail size-thumbnail\" alt=\"\" loading=\"lazy\" \/><\/a>\n\t\t\t<\/dt><\/dl><br style=\"clear: both\" \/><dl class='gallery-item'>\n\t\t\t<dt class='gallery-icon landscape'>\n\t\t\t\t<a href='https:\/\/cuernavaca.gob.mx\/?attachment_id=56009'><img width=\"150\" height=\"150\" src=\"https:\/\/cuernavaca.gob.mx\/wp-content\/uploads\/2026\/01\/CUERNAVACA-FORTALECE-LA-ATENCIO\u0301N-SOCIAL-CON-NUEVO-EDIFICIO-DEL-DIF-7-150x150.jpg\" class=\"attachment-thumbnail size-thumbnail\" alt=\"\" loading=\"lazy\" \/><\/a>\n\t\t\t<\/dt><\/dl><dl class='gallery-item'>\n\t\t\t<dt class='gallery-icon landscape'>\n\t\t\t\t<a href='https:\/\/cuernavaca.gob.mx\/?attachment_id=56010'><img width=\"150\" height=\"150\" src=\"https:\/\/cuernavaca.gob.mx\/wp-content\/uploads\/2026\/01\/CUERNAVACA-FORTALECE-LA-ATENCIO\u0301N-SOCIAL-CON-NUEVO-EDIFICIO-DEL-DIF-8-150x150.jpg\" class=\"attachment-thumbnail size-thumbnail\" alt=\"\" loading=\"lazy\" \/><\/a>\n\t\t\t<\/dt><\/dl><dl class='gallery-item'>\n\t\t\t<dt class='gallery-icon landscape'>\n\t\t\t\t<a href='https:\/\/cuernavaca.gob.mx\/?attachment_id=56011'><img width=\"150\" height=\"150\" src=\"https:\/\/cuernavaca.gob.mx\/wp-content\/uploads\/2026\/01\/CUERNAVACA-FORTALECE-LA-ATENCIO\u0301N-SOCIAL-CON-NUEVO-EDIFICIO-DEL-DIF-9-150x150.jpg\" class=\"attachment-thumbnail size-thumbnail\" alt=\"\" loading=\"lazy\" \/><\/a>\n\t\t\t<\/dt><\/dl><br style=\"clear: both\" \/><dl class='gallery-item'>\n\t\t\t<dt class='gallery-icon landscape'>\n\t\t\t\t<a href='https:\/\/cuernavaca.gob.mx\/?attachment_id=56012'><img width=\"150\" height=\"150\" src=\"https:\/\/cuernavaca.gob.mx\/wp-content\/uploads\/2026\/01\/CUERNAVACA-FORTALECE-LA-ATENCIO\u0301N-SOCIAL-CON-NUEVO-EDIFICIO-DEL-DIF-10-150x150.jpg\" class=\"attachment-thumbnail size-thumbnail\" alt=\"\" loading=\"lazy\" \/><\/a>\n\t\t\t<\/dt><\/dl><dl class='gallery-item'>\n\t\t\t<dt class='gallery-icon landscape'>\n\t\t\t\t<a href='https:\/\/cuernavaca.gob.mx\/?attachment_id=56013'><img width=\"150\" height=\"150\" src=\"https:\/\/cuernavaca.gob.mx\/wp-content\/uploads\/2026\/01\/CUERNAVACA-FORTALECE-LA-ATENCIO\u0301N-SOCIAL-CON-NUEVO-EDIFICIO-DEL-DIF-11-150x150.jpg\" class=\"attachment-thumbnail size-thumbnail\" alt=\"\" loading=\"lazy\" \/><\/a>\n\t\t\t<\/dt><\/dl><dl class='gallery-item'>\n\t\t\t<dt class='gallery-icon landscape'>\n\t\t\t\t<a href='https:\/\/cuernavaca.gob.mx\/?attachment_id=56014'><img width=\"150\" height=\"150\" src=\"https:\/\/cuernavaca.gob.mx\/wp-content\/uploads\/2026\/01\/CUERNAVACA-FORTALECE-LA-ATENCIO\u0301N-SOCIAL-CON-NUEVO-EDIFICIO-DEL-DIF-12-150x150.jpg\" class=\"attachment-thumbnail size-thumbnail\" alt=\"\" loading=\"lazy\" \/><\/a>\n\t\t\t<\/dt><\/dl><br style=\"clear: both\" \/><dl class='gallery-item'>\n\t\t\t<dt class='gallery-icon landscape'>\n\t\t\t\t<a href='https:\/\/cuernavaca.gob.mx\/?attachment_id=56015'><img width=\"150\" height=\"150\" src=\"https:\/\/cuernavaca.gob.mx\/wp-content\/uploads\/2026\/01\/CUERNAVACA-FORTALECE-LA-ATENCIO\u0301N-SOCIAL-CON-NUEVO-EDIFICIO-DEL-DIF-13-150x150.jpg\" class=\"attachment-thumbnail size-thumbnail\" alt=\"\" loading=\"lazy\" \/><\/a>\n\t\t\t<\/dt><\/dl>\n\t\t\t<br style='clear: both' \/>\n\t\t<\/div>\n\n<p>&nbsp;<\/p>\n","protected":false},"excerpt":{"rendered":"<p>\u2022 El alcalde Jos\u00e9 Luis Uri\u00f3stegui Salgado y la presidenta del DIF Cuernavaca, Luz Mar\u00eda Zagal Guzm\u00e1n, realizaron un recorrido por las nuevas instalaciones del organismo municipal \u2022 El inmueble fortalece los servicios de primera atenci\u00f3n y mejora las condiciones en las que se brinda acompa\u00f1amiento m\u00e9dico, psicol\u00f3gico y social a la poblaci\u00f3n Con el [&hellip;]<\/p>\n","protected":false},"author":1,"featured_media":56014,"comment_status":"closed","ping_status":"open","sticky":false,"template":"","format":"standard","meta":[],"categories":[16],"tags":[121,3860],"aioseo_notices":[],"_links":{"self":[{"href":"https:\/\/cuernavaca.gob.mx\/index.php?rest_route=\/wp\/v2\/posts\/56002"}],"collection":[{"href":"https:\/\/cuernavaca.gob.mx\/index.php?rest_route=\/wp\/v2\/posts"}],"about":[{"href":"https:\/\/cuernavaca.gob.mx\/index.php?rest_route=\/wp\/v2\/types\/post"}],"author":[{"embeddable":true,"href":"https:\/\/cuernavaca.gob.mx\/index.php?rest_route=\/wp\/v2\/users\/1"}],"replies":[{"embeddable":true,"href":"https:\/\/cuernavaca.gob.mx\/index.php?rest_route=%2Fwp%2Fv2%2Fcomments&post=56002"}],"version-history":[{"count":1,"href":"https:\/\/cuernavaca.gob.mx\/index.php?rest_route=\/wp\/v2\/posts\/56002\/revisions"}],"predecessor-version":[{"id":56016,"href":"https:\/\/cuernavaca.gob.mx\/index.php?rest_route=\/wp\/v2\/posts\/56002\/revisions\/56016"}],"wp:featuredmedia":[{"embeddable":true,"href":"https:\/\/cuernavaca.gob.mx\/index.php?rest_route=\/wp\/v2\/media\/56014"}],"wp:attachment":[{"href":"https:\/\/cuernavaca.gob.mx\/index.php?rest_route=%2Fwp%2Fv2%2Fmedia&parent=56002"}],"wp:term":[{"taxonomy":"category","embeddable":true,"href":"https:\/\/cuernavaca.gob.mx\/index.php?rest_route=%2Fwp%2Fv2%2Fcategories&post=56002"},{"taxonomy":"post_tag","embeddable":true,"href":"https:\/\/cuernavaca.gob.mx\/index.php?rest_route=%2Fwp%2Fv2%2Ftags&post=56002"}],"curies":[{"name":"wp","href":"https:\/\/api.w.org\/{rel}","templated":true}]}}