{"id":56022,"date":"2026-01-27T08:00:34","date_gmt":"2026-01-27T14:00:34","guid":{"rendered":"https:\/\/cuernavaca.gob.mx\/?p=56022"},"modified":"2026-01-27T10:45:08","modified_gmt":"2026-01-27T16:45:08","slug":"b896-27-01-26-invita-ayuntamiento-de-cuernavaca-a-jornada-de-salud-cuernavaca-saludable-para-personas-adultas-mayores","status":"publish","type":"post","link":"https:\/\/cuernavaca.gob.mx\/?p=56022","title":{"rendered":"B896 27\/01\/26 INVITA AYUNTAMIENTO DE CUERNAVACA A JORNADA DE SALUD &#8220;CUERNAVACA SALUDABLE&#8221; PARA PERSONAS ADULTAS MAYORES"},"content":{"rendered":"<p>La Secretar\u00eda de Desarrollo Humano y Participaci\u00f3n Social (SDHyPS), a trav\u00e9s de la Direcci\u00f3n de Atenci\u00f3n a Grupos en Vulnerabilidad y Personas con Discapacidad, invita a la poblaci\u00f3n a participar en la Jornada de Salud para Personas Adultas Mayores \u201cCuernavaca Saludable\u201d, que se llevar\u00e1 a cabo el pr\u00f3ximo viernes 30 de enero, con el objetivo de promover el bienestar, la prevenci\u00f3n y el acceso gratuito a servicios integrales de salud.<\/p>\n<p>La jornada se realizar\u00e1 en la cancha de usos m\u00faltiples de la colonia Ciudad Chapultepec, ubicada en la calle Agust\u00edn Melgar, esquina con Andador 107, en un horario de 09:00 a 14:00 horas. Durante este evento, las y los asistentes podr\u00e1n acceder sin costo a diversos servicios m\u00e9dicos y preventivos, entre los que destacan la aplicaci\u00f3n de vacunas contra neumococo, COVID-19, influenza, sarampi\u00f3n, rub\u00e9ola, parotiditis y t\u00e9tanos; toma de signos vitales; pruebas de VIH, as\u00ed como servicios de fisioterapia. Para la aplicaci\u00f3n de vacunas, es indispensable acudir con cartilla de vacunaci\u00f3n.<\/p>\n<p>Asimismo, se ofrecer\u00e1n consultas de nutrici\u00f3n, odontolog\u00eda y psicolog\u00eda, adem\u00e1s de servicios de \u00f3ptica y medici\u00f3n de agudeza visual, cortes de cabello y talleres de Reanimaci\u00f3n Cardiopulmonar (RCP) y prevenci\u00f3n del dengue, fortaleciendo una atenci\u00f3n integral a la salud de este sector de la poblaci\u00f3n.<\/p>\n<p>Con estas acciones, el Ayuntamiento de Cuernavaca y la SDHyPS refrendan su compromiso de fortalecer la salud, el bienestar y la calidad de vida de las personas adultas mayores.<\/p>\n\n\t\t<style type=\"text\/css\">\n\t\t\t#gallery-1 {\n\t\t\t\tmargin: auto;\n\t\t\t}\n\t\t\t#gallery-1 .gallery-item {\n\t\t\t\tfloat: left;\n\t\t\t\tmargin-top: 10px;\n\t\t\t\ttext-align: center;\n\t\t\t\twidth: 33%;\n\t\t\t}\n\t\t\t#gallery-1 img {\n\t\t\t\tborder: 2px solid #cfcfcf;\n\t\t\t}\n\t\t\t#gallery-1 .gallery-caption {\n\t\t\t\tmargin-left: 0;\n\t\t\t}\n\t\t\t\/* see gallery_shortcode() in wp-includes\/media.php *\/\n\t\t<\/style>\n\t\t<div id='gallery-1' class='gallery galleryid-56022 gallery-columns-3 gallery-size-thumbnail'><dl class='gallery-item'>\n\t\t\t<dt class='gallery-icon landscape'>\n\t\t\t\t<a href='https:\/\/cuernavaca.gob.mx\/?attachment_id=56023'><img width=\"150\" height=\"150\" src=\"https:\/\/cuernavaca.gob.mx\/wp-content\/uploads\/2026\/01\/INVITA-AYUNTAMIENTO-DE-CUERNAVACA-A-JORNADA-DE-SALUD-22CUERNAVACA-SALUDABLE22-PARA-PERSONAS-ADULTAS-MAYORES-1-150x150.jpg\" class=\"attachment-thumbnail size-thumbnail\" alt=\"\" loading=\"lazy\" srcset=\"https:\/\/cuernavaca.gob.mx\/wp-content\/uploads\/2026\/01\/INVITA-AYUNTAMIENTO-DE-CUERNAVACA-A-JORNADA-DE-SALUD-22CUERNAVACA-SALUDABLE22-PARA-PERSONAS-ADULTAS-MAYORES-1-150x150.jpg 150w, https:\/\/cuernavaca.gob.mx\/wp-content\/uploads\/2026\/01\/INVITA-AYUNTAMIENTO-DE-CUERNAVACA-A-JORNADA-DE-SALUD-22CUERNAVACA-SALUDABLE22-PARA-PERSONAS-ADULTAS-MAYORES-1-300x300.jpg 300w, https:\/\/cuernavaca.gob.mx\/wp-content\/uploads\/2026\/01\/INVITA-AYUNTAMIENTO-DE-CUERNAVACA-A-JORNADA-DE-SALUD-22CUERNAVACA-SALUDABLE22-PARA-PERSONAS-ADULTAS-MAYORES-1-1024x1024.jpg 1024w, https:\/\/cuernavaca.gob.mx\/wp-content\/uploads\/2026\/01\/INVITA-AYUNTAMIENTO-DE-CUERNAVACA-A-JORNADA-DE-SALUD-22CUERNAVACA-SALUDABLE22-PARA-PERSONAS-ADULTAS-MAYORES-1-768x768.jpg 768w, https:\/\/cuernavaca.gob.mx\/wp-content\/uploads\/2026\/01\/INVITA-AYUNTAMIENTO-DE-CUERNAVACA-A-JORNADA-DE-SALUD-22CUERNAVACA-SALUDABLE22-PARA-PERSONAS-ADULTAS-MAYORES-1-1536x1536.jpg 1536w, https:\/\/cuernavaca.gob.mx\/wp-content\/uploads\/2026\/01\/INVITA-AYUNTAMIENTO-DE-CUERNAVACA-A-JORNADA-DE-SALUD-22CUERNAVACA-SALUDABLE22-PARA-PERSONAS-ADULTAS-MAYORES-1-600x600.jpg 600w, https:\/\/cuernavaca.gob.mx\/wp-content\/uploads\/2026\/01\/INVITA-AYUNTAMIENTO-DE-CUERNAVACA-A-JORNADA-DE-SALUD-22CUERNAVACA-SALUDABLE22-PARA-PERSONAS-ADULTAS-MAYORES-1-560x560.jpg 560w, https:\/\/cuernavaca.gob.mx\/wp-content\/uploads\/2026\/01\/INVITA-AYUNTAMIENTO-DE-CUERNAVACA-A-JORNADA-DE-SALUD-22CUERNAVACA-SALUDABLE22-PARA-PERSONAS-ADULTAS-MAYORES-1.jpg 1600w\" sizes=\"(max-width: 150px) 100vw, 150px\" \/><\/a>\n\t\t\t<\/dt><\/dl>\n\t\t\t<br style='clear: both' \/>\n\t\t<\/div>\n\n","protected":false},"excerpt":{"rendered":"<p>La Secretar\u00eda de Desarrollo Humano y Participaci\u00f3n Social (SDHyPS), a trav\u00e9s de la Direcci\u00f3n de Atenci\u00f3n a Grupos en Vulnerabilidad y Personas con Discapacidad, invita a la poblaci\u00f3n a participar en la Jornada de Salud para Personas Adultas Mayores \u201cCuernavaca Saludable\u201d, que se llevar\u00e1 a cabo el pr\u00f3ximo viernes 30 de enero, con el objetivo [&hellip;]<\/p>\n","protected":false},"author":1,"featured_media":56023,"comment_status":"closed","ping_status":"open","sticky":false,"template":"","format":"standard","meta":[],"categories":[1],"tags":[],"aioseo_notices":[],"_links":{"self":[{"href":"https:\/\/cuernavaca.gob.mx\/index.php?rest_route=\/wp\/v2\/posts\/56022"}],"collection":[{"href":"https:\/\/cuernavaca.gob.mx\/index.php?rest_route=\/wp\/v2\/posts"}],"about":[{"href":"https:\/\/cuernavaca.gob.mx\/index.php?rest_route=\/wp\/v2\/types\/post"}],"author":[{"embeddable":true,"href":"https:\/\/cuernavaca.gob.mx\/index.php?rest_route=\/wp\/v2\/users\/1"}],"replies":[{"embeddable":true,"href":"https:\/\/cuernavaca.gob.mx\/index.php?rest_route=%2Fwp%2Fv2%2Fcomments&post=56022"}],"version-history":[{"count":1,"href":"https:\/\/cuernavaca.gob.mx\/index.php?rest_route=\/wp\/v2\/posts\/56022\/revisions"}],"predecessor-version":[{"id":56024,"href":"https:\/\/cuernavaca.gob.mx\/index.php?rest_route=\/wp\/v2\/posts\/56022\/revisions\/56024"}],"wp:featuredmedia":[{"embeddable":true,"href":"https:\/\/cuernavaca.gob.mx\/index.php?rest_route=\/wp\/v2\/media\/56023"}],"wp:attachment":[{"href":"https:\/\/cuernavaca.gob.mx\/index.php?rest_route=%2Fwp%2Fv2%2Fmedia&parent=56022"}],"wp:term":[{"taxonomy":"category","embeddable":true,"href":"https:\/\/cuernavaca.gob.mx\/index.php?rest_route=%2Fwp%2Fv2%2Fcategories&post=56022"},{"taxonomy":"post_tag","embeddable":true,"href":"https:\/\/cuernavaca.gob.mx\/index.php?rest_route=%2Fwp%2Fv2%2Ftags&post=56022"}],"curies":[{"name":"wp","href":"https:\/\/api.w.org\/{rel}","templated":true}]}}