{"id":56025,"date":"2026-01-27T10:56:50","date_gmt":"2026-01-27T16:56:50","guid":{"rendered":"https:\/\/cuernavaca.gob.mx\/?p=56025"},"modified":"2026-01-27T10:56:50","modified_gmt":"2026-01-27T16:56:50","slug":"b897-27-01-26-cuernavaca-refuerza-su-capacidad-operativa-para-atender-el-centro-historico-y-los-poblados-de-la-ciudad","status":"publish","type":"post","link":"https:\/\/cuernavaca.gob.mx\/?p=56025","title":{"rendered":"B897 27\/01\/26 CUERNAVACA REFUERZA SU CAPACIDAD OPERATIVA PARA ATENDER EL CENTRO HIST\u00d3RICO Y LOS POBLADOS DE LA CIUDAD"},"content":{"rendered":"<p>El Municipio de Cuernavaca, a trav\u00e9s de la Secretar\u00eda de Desarrollo Sustentable y Servicios P\u00fablicos (SDSYSP) a cargo del \u00e1rea de Parques y Jardines refuerza brigadas de trabajo en coordinaci\u00f3n de personal base y eventual, con el objetivo de fortalecer las labores de mantenimiento urbano y atender de manera oportuna los reportes ciudadanos.<\/p>\n<p>Como parte de esta estrategia, intensificaron los trabajos de conservaci\u00f3n y rehabilitaci\u00f3n de \u00e1reas verdes, camellones, parques y espacios p\u00fablicos, priorizando el primer cuadro de la ciudad, sin descuidar la atenci\u00f3n integral en los doce poblados de Cuernavaca, donde diariamente se realizan acciones de chaponeo, poda, limpieza y mantenimiento general.<\/p>\n<p>Actualmente, las brigadas operan de manera simult\u00e1nea en distintos puntos del municipio, lo que ha permitido incrementar la cobertura de atenci\u00f3n, reducir tiempos de respuesta y fortalecer la presencia operativa en colonias y poblados.<\/p>\n<p>En lo que va del periodo de refuerzo operativo, se han incrementado las brigadas activas mediante personal eventual, se realizan recorridos diarios de supervisi\u00f3n y atenci\u00f3n en el centro hist\u00f3rico y se atienden reportes ciudadanos canalizados mediante el Sistema Integral de Atenci\u00f3n Ciudadana (SIAC), herramienta clave para dar seguimiento puntual a las solicitudes de la poblaci\u00f3n.<\/p>\n<p>La Secretar\u00eda de Desarrollo Sustentable y Servicios P\u00fablicos reitera su compromiso con la ciudadan\u00eda, trabajando de manera permanente para mantener espacios p\u00fablicos en condiciones dignas, seguras y funcionales, fortaleciendo la atenci\u00f3n directa a las y los cuernavacenses, y promoviendo una ciudad m\u00e1s ordenada y sustentable.<\/p>\n\n\t\t<style type=\"text\/css\">\n\t\t\t#gallery-1 {\n\t\t\t\tmargin: auto;\n\t\t\t}\n\t\t\t#gallery-1 .gallery-item {\n\t\t\t\tfloat: left;\n\t\t\t\tmargin-top: 10px;\n\t\t\t\ttext-align: center;\n\t\t\t\twidth: 33%;\n\t\t\t}\n\t\t\t#gallery-1 img {\n\t\t\t\tborder: 2px solid #cfcfcf;\n\t\t\t}\n\t\t\t#gallery-1 .gallery-caption {\n\t\t\t\tmargin-left: 0;\n\t\t\t}\n\t\t\t\/* see gallery_shortcode() in wp-includes\/media.php *\/\n\t\t<\/style>\n\t\t<div id='gallery-1' class='gallery galleryid-56025 gallery-columns-3 gallery-size-thumbnail'><dl class='gallery-item'>\n\t\t\t<dt class='gallery-icon landscape'>\n\t\t\t\t<a href='https:\/\/cuernavaca.gob.mx\/?attachment_id=56026'><img width=\"150\" height=\"150\" src=\"https:\/\/cuernavaca.gob.mx\/wp-content\/uploads\/2026\/01\/CUERNAVACA-REFUERZA-SU-CAPACIDAD-OPERATIVA-PARA-ATENDER-EL-CENTRO-HISTO\u0301RICO-Y-LOS-POBLADOS-DE-LA-CIUDAD-1-150x150.jpg\" class=\"attachment-thumbnail size-thumbnail\" alt=\"\" loading=\"lazy\" \/><\/a>\n\t\t\t<\/dt><\/dl><dl class='gallery-item'>\n\t\t\t<dt class='gallery-icon landscape'>\n\t\t\t\t<a href='https:\/\/cuernavaca.gob.mx\/?attachment_id=56027'><img width=\"150\" height=\"150\" src=\"https:\/\/cuernavaca.gob.mx\/wp-content\/uploads\/2026\/01\/CUERNAVACA-REFUERZA-SU-CAPACIDAD-OPERATIVA-PARA-ATENDER-EL-CENTRO-HISTO\u0301RICO-Y-LOS-POBLADOS-DE-LA-CIUDAD-2-150x150.jpg\" class=\"attachment-thumbnail size-thumbnail\" alt=\"\" loading=\"lazy\" \/><\/a>\n\t\t\t<\/dt><\/dl><dl class='gallery-item'>\n\t\t\t<dt class='gallery-icon landscape'>\n\t\t\t\t<a href='https:\/\/cuernavaca.gob.mx\/?attachment_id=56028'><img width=\"150\" height=\"150\" src=\"https:\/\/cuernavaca.gob.mx\/wp-content\/uploads\/2026\/01\/CUERNAVACA-REFUERZA-SU-CAPACIDAD-OPERATIVA-PARA-ATENDER-EL-CENTRO-HISTO\u0301RICO-Y-LOS-POBLADOS-DE-LA-CIUDAD-3-150x150.jpg\" class=\"attachment-thumbnail size-thumbnail\" alt=\"\" loading=\"lazy\" \/><\/a>\n\t\t\t<\/dt><\/dl><br style=\"clear: both\" \/><dl class='gallery-item'>\n\t\t\t<dt class='gallery-icon landscape'>\n\t\t\t\t<a href='https:\/\/cuernavaca.gob.mx\/?attachment_id=56029'><img width=\"150\" height=\"150\" src=\"https:\/\/cuernavaca.gob.mx\/wp-content\/uploads\/2026\/01\/CUERNAVACA-REFUERZA-SU-CAPACIDAD-OPERATIVA-PARA-ATENDER-EL-CENTRO-HISTO\u0301RICO-Y-LOS-POBLADOS-DE-LA-CIUDAD-4-150x150.jpg\" class=\"attachment-thumbnail size-thumbnail\" alt=\"\" loading=\"lazy\" \/><\/a>\n\t\t\t<\/dt><\/dl><dl class='gallery-item'>\n\t\t\t<dt class='gallery-icon landscape'>\n\t\t\t\t<a href='https:\/\/cuernavaca.gob.mx\/?attachment_id=56030'><img width=\"150\" height=\"150\" src=\"https:\/\/cuernavaca.gob.mx\/wp-content\/uploads\/2026\/01\/CUERNAVACA-REFUERZA-SU-CAPACIDAD-OPERATIVA-PARA-ATENDER-EL-CENTRO-HISTO\u0301RICO-Y-LOS-POBLADOS-DE-LA-CIUDAD-5-150x150.jpg\" class=\"attachment-thumbnail size-thumbnail\" alt=\"\" loading=\"lazy\" \/><\/a>\n\t\t\t<\/dt><\/dl><dl class='gallery-item'>\n\t\t\t<dt class='gallery-icon landscape'>\n\t\t\t\t<a href='https:\/\/cuernavaca.gob.mx\/?attachment_id=56031'><img width=\"150\" height=\"150\" src=\"https:\/\/cuernavaca.gob.mx\/wp-content\/uploads\/2026\/01\/CUERNAVACA-REFUERZA-SU-CAPACIDAD-OPERATIVA-PARA-ATENDER-EL-CENTRO-HISTO\u0301RICO-Y-LOS-POBLADOS-DE-LA-CIUDAD-6-150x150.jpg\" class=\"attachment-thumbnail size-thumbnail\" alt=\"\" loading=\"lazy\" \/><\/a>\n\t\t\t<\/dt><\/dl><br style=\"clear: both\" \/><dl class='gallery-item'>\n\t\t\t<dt class='gallery-icon landscape'>\n\t\t\t\t<a href='https:\/\/cuernavaca.gob.mx\/?attachment_id=56032'><img width=\"150\" height=\"150\" src=\"https:\/\/cuernavaca.gob.mx\/wp-content\/uploads\/2026\/01\/CUERNAVACA-REFUERZA-SU-CAPACIDAD-OPERATIVA-PARA-ATENDER-EL-CENTRO-HISTO\u0301RICO-Y-LOS-POBLADOS-DE-LA-CIUDAD-7-150x150.jpg\" class=\"attachment-thumbnail size-thumbnail\" alt=\"\" loading=\"lazy\" \/><\/a>\n\t\t\t<\/dt><\/dl>\n\t\t\t<br style='clear: both' \/>\n\t\t<\/div>\n\n","protected":false},"excerpt":{"rendered":"<p>El Municipio de Cuernavaca, a trav\u00e9s de la Secretar\u00eda de Desarrollo Sustentable y Servicios P\u00fablicos (SDSYSP) a cargo del \u00e1rea de Parques y Jardines refuerza brigadas de trabajo en coordinaci\u00f3n de personal base y eventual, con el objetivo de fortalecer las labores de mantenimiento urbano y atender de manera oportuna los reportes ciudadanos. Como parte [&hellip;]<\/p>\n","protected":false},"author":1,"featured_media":56029,"comment_status":"closed","ping_status":"open","sticky":false,"template":"","format":"standard","meta":[],"categories":[1],"tags":[],"aioseo_notices":[],"_links":{"self":[{"href":"https:\/\/cuernavaca.gob.mx\/index.php?rest_route=\/wp\/v2\/posts\/56025"}],"collection":[{"href":"https:\/\/cuernavaca.gob.mx\/index.php?rest_route=\/wp\/v2\/posts"}],"about":[{"href":"https:\/\/cuernavaca.gob.mx\/index.php?rest_route=\/wp\/v2\/types\/post"}],"author":[{"embeddable":true,"href":"https:\/\/cuernavaca.gob.mx\/index.php?rest_route=\/wp\/v2\/users\/1"}],"replies":[{"embeddable":true,"href":"https:\/\/cuernavaca.gob.mx\/index.php?rest_route=%2Fwp%2Fv2%2Fcomments&post=56025"}],"version-history":[{"count":2,"href":"https:\/\/cuernavaca.gob.mx\/index.php?rest_route=\/wp\/v2\/posts\/56025\/revisions"}],"predecessor-version":[{"id":56034,"href":"https:\/\/cuernavaca.gob.mx\/index.php?rest_route=\/wp\/v2\/posts\/56025\/revisions\/56034"}],"wp:featuredmedia":[{"embeddable":true,"href":"https:\/\/cuernavaca.gob.mx\/index.php?rest_route=\/wp\/v2\/media\/56029"}],"wp:attachment":[{"href":"https:\/\/cuernavaca.gob.mx\/index.php?rest_route=%2Fwp%2Fv2%2Fmedia&parent=56025"}],"wp:term":[{"taxonomy":"category","embeddable":true,"href":"https:\/\/cuernavaca.gob.mx\/index.php?rest_route=%2Fwp%2Fv2%2Fcategories&post=56025"},{"taxonomy":"post_tag","embeddable":true,"href":"https:\/\/cuernavaca.gob.mx\/index.php?rest_route=%2Fwp%2Fv2%2Ftags&post=56025"}],"curies":[{"name":"wp","href":"https:\/\/api.w.org\/{rel}","templated":true}]}}