{"id":56058,"date":"2026-01-27T16:10:11","date_gmt":"2026-01-27T22:10:11","guid":{"rendered":"https:\/\/cuernavaca.gob.mx\/?p=56058"},"modified":"2026-01-27T16:49:12","modified_gmt":"2026-01-27T22:49:12","slug":"b898-cabildo-de-cuernavaca-nombra-a-pablo-nivardo-aguilera-casados-como-titular-de-la-seprac","status":"publish","type":"post","link":"https:\/\/cuernavaca.gob.mx\/?p=56058","title":{"rendered":"B898 27\/01\/26 CABILDO DE CUERNAVACA NOMBRA A PABLO NIVARDO AGUILERA CASADOS COMO TITULAR DE LA SEPRAC"},"content":{"rendered":"<p>* Pablo Nivardo Aguilera Casados posee experiencia en el servicio p\u00fablico, con una amplia trayectoria en \u00e1reas de seguridad p\u00fablica, investigaci\u00f3n criminal e inteligencia a nivel nacional<\/p>\n<p>El Cabildo de Cuernavaca, encabezado por el presidente municipal Jos\u00e9 Luis Uri\u00f3stegui Salgado, aprob\u00f3 este martes el nombramiento de Pablo Nivardo Aguilera Casados como titular de la Secretar\u00eda de Protecci\u00f3n y Auxilio Ciudadano (SEPRAC), quien cuenta con un perfil especializado en inteligencia y combate al delito y asumir\u00e1 el compromiso de fortalecer la estrategia de seguridad p\u00fablica, as\u00ed como la coordinaci\u00f3n interinstitucional, en beneficio de las y los ciudadanos.<\/p>\n<p>El nuevo titular de la SEPRAC es licenciado en Criminolog\u00eda por la Universidad Aut\u00f3noma de Nuevo Le\u00f3n (UANL) y cuenta con una maestr\u00eda en Pol\u00edtica Criminal por el Instituto Nacional de Ciencias Penales (INACIPE). Ha cursado diversas capacitaciones en instituciones nacionales e internacionales, entre ellas el Colegio de la Defensa Nacional de la Secretar\u00eda de la Defensa Nacional (SEDENA), el Centro de Estudios Superiores Navales de la Secretar\u00eda de Marina (SEMAR), asimismo, en embajadas de distintos pa\u00edses. Tambi\u00e9n ha participado en trabajos de colaboraci\u00f3n internacional con agencias de seguridad de los Estados Unidos, como el FBI y la DEA.<\/p>\n<p>A lo largo de su trayectoria profesional, Aguilera Casados ha ocupado cargos directivos en \u00e1reas de an\u00e1lisis e inteligencia, destacando su desempe\u00f1o como director de la Unidad de An\u00e1lisis de la Informaci\u00f3n de la Fiscal\u00eda General del Estado de Veracruz, donde fue responsable del procesamiento y an\u00e1lisis de informaci\u00f3n para la toma de decisiones en materia de seguridad y procuraci\u00f3n de justicia.<\/p>\n<p>Durante la sesi\u00f3n extraordinaria de Cabildo, el alcalde Jos\u00e9 Luis Uri\u00f3stegui Salgado inform\u00f3 que el nombramiento se realiz\u00f3 a propuesta de la Mesa de Coordinaci\u00f3n Estatal para la Construcci\u00f3n de Paz y Seguridad, con el prop\u00f3sito de fortalecer la coordinaci\u00f3n entre el municipio de Cuernavaca y los gobiernos estatal y federal. Destac\u00f3 que se trata de un perfil t\u00e9cnico y especializado, con experiencia en investigaci\u00f3n e inteligencia, que permitir\u00e1 reforzar las acciones de seguridad y mejorar los resultados en la capital del estado.<\/p>\n<p>Asimismo, reconoci\u00f3 el trabajo realizado por Guillermo Garc\u00eda Delgado al frente de la SEPRAC, quien dej\u00f3 el cargo para asumir nuevas responsabilidades.<\/p>\n<p>En su mensaje, Pablo Nivardo Aguilera Casados agradeci\u00f3 la confianza del presidente municipal Jos\u00e9 Luis Uri\u00f3stegui Salgado y del Cabildo, y reiter\u00f3 su compromiso de trabajar con lealtad, dedicaci\u00f3n y tiempo completo para recuperar la seguridad en Cuernavaca.<\/p>\n<p>Con el respaldo del Cabildo capitalino al nuevo titular de la SEPRAC, el Ayuntamiento de Cuernavaca fortalece la gobernabilidad y la operaci\u00f3n institucional en materia de seguridad p\u00fablica.<\/p>\n<p>&nbsp;<\/p>\n\n\t\t<style type=\"text\/css\">\n\t\t\t#gallery-1 {\n\t\t\t\tmargin: auto;\n\t\t\t}\n\t\t\t#gallery-1 .gallery-item {\n\t\t\t\tfloat: left;\n\t\t\t\tmargin-top: 10px;\n\t\t\t\ttext-align: center;\n\t\t\t\twidth: 33%;\n\t\t\t}\n\t\t\t#gallery-1 img {\n\t\t\t\tborder: 2px solid #cfcfcf;\n\t\t\t}\n\t\t\t#gallery-1 .gallery-caption {\n\t\t\t\tmargin-left: 0;\n\t\t\t}\n\t\t\t\/* see gallery_shortcode() in wp-includes\/media.php *\/\n\t\t<\/style>\n\t\t<div id='gallery-1' class='gallery galleryid-56058 gallery-columns-3 gallery-size-medium'><dl class='gallery-item'>\n\t\t\t<dt class='gallery-icon landscape'>\n\t\t\t\t<a href='https:\/\/cuernavaca.gob.mx\/wp-content\/uploads\/2026\/01\/WhatsApp-Image-2026-01-27-at-3.39.32-PM-1.jpeg'><img width=\"300\" height=\"200\" src=\"https:\/\/cuernavaca.gob.mx\/wp-content\/uploads\/2026\/01\/WhatsApp-Image-2026-01-27-at-3.39.32-PM-1-300x200.jpeg\" class=\"attachment-medium size-medium\" alt=\"\" loading=\"lazy\" srcset=\"https:\/\/cuernavaca.gob.mx\/wp-content\/uploads\/2026\/01\/WhatsApp-Image-2026-01-27-at-3.39.32-PM-1-300x200.jpeg 300w, https:\/\/cuernavaca.gob.mx\/wp-content\/uploads\/2026\/01\/WhatsApp-Image-2026-01-27-at-3.39.32-PM-1-1024x683.jpeg 1024w, https:\/\/cuernavaca.gob.mx\/wp-content\/uploads\/2026\/01\/WhatsApp-Image-2026-01-27-at-3.39.32-PM-1-768x512.jpeg 768w, https:\/\/cuernavaca.gob.mx\/wp-content\/uploads\/2026\/01\/WhatsApp-Image-2026-01-27-at-3.39.32-PM-1-600x400.jpeg 600w, https:\/\/cuernavaca.gob.mx\/wp-content\/uploads\/2026\/01\/WhatsApp-Image-2026-01-27-at-3.39.32-PM-1-560x374.jpeg 560w, https:\/\/cuernavaca.gob.mx\/wp-content\/uploads\/2026\/01\/WhatsApp-Image-2026-01-27-at-3.39.32-PM-1.jpeg 1280w\" sizes=\"(max-width: 300px) 100vw, 300px\" \/><\/a>\n\t\t\t<\/dt><\/dl><dl class='gallery-item'>\n\t\t\t<dt class='gallery-icon landscape'>\n\t\t\t\t<a href='https:\/\/cuernavaca.gob.mx\/wp-content\/uploads\/2026\/01\/WhatsApp-Image-2026-01-27-at-3.48.32-PM-1.jpeg'><img width=\"300\" height=\"200\" src=\"https:\/\/cuernavaca.gob.mx\/wp-content\/uploads\/2026\/01\/WhatsApp-Image-2026-01-27-at-3.48.32-PM-1-300x200.jpeg\" class=\"attachment-medium size-medium\" alt=\"\" loading=\"lazy\" srcset=\"https:\/\/cuernavaca.gob.mx\/wp-content\/uploads\/2026\/01\/WhatsApp-Image-2026-01-27-at-3.48.32-PM-1-300x200.jpeg 300w, https:\/\/cuernavaca.gob.mx\/wp-content\/uploads\/2026\/01\/WhatsApp-Image-2026-01-27-at-3.48.32-PM-1-1024x683.jpeg 1024w, https:\/\/cuernavaca.gob.mx\/wp-content\/uploads\/2026\/01\/WhatsApp-Image-2026-01-27-at-3.48.32-PM-1-768x512.jpeg 768w, https:\/\/cuernavaca.gob.mx\/wp-content\/uploads\/2026\/01\/WhatsApp-Image-2026-01-27-at-3.48.32-PM-1-600x400.jpeg 600w, https:\/\/cuernavaca.gob.mx\/wp-content\/uploads\/2026\/01\/WhatsApp-Image-2026-01-27-at-3.48.32-PM-1-560x374.jpeg 560w, https:\/\/cuernavaca.gob.mx\/wp-content\/uploads\/2026\/01\/WhatsApp-Image-2026-01-27-at-3.48.32-PM-1.jpeg 1280w\" sizes=\"(max-width: 300px) 100vw, 300px\" \/><\/a>\n\t\t\t<\/dt><\/dl><dl class='gallery-item'>\n\t\t\t<dt class='gallery-icon landscape'>\n\t\t\t\t<a href='https:\/\/cuernavaca.gob.mx\/wp-content\/uploads\/2026\/01\/WhatsApp-Image-2026-01-27-at-3.48.32-PM.jpeg'><img width=\"300\" height=\"169\" src=\"https:\/\/cuernavaca.gob.mx\/wp-content\/uploads\/2026\/01\/WhatsApp-Image-2026-01-27-at-3.48.32-PM-300x169.jpeg\" class=\"attachment-medium size-medium\" alt=\"\" loading=\"lazy\" srcset=\"https:\/\/cuernavaca.gob.mx\/wp-content\/uploads\/2026\/01\/WhatsApp-Image-2026-01-27-at-3.48.32-PM-300x169.jpeg 300w, https:\/\/cuernavaca.gob.mx\/wp-content\/uploads\/2026\/01\/WhatsApp-Image-2026-01-27-at-3.48.32-PM-1024x576.jpeg 1024w, https:\/\/cuernavaca.gob.mx\/wp-content\/uploads\/2026\/01\/WhatsApp-Image-2026-01-27-at-3.48.32-PM-768x432.jpeg 768w, https:\/\/cuernavaca.gob.mx\/wp-content\/uploads\/2026\/01\/WhatsApp-Image-2026-01-27-at-3.48.32-PM-1536x864.jpeg 1536w, https:\/\/cuernavaca.gob.mx\/wp-content\/uploads\/2026\/01\/WhatsApp-Image-2026-01-27-at-3.48.32-PM-600x338.jpeg 600w, https:\/\/cuernavaca.gob.mx\/wp-content\/uploads\/2026\/01\/WhatsApp-Image-2026-01-27-at-3.48.32-PM-560x315.jpeg 560w, https:\/\/cuernavaca.gob.mx\/wp-content\/uploads\/2026\/01\/WhatsApp-Image-2026-01-27-at-3.48.32-PM.jpeg 1600w\" sizes=\"(max-width: 300px) 100vw, 300px\" \/><\/a>\n\t\t\t<\/dt><\/dl><br style=\"clear: both\" \/><dl class='gallery-item'>\n\t\t\t<dt class='gallery-icon landscape'>\n\t\t\t\t<a href='https:\/\/cuernavaca.gob.mx\/wp-content\/uploads\/2026\/01\/WhatsApp-Image-2026-01-27-at-3.48.33-PM-1.jpeg'><img width=\"300\" height=\"200\" src=\"https:\/\/cuernavaca.gob.mx\/wp-content\/uploads\/2026\/01\/WhatsApp-Image-2026-01-27-at-3.48.33-PM-1-300x200.jpeg\" class=\"attachment-medium size-medium\" alt=\"\" loading=\"lazy\" srcset=\"https:\/\/cuernavaca.gob.mx\/wp-content\/uploads\/2026\/01\/WhatsApp-Image-2026-01-27-at-3.48.33-PM-1-300x200.jpeg 300w, https:\/\/cuernavaca.gob.mx\/wp-content\/uploads\/2026\/01\/WhatsApp-Image-2026-01-27-at-3.48.33-PM-1-1024x683.jpeg 1024w, https:\/\/cuernavaca.gob.mx\/wp-content\/uploads\/2026\/01\/WhatsApp-Image-2026-01-27-at-3.48.33-PM-1-768x512.jpeg 768w, https:\/\/cuernavaca.gob.mx\/wp-content\/uploads\/2026\/01\/WhatsApp-Image-2026-01-27-at-3.48.33-PM-1-1536x1024.jpeg 1536w, https:\/\/cuernavaca.gob.mx\/wp-content\/uploads\/2026\/01\/WhatsApp-Image-2026-01-27-at-3.48.33-PM-1-600x400.jpeg 600w, https:\/\/cuernavaca.gob.mx\/wp-content\/uploads\/2026\/01\/WhatsApp-Image-2026-01-27-at-3.48.33-PM-1-560x373.jpeg 560w, https:\/\/cuernavaca.gob.mx\/wp-content\/uploads\/2026\/01\/WhatsApp-Image-2026-01-27-at-3.48.33-PM-1.jpeg 1599w\" sizes=\"(max-width: 300px) 100vw, 300px\" \/><\/a>\n\t\t\t<\/dt><\/dl><dl class='gallery-item'>\n\t\t\t<dt class='gallery-icon landscape'>\n\t\t\t\t<a href='https:\/\/cuernavaca.gob.mx\/wp-content\/uploads\/2026\/01\/WhatsApp-Image-2026-01-27-at-3.48.33-PM-2.jpeg'><img width=\"300\" height=\"225\" src=\"https:\/\/cuernavaca.gob.mx\/wp-content\/uploads\/2026\/01\/WhatsApp-Image-2026-01-27-at-3.48.33-PM-2-300x225.jpeg\" class=\"attachment-medium size-medium\" alt=\"\" loading=\"lazy\" srcset=\"https:\/\/cuernavaca.gob.mx\/wp-content\/uploads\/2026\/01\/WhatsApp-Image-2026-01-27-at-3.48.33-PM-2-300x225.jpeg 300w, https:\/\/cuernavaca.gob.mx\/wp-content\/uploads\/2026\/01\/WhatsApp-Image-2026-01-27-at-3.48.33-PM-2-1024x768.jpeg 1024w, https:\/\/cuernavaca.gob.mx\/wp-content\/uploads\/2026\/01\/WhatsApp-Image-2026-01-27-at-3.48.33-PM-2-768x576.jpeg 768w, https:\/\/cuernavaca.gob.mx\/wp-content\/uploads\/2026\/01\/WhatsApp-Image-2026-01-27-at-3.48.33-PM-2-600x450.jpeg 600w, https:\/\/cuernavaca.gob.mx\/wp-content\/uploads\/2026\/01\/WhatsApp-Image-2026-01-27-at-3.48.33-PM-2-560x420.jpeg 560w, https:\/\/cuernavaca.gob.mx\/wp-content\/uploads\/2026\/01\/WhatsApp-Image-2026-01-27-at-3.48.33-PM-2.jpeg 1280w\" sizes=\"(max-width: 300px) 100vw, 300px\" \/><\/a>\n\t\t\t<\/dt><\/dl><dl class='gallery-item'>\n\t\t\t<dt class='gallery-icon landscape'>\n\t\t\t\t<a href='https:\/\/cuernavaca.gob.mx\/wp-content\/uploads\/2026\/01\/WhatsApp-Image-2026-01-27-at-3.48.33-PM.jpeg'><img width=\"300\" height=\"200\" src=\"https:\/\/cuernavaca.gob.mx\/wp-content\/uploads\/2026\/01\/WhatsApp-Image-2026-01-27-at-3.48.33-PM-300x200.jpeg\" class=\"attachment-medium size-medium\" alt=\"\" loading=\"lazy\" srcset=\"https:\/\/cuernavaca.gob.mx\/wp-content\/uploads\/2026\/01\/WhatsApp-Image-2026-01-27-at-3.48.33-PM-300x200.jpeg 300w, https:\/\/cuernavaca.gob.mx\/wp-content\/uploads\/2026\/01\/WhatsApp-Image-2026-01-27-at-3.48.33-PM-1024x683.jpeg 1024w, https:\/\/cuernavaca.gob.mx\/wp-content\/uploads\/2026\/01\/WhatsApp-Image-2026-01-27-at-3.48.33-PM-768x512.jpeg 768w, https:\/\/cuernavaca.gob.mx\/wp-content\/uploads\/2026\/01\/WhatsApp-Image-2026-01-27-at-3.48.33-PM-1536x1024.jpeg 1536w, https:\/\/cuernavaca.gob.mx\/wp-content\/uploads\/2026\/01\/WhatsApp-Image-2026-01-27-at-3.48.33-PM-600x400.jpeg 600w, https:\/\/cuernavaca.gob.mx\/wp-content\/uploads\/2026\/01\/WhatsApp-Image-2026-01-27-at-3.48.33-PM-560x373.jpeg 560w, https:\/\/cuernavaca.gob.mx\/wp-content\/uploads\/2026\/01\/WhatsApp-Image-2026-01-27-at-3.48.33-PM.jpeg 1599w\" sizes=\"(max-width: 300px) 100vw, 300px\" \/><\/a>\n\t\t\t<\/dt><\/dl><br style=\"clear: both\" \/>\n\t\t<\/div>\n\n","protected":false},"excerpt":{"rendered":"<p>* Pablo Nivardo Aguilera Casados posee experiencia en el servicio p\u00fablico, con una amplia trayectoria en \u00e1reas de seguridad p\u00fablica, investigaci\u00f3n criminal e inteligencia a nivel nacional El Cabildo de Cuernavaca, encabezado por el presidente municipal Jos\u00e9 Luis Uri\u00f3stegui Salgado, aprob\u00f3 este martes el nombramiento de Pablo Nivardo Aguilera Casados como titular de la Secretar\u00eda [&hellip;]<\/p>\n","protected":false},"author":1,"featured_media":56060,"comment_status":"closed","ping_status":"open","sticky":false,"template":"","format":"standard","meta":[],"categories":[3047,17],"tags":[],"aioseo_notices":[],"_links":{"self":[{"href":"https:\/\/cuernavaca.gob.mx\/index.php?rest_route=\/wp\/v2\/posts\/56058"}],"collection":[{"href":"https:\/\/cuernavaca.gob.mx\/index.php?rest_route=\/wp\/v2\/posts"}],"about":[{"href":"https:\/\/cuernavaca.gob.mx\/index.php?rest_route=\/wp\/v2\/types\/post"}],"author":[{"embeddable":true,"href":"https:\/\/cuernavaca.gob.mx\/index.php?rest_route=\/wp\/v2\/users\/1"}],"replies":[{"embeddable":true,"href":"https:\/\/cuernavaca.gob.mx\/index.php?rest_route=%2Fwp%2Fv2%2Fcomments&post=56058"}],"version-history":[{"count":2,"href":"https:\/\/cuernavaca.gob.mx\/index.php?rest_route=\/wp\/v2\/posts\/56058\/revisions"}],"predecessor-version":[{"id":56066,"href":"https:\/\/cuernavaca.gob.mx\/index.php?rest_route=\/wp\/v2\/posts\/56058\/revisions\/56066"}],"wp:featuredmedia":[{"embeddable":true,"href":"https:\/\/cuernavaca.gob.mx\/index.php?rest_route=\/wp\/v2\/media\/56060"}],"wp:attachment":[{"href":"https:\/\/cuernavaca.gob.mx\/index.php?rest_route=%2Fwp%2Fv2%2Fmedia&parent=56058"}],"wp:term":[{"taxonomy":"category","embeddable":true,"href":"https:\/\/cuernavaca.gob.mx\/index.php?rest_route=%2Fwp%2Fv2%2Fcategories&post=56058"},{"taxonomy":"post_tag","embeddable":true,"href":"https:\/\/cuernavaca.gob.mx\/index.php?rest_route=%2Fwp%2Fv2%2Ftags&post=56058"}],"curies":[{"name":"wp","href":"https:\/\/api.w.org\/{rel}","templated":true}]}}