{"id":56069,"date":"2026-01-27T17:48:03","date_gmt":"2026-01-27T23:48:03","guid":{"rendered":"https:\/\/cuernavaca.gob.mx\/?p=56069"},"modified":"2026-01-27T17:55:18","modified_gmt":"2026-01-27T23:55:18","slug":"b899-27-01-26-nuevo-titular-de-la-seprac-asume-funciones-y-reafrenda-compromiso-con-la-seguridad-de-cuernavaca","status":"publish","type":"post","link":"https:\/\/cuernavaca.gob.mx\/?p=56069","title":{"rendered":"B899 27\/01\/26 NUEVO TITULAR DE LA SEPRAC ASUME FUNCIONES Y REFRENDA COMPROMISO CON LA SEGURIDAD DE CUERNAVACA"},"content":{"rendered":"<p>Tras la toma de protesta de Pablo Nivardo Aguilera Casados como nuevo titular de la Secretar\u00eda de Protecci\u00f3n y Auxilio Ciudadano (SEPRAC), realizada durante la primera sesi\u00f3n extraordinaria de Cabildo, el presidente municipal de Cuernavaca, Jos\u00e9 Luis Uri\u00f3stegui Salgado acudi\u00f3 a las instalaciones de la dependencia para sostener un encuentro con el equipo de trabajo.<\/p>\n<p>Durante la visita, las autoridades municipales formalizaron la incorporaci\u00f3n del nuevo titular ante el personal operativo y administrativo, destacando la importancia de la coordinaci\u00f3n institucional, el trabajo en equipo y la continuidad de las acciones en materia de seguridad p\u00fablica.<\/p>\n<p>Asimismo, convocaron al nuevo titular de la SEPRAC a fortalecer el v\u00ednculo de coordinaci\u00f3n y de investigaci\u00f3n entre el municipio de Cuernavaca y los \u00f3rdenes de gobierno estatal y federal.<\/p>\n<p>Despu\u00e9s de asumir el mando de la instituci\u00f3n, el secretario Pablo Nivardo Aguilera Casados reconoci\u00f3 la responsabilidad de los retos que enfrenta Cuernavaca en materia de seguridad, poniendo como prioridad la confianza ciudadana, fortalecer la prevenci\u00f3n del delito y consolidar una polic\u00eda cercana, profesional y eficiente.<\/p>\n<p>\u201cNuestro enfoque ser\u00e1 prevenir, antes que reaccionar, fortalecer la presencia territorial, atender las causas de la violencia y trabajar de manera permanente con la comunidad\u201d, afirm\u00f3.<\/p>\n<p>Adem\u00e1s, Aguilera Casados se\u00f1al\u00f3 que la seguridad no se construye de manera aislada, por ello, reiter\u00f3 que habr\u00e1 una coordinaci\u00f3n total y permanente con la fuerzas federales y estatales, utilizando el uso de tecnolog\u00eda y herramientas de vanguardia.<\/p>\n<p>Antes de concluir la visita, el alcalde Uri\u00f3stegui Salgado refrend\u00f3 el respaldo del Ayuntamiento y del Cabildo a la SEPRAC, exhortando al personal a redoblar esfuerzos para fortalecer las estrategias de prevenci\u00f3n, auxilio y proximidad social, con el objetivo de seguir brindando mejores condiciones de seguridad a la ciudadan\u00eda.<\/p>\n\n\t\t<style type=\"text\/css\">\n\t\t\t#gallery-1 {\n\t\t\t\tmargin: auto;\n\t\t\t}\n\t\t\t#gallery-1 .gallery-item {\n\t\t\t\tfloat: left;\n\t\t\t\tmargin-top: 10px;\n\t\t\t\ttext-align: center;\n\t\t\t\twidth: 33%;\n\t\t\t}\n\t\t\t#gallery-1 img {\n\t\t\t\tborder: 2px solid #cfcfcf;\n\t\t\t}\n\t\t\t#gallery-1 .gallery-caption {\n\t\t\t\tmargin-left: 0;\n\t\t\t}\n\t\t\t\/* see gallery_shortcode() in wp-includes\/media.php *\/\n\t\t<\/style>\n\t\t<div id='gallery-1' class='gallery galleryid-56069 gallery-columns-3 gallery-size-thumbnail'><dl class='gallery-item'>\n\t\t\t<dt class='gallery-icon landscape'>\n\t\t\t\t<a href='https:\/\/cuernavaca.gob.mx\/?attachment_id=56075'><img width=\"150\" height=\"150\" src=\"https:\/\/cuernavaca.gob.mx\/wp-content\/uploads\/2026\/01\/Nuevo-titular-de-la-SEPRAC-001-150x150.jpeg\" class=\"attachment-thumbnail size-thumbnail\" alt=\"\" loading=\"lazy\" \/><\/a>\n\t\t\t<\/dt><\/dl><dl class='gallery-item'>\n\t\t\t<dt class='gallery-icon landscape'>\n\t\t\t\t<a href='https:\/\/cuernavaca.gob.mx\/?attachment_id=56076'><img width=\"150\" height=\"150\" src=\"https:\/\/cuernavaca.gob.mx\/wp-content\/uploads\/2026\/01\/Nuevo-titular-de-la-SEPRAC-002-150x150.jpeg\" class=\"attachment-thumbnail size-thumbnail\" alt=\"\" loading=\"lazy\" \/><\/a>\n\t\t\t<\/dt><\/dl><dl class='gallery-item'>\n\t\t\t<dt class='gallery-icon landscape'>\n\t\t\t\t<a href='https:\/\/cuernavaca.gob.mx\/?attachment_id=56077'><img width=\"150\" height=\"150\" src=\"https:\/\/cuernavaca.gob.mx\/wp-content\/uploads\/2026\/01\/Nuevo-titular-de-la-SEPRAC-003-150x150.jpeg\" class=\"attachment-thumbnail size-thumbnail\" alt=\"\" loading=\"lazy\" \/><\/a>\n\t\t\t<\/dt><\/dl><br style=\"clear: both\" \/><dl class='gallery-item'>\n\t\t\t<dt class='gallery-icon landscape'>\n\t\t\t\t<a href='https:\/\/cuernavaca.gob.mx\/?attachment_id=56078'><img width=\"150\" height=\"150\" src=\"https:\/\/cuernavaca.gob.mx\/wp-content\/uploads\/2026\/01\/Nuevo-titular-de-la-SEPRAC-004-150x150.jpeg\" class=\"attachment-thumbnail size-thumbnail\" alt=\"\" loading=\"lazy\" \/><\/a>\n\t\t\t<\/dt><\/dl><dl class='gallery-item'>\n\t\t\t<dt class='gallery-icon landscape'>\n\t\t\t\t<a href='https:\/\/cuernavaca.gob.mx\/?attachment_id=56079'><img width=\"150\" height=\"150\" src=\"https:\/\/cuernavaca.gob.mx\/wp-content\/uploads\/2026\/01\/Nuevo-titular-de-la-SEPRAC-005-150x150.jpeg\" class=\"attachment-thumbnail size-thumbnail\" alt=\"\" loading=\"lazy\" \/><\/a>\n\t\t\t<\/dt><\/dl>\n\t\t\t<br style='clear: both' \/>\n\t\t<\/div>\n\n","protected":false},"excerpt":{"rendered":"<p>Tras la toma de protesta de Pablo Nivardo Aguilera Casados como nuevo titular de la Secretar\u00eda de Protecci\u00f3n y Auxilio Ciudadano (SEPRAC), realizada durante la primera sesi\u00f3n extraordinaria de Cabildo, el presidente municipal de Cuernavaca, Jos\u00e9 Luis Uri\u00f3stegui Salgado acudi\u00f3 a las instalaciones de la dependencia para sostener un encuentro con el equipo de trabajo. [&hellip;]<\/p>\n","protected":false},"author":1,"featured_media":56076,"comment_status":"closed","ping_status":"open","sticky":false,"template":"","format":"standard","meta":[],"categories":[20,17],"tags":[4333,252,2112],"aioseo_notices":[],"_links":{"self":[{"href":"https:\/\/cuernavaca.gob.mx\/index.php?rest_route=\/wp\/v2\/posts\/56069"}],"collection":[{"href":"https:\/\/cuernavaca.gob.mx\/index.php?rest_route=\/wp\/v2\/posts"}],"about":[{"href":"https:\/\/cuernavaca.gob.mx\/index.php?rest_route=\/wp\/v2\/types\/post"}],"author":[{"embeddable":true,"href":"https:\/\/cuernavaca.gob.mx\/index.php?rest_route=\/wp\/v2\/users\/1"}],"replies":[{"embeddable":true,"href":"https:\/\/cuernavaca.gob.mx\/index.php?rest_route=%2Fwp%2Fv2%2Fcomments&post=56069"}],"version-history":[{"count":2,"href":"https:\/\/cuernavaca.gob.mx\/index.php?rest_route=\/wp\/v2\/posts\/56069\/revisions"}],"predecessor-version":[{"id":56081,"href":"https:\/\/cuernavaca.gob.mx\/index.php?rest_route=\/wp\/v2\/posts\/56069\/revisions\/56081"}],"wp:featuredmedia":[{"embeddable":true,"href":"https:\/\/cuernavaca.gob.mx\/index.php?rest_route=\/wp\/v2\/media\/56076"}],"wp:attachment":[{"href":"https:\/\/cuernavaca.gob.mx\/index.php?rest_route=%2Fwp%2Fv2%2Fmedia&parent=56069"}],"wp:term":[{"taxonomy":"category","embeddable":true,"href":"https:\/\/cuernavaca.gob.mx\/index.php?rest_route=%2Fwp%2Fv2%2Fcategories&post=56069"},{"taxonomy":"post_tag","embeddable":true,"href":"https:\/\/cuernavaca.gob.mx\/index.php?rest_route=%2Fwp%2Fv2%2Ftags&post=56069"}],"curies":[{"name":"wp","href":"https:\/\/api.w.org\/{rel}","templated":true}]}}