{"id":56898,"date":"2026-02-28T10:00:14","date_gmt":"2026-02-28T16:00:14","guid":{"rendered":"https:\/\/cuernavaca.gob.mx\/?p=56898"},"modified":"2026-03-01T12:08:33","modified_gmt":"2026-03-01T18:08:33","slug":"b972-28-02-26-sesiona-el-consejo-tecnico-de-mujeres-de-cuernavaca-seguimiento-puntual-participacion-activa-y-rumbo-claro-hacia-la-igualdad","status":"publish","type":"post","link":"https:\/\/cuernavaca.gob.mx\/?p=56898","title":{"rendered":"B972 28\/02\/26 SESIONA EL CONSEJO T\u00c9CNICO DE MUJERES DE CUERNAVACA: SEGUIMIENTO PUNTUAL, PARTICIPACI\u00d3N ACTIVA Y RUMBO CLARO HACIA LA IGUALDAD"},"content":{"rendered":"<p><strong>* IMC presenta la convocatoria del Segundo Cabildo de las Mujeres 2026, &#8220;13 Voces por la Igualdad y la Justicia en Cuernavaca&#8221;<\/strong><\/p>\n<p><strong>Con el firme compromiso de transformar las propuestas en acciones concretas el Instituto de la Mujer de Cuernavaca (IMC) se realiz\u00f3 la segunda sesi\u00f3n del Consejo T\u00e9cnico de Mujeres de Cuernavaca.<\/strong><\/p>\n<p>El Consejo T\u00e9cnico de Mujeres de Cuernavaca naci\u00f3 a partir del Primer Cabildo de las Mujeres 2025, como un espacio permanente de seguimiento a las propuestas planteadas por mujeres de distintos sectores durante el foro ciudadano. Hoy, ese compromiso se traduce en trabajo coordinado y evaluaci\u00f3n de avances en temas prioritarios como la prevenci\u00f3n de la violencia, el rescate de espacios p\u00fablicos y el bienestar integral de las mujeres en Cuernavaca.<\/p>\n<p>La sesi\u00f3n virtual fue encabezada por la directora del IMC, Lorena Elizabeth Castillo Castillo, quien, junto con las integrantes del Consejo T\u00e9cnico de las Mujeres Luz Mar\u00eda L\u00f3pez Trujillo, Claudia Anguiano Ramos, Austria Vique Correa y Luz Adriana Nava Nava, refrend\u00f3 su voluntad de consolidar acciones que impacten de manera directa en la vida de las mujeres del municipio.<\/p>\n<p>Durante la sesi\u00f3n, se present\u00f3 la convocatoria del Segundo Cabildo de las Mujeres 2026, &#8220;13 Voces por la Igualdad y la Justicia en Cuernavaca&#8221; que se llevar\u00e1 a cabo el pr\u00f3ximo viernes 6 de marzo en la explanada del Museo de la Ciudad de Cuernavaca (MUCIC).<\/p>\n<p>En esta segunda edici\u00f3n se elegir\u00e1n 13 mujeres representantes de diversos sectores del municipio, quienes participar\u00e1n con voz en el Segundo Cabildo de las Mujeres de Cuernavaca, fortaleciendo as\u00ed un ejercicio democr\u00e1tico que reconoce, escucha y visibiliza el liderazgo femenino.<\/p>\n<p>El registro de propuestas permanecer\u00e1 abierto hasta el 2 de marzo de 2026. Para el IMC, este proceso reafirma el compromiso de mantener abiertos y permanentes los espacios de participaci\u00f3n de las mujeres en la vida p\u00fablica del municipio.<\/p>\n\n\t\t<style type=\"text\/css\">\n\t\t\t#gallery-1 {\n\t\t\t\tmargin: auto;\n\t\t\t}\n\t\t\t#gallery-1 .gallery-item {\n\t\t\t\tfloat: left;\n\t\t\t\tmargin-top: 10px;\n\t\t\t\ttext-align: center;\n\t\t\t\twidth: 33%;\n\t\t\t}\n\t\t\t#gallery-1 img {\n\t\t\t\tborder: 2px solid #cfcfcf;\n\t\t\t}\n\t\t\t#gallery-1 .gallery-caption {\n\t\t\t\tmargin-left: 0;\n\t\t\t}\n\t\t\t\/* see gallery_shortcode() in wp-includes\/media.php *\/\n\t\t<\/style>\n\t\t<div id='gallery-1' class='gallery galleryid-56898 gallery-columns-3 gallery-size-thumbnail'><dl class='gallery-item'>\n\t\t\t<dt class='gallery-icon portrait'>\n\t\t\t\t<a href='https:\/\/cuernavaca.gob.mx\/?attachment_id=56899'><img width=\"150\" height=\"150\" src=\"https:\/\/cuernavaca.gob.mx\/wp-content\/uploads\/2026\/03\/SESIONA-EL-CONSEJO-TE\u0301CNICO-DE-MUJERES-DE-CUERNAVACA-1-150x150.jpg\" class=\"attachment-thumbnail size-thumbnail\" alt=\"\" loading=\"lazy\" \/><\/a>\n\t\t\t<\/dt><\/dl><dl class='gallery-item'>\n\t\t\t<dt class='gallery-icon portrait'>\n\t\t\t\t<a href='https:\/\/cuernavaca.gob.mx\/?attachment_id=56900'><img width=\"150\" height=\"150\" src=\"https:\/\/cuernavaca.gob.mx\/wp-content\/uploads\/2026\/03\/SESIONA-EL-CONSEJO-TE\u0301CNICO-DE-MUJERES-DE-CUERNAVACA-2-150x150.jpg\" class=\"attachment-thumbnail size-thumbnail\" alt=\"\" loading=\"lazy\" \/><\/a>\n\t\t\t<\/dt><\/dl><dl class='gallery-item'>\n\t\t\t<dt class='gallery-icon landscape'>\n\t\t\t\t<a href='https:\/\/cuernavaca.gob.mx\/?attachment_id=56901'><img width=\"150\" height=\"150\" src=\"https:\/\/cuernavaca.gob.mx\/wp-content\/uploads\/2026\/03\/SESIONA-EL-CONSEJO-TE\u0301CNICO-DE-MUJERES-DE-CUERNAVACA-3-150x150.jpg\" class=\"attachment-thumbnail size-thumbnail\" alt=\"\" loading=\"lazy\" srcset=\"https:\/\/cuernavaca.gob.mx\/wp-content\/uploads\/2026\/03\/SESIONA-EL-CONSEJO-TE\u0301CNICO-DE-MUJERES-DE-CUERNAVACA-3-150x150.jpg 150w, https:\/\/cuernavaca.gob.mx\/wp-content\/uploads\/2026\/03\/SESIONA-EL-CONSEJO-TE\u0301CNICO-DE-MUJERES-DE-CUERNAVACA-3-300x300.jpg 300w, https:\/\/cuernavaca.gob.mx\/wp-content\/uploads\/2026\/03\/SESIONA-EL-CONSEJO-TE\u0301CNICO-DE-MUJERES-DE-CUERNAVACA-3-1024x1024.jpg 1024w, https:\/\/cuernavaca.gob.mx\/wp-content\/uploads\/2026\/03\/SESIONA-EL-CONSEJO-TE\u0301CNICO-DE-MUJERES-DE-CUERNAVACA-3-768x768.jpg 768w, https:\/\/cuernavaca.gob.mx\/wp-content\/uploads\/2026\/03\/SESIONA-EL-CONSEJO-TE\u0301CNICO-DE-MUJERES-DE-CUERNAVACA-3-1536x1536.jpg 1536w, https:\/\/cuernavaca.gob.mx\/wp-content\/uploads\/2026\/03\/SESIONA-EL-CONSEJO-TE\u0301CNICO-DE-MUJERES-DE-CUERNAVACA-3-600x600.jpg 600w, https:\/\/cuernavaca.gob.mx\/wp-content\/uploads\/2026\/03\/SESIONA-EL-CONSEJO-TE\u0301CNICO-DE-MUJERES-DE-CUERNAVACA-3-560x560.jpg 560w, https:\/\/cuernavaca.gob.mx\/wp-content\/uploads\/2026\/03\/SESIONA-EL-CONSEJO-TE\u0301CNICO-DE-MUJERES-DE-CUERNAVACA-3.jpg 1600w\" sizes=\"(max-width: 150px) 100vw, 150px\" \/><\/a>\n\t\t\t<\/dt><\/dl><br style=\"clear: both\" \/><dl class='gallery-item'>\n\t\t\t<dt class='gallery-icon landscape'>\n\t\t\t\t<a href='https:\/\/cuernavaca.gob.mx\/?attachment_id=56902'><img width=\"150\" height=\"150\" src=\"https:\/\/cuernavaca.gob.mx\/wp-content\/uploads\/2026\/03\/SESIONA-EL-CONSEJO-TE\u0301CNICO-DE-MUJERES-DE-CUERNAVACA-4-150x150.jpg\" class=\"attachment-thumbnail size-thumbnail\" alt=\"\" loading=\"lazy\" \/><\/a>\n\t\t\t<\/dt><\/dl>\n\t\t\t<br style='clear: both' \/>\n\t\t<\/div>\n\n","protected":false},"excerpt":{"rendered":"<p>* IMC presenta la convocatoria del Segundo Cabildo de las Mujeres 2026, &#8220;13 Voces por la Igualdad y la Justicia en Cuernavaca&#8221; Con el firme compromiso de transformar las propuestas en acciones concretas el Instituto de la Mujer de Cuernavaca (IMC) se realiz\u00f3 la segunda sesi\u00f3n del Consejo T\u00e9cnico de Mujeres de Cuernavaca. El Consejo [&hellip;]<\/p>\n","protected":false},"author":1,"featured_media":56900,"comment_status":"closed","ping_status":"open","sticky":false,"template":"","format":"standard","meta":[],"categories":[280],"tags":[],"aioseo_notices":[],"_links":{"self":[{"href":"https:\/\/cuernavaca.gob.mx\/index.php?rest_route=\/wp\/v2\/posts\/56898"}],"collection":[{"href":"https:\/\/cuernavaca.gob.mx\/index.php?rest_route=\/wp\/v2\/posts"}],"about":[{"href":"https:\/\/cuernavaca.gob.mx\/index.php?rest_route=\/wp\/v2\/types\/post"}],"author":[{"embeddable":true,"href":"https:\/\/cuernavaca.gob.mx\/index.php?rest_route=\/wp\/v2\/users\/1"}],"replies":[{"embeddable":true,"href":"https:\/\/cuernavaca.gob.mx\/index.php?rest_route=%2Fwp%2Fv2%2Fcomments&post=56898"}],"version-history":[{"count":1,"href":"https:\/\/cuernavaca.gob.mx\/index.php?rest_route=\/wp\/v2\/posts\/56898\/revisions"}],"predecessor-version":[{"id":56903,"href":"https:\/\/cuernavaca.gob.mx\/index.php?rest_route=\/wp\/v2\/posts\/56898\/revisions\/56903"}],"wp:featuredmedia":[{"embeddable":true,"href":"https:\/\/cuernavaca.gob.mx\/index.php?rest_route=\/wp\/v2\/media\/56900"}],"wp:attachment":[{"href":"https:\/\/cuernavaca.gob.mx\/index.php?rest_route=%2Fwp%2Fv2%2Fmedia&parent=56898"}],"wp:term":[{"taxonomy":"category","embeddable":true,"href":"https:\/\/cuernavaca.gob.mx\/index.php?rest_route=%2Fwp%2Fv2%2Fcategories&post=56898"},{"taxonomy":"post_tag","embeddable":true,"href":"https:\/\/cuernavaca.gob.mx\/index.php?rest_route=%2Fwp%2Fv2%2Ftags&post=56898"}],"curies":[{"name":"wp","href":"https:\/\/api.w.org\/{rel}","templated":true}]}}