{"id":56904,"date":"2026-02-28T10:35:43","date_gmt":"2026-02-28T16:35:43","guid":{"rendered":"https:\/\/cuernavaca.gob.mx\/?p=56904"},"modified":"2026-03-01T12:12:59","modified_gmt":"2026-03-01T18:12:59","slug":"f182-28-02-26-cuernavaca-fortalece-el-desarrollo-economico-local-con-expo-huerto-en-el-corazon-de-la-ciudad","status":"publish","type":"post","link":"https:\/\/cuernavaca.gob.mx\/?p=56904","title":{"rendered":"F182 28\/02\/26 CUERNAVACA FORTALECE EL DESARROLLO ECON\u00d3MICO LOCAL CON EXPO HUERTO EN EL CORAZ\u00d3N DE LA CIUDAD"},"content":{"rendered":"<p>La Secretar\u00eda de Desarrollo Econ\u00f3mico y Turismo (SDEyT), a trav\u00e9s de la Direcci\u00f3n de Fomento Empresarial y al Empleo, llev\u00f3 a cabo con \u00e9xito la Expo Huerto en la explanada del Ayuntamiento de Cuernavaca, consolidando un espacio estrat\u00e9gico para el impulso de productores de hortalizas y artesanos de la regi\u00f3n.<\/p>\n<p>Durante la jornada, realizada de 9:00 a 13:00 horas, la ciudadan\u00eda pudo acceder a productos locales de alta calidad, entre ellos hortalizas frescas, plantas, productos org\u00e1nicos, conservas, derivados agroalimentarios y una amplia variedad de artesan\u00edas elaboradas por manos morelenses.<\/p>\n<p>La Expo Huerto registr\u00f3 una destacada participaci\u00f3n tanto de expositores como de visitantes, fortaleciendo la econom\u00eda local, promoviendo el consumo responsable y generando oportunidades directas de comercializaci\u00f3n para peque\u00f1os productores y emprendedores.<\/p>\n<p>Con este tipo de iniciativas, el Gobierno Municipal refrenda su compromiso de impulsar el desarrollo econ\u00f3mico, apoyar al sector productivo local y promover espacios que fomenten el autoempleo y el fortalecimiento del mercado regional.<\/p>\n\n\t\t<style type=\"text\/css\">\n\t\t\t#gallery-1 {\n\t\t\t\tmargin: auto;\n\t\t\t}\n\t\t\t#gallery-1 .gallery-item {\n\t\t\t\tfloat: left;\n\t\t\t\tmargin-top: 10px;\n\t\t\t\ttext-align: center;\n\t\t\t\twidth: 33%;\n\t\t\t}\n\t\t\t#gallery-1 img {\n\t\t\t\tborder: 2px solid #cfcfcf;\n\t\t\t}\n\t\t\t#gallery-1 .gallery-caption {\n\t\t\t\tmargin-left: 0;\n\t\t\t}\n\t\t\t\/* see gallery_shortcode() in wp-includes\/media.php *\/\n\t\t<\/style>\n\t\t<div id='gallery-1' class='gallery galleryid-56904 gallery-columns-3 gallery-size-thumbnail'><dl class='gallery-item'>\n\t\t\t<dt class='gallery-icon landscape'>\n\t\t\t\t<a href='https:\/\/cuernavaca.gob.mx\/?attachment_id=56905'><img width=\"150\" height=\"150\" src=\"https:\/\/cuernavaca.gob.mx\/wp-content\/uploads\/2026\/03\/CUERNAVACA-FORTALECE-EL-DESARROLLO-ECONO\u0301MICO-LOCAL-CON-EXPO-HUERTO-EN-EL-CORAZO\u0301N-DE-LA-CIUDAD-2-150x150.jpg\" class=\"attachment-thumbnail size-thumbnail\" alt=\"\" loading=\"lazy\" \/><\/a>\n\t\t\t<\/dt><\/dl><dl class='gallery-item'>\n\t\t\t<dt class='gallery-icon portrait'>\n\t\t\t\t<a href='https:\/\/cuernavaca.gob.mx\/?attachment_id=56906'><img width=\"150\" height=\"150\" src=\"https:\/\/cuernavaca.gob.mx\/wp-content\/uploads\/2026\/03\/CUERNAVACA-FORTALECE-EL-DESARROLLO-ECONO\u0301MICO-LOCAL-CON-EXPO-HUERTO-EN-EL-CORAZO\u0301N-DE-LA-CIUDAD-3-150x150.jpg\" class=\"attachment-thumbnail size-thumbnail\" alt=\"\" loading=\"lazy\" \/><\/a>\n\t\t\t<\/dt><\/dl><dl class='gallery-item'>\n\t\t\t<dt class='gallery-icon landscape'>\n\t\t\t\t<a href='https:\/\/cuernavaca.gob.mx\/?attachment_id=56907'><img width=\"150\" height=\"150\" src=\"https:\/\/cuernavaca.gob.mx\/wp-content\/uploads\/2026\/03\/CUERNAVACA-FORTALECE-EL-DESARROLLO-ECONO\u0301MICO-LOCAL-CON-EXPO-HUERTO-EN-EL-CORAZO\u0301N-DE-LA-CIUDAD-4-150x150.jpg\" class=\"attachment-thumbnail size-thumbnail\" alt=\"\" loading=\"lazy\" \/><\/a>\n\t\t\t<\/dt><\/dl><br style=\"clear: both\" \/><dl class='gallery-item'>\n\t\t\t<dt class='gallery-icon portrait'>\n\t\t\t\t<a href='https:\/\/cuernavaca.gob.mx\/?attachment_id=56908'><img width=\"150\" height=\"150\" src=\"https:\/\/cuernavaca.gob.mx\/wp-content\/uploads\/2026\/03\/CUERNAVACA-FORTALECE-EL-DESARROLLO-ECONO\u0301MICO-LOCAL-CON-EXPO-HUERTO-EN-EL-CORAZO\u0301N-DE-LA-CIUDAD-5-150x150.jpg\" class=\"attachment-thumbnail size-thumbnail\" alt=\"\" loading=\"lazy\" \/><\/a>\n\t\t\t<\/dt><\/dl><dl class='gallery-item'>\n\t\t\t<dt class='gallery-icon landscape'>\n\t\t\t\t<a href='https:\/\/cuernavaca.gob.mx\/?attachment_id=56909'><img width=\"150\" height=\"150\" src=\"https:\/\/cuernavaca.gob.mx\/wp-content\/uploads\/2026\/03\/CUERNAVACA-FORTALECE-EL-DESARROLLO-ECONO\u0301MICO-LOCAL-CON-EXPO-HUERTO-EN-EL-CORAZO\u0301N-DE-LA-CIUDAD-6-150x150.jpg\" class=\"attachment-thumbnail size-thumbnail\" alt=\"\" loading=\"lazy\" \/><\/a>\n\t\t\t<\/dt><\/dl><dl class='gallery-item'>\n\t\t\t<dt class='gallery-icon landscape'>\n\t\t\t\t<a href='https:\/\/cuernavaca.gob.mx\/?attachment_id=56910'><img width=\"150\" height=\"150\" src=\"https:\/\/cuernavaca.gob.mx\/wp-content\/uploads\/2026\/03\/CUERNAVACA-FORTALECE-EL-DESARROLLO-ECONO\u0301MICO-LOCAL-CON-EXPO-HUERTO-EN-EL-CORAZO\u0301N-DE-LA-CIUDAD-7-150x150.jpg\" class=\"attachment-thumbnail size-thumbnail\" alt=\"\" loading=\"lazy\" \/><\/a>\n\t\t\t<\/dt><\/dl><br style=\"clear: both\" \/><dl class='gallery-item'>\n\t\t\t<dt class='gallery-icon landscape'>\n\t\t\t\t<a href='https:\/\/cuernavaca.gob.mx\/?attachment_id=56911'><img width=\"150\" height=\"150\" src=\"https:\/\/cuernavaca.gob.mx\/wp-content\/uploads\/2026\/03\/CUERNAVACA-FORTALECE-EL-DESARROLLO-ECONO\u0301MICO-LOCAL-CON-EXPO-HUERTO-EN-EL-CORAZO\u0301N-DE-LA-CIUDAD-8-150x150.jpg\" class=\"attachment-thumbnail size-thumbnail\" alt=\"\" loading=\"lazy\" \/><\/a>\n\t\t\t<\/dt><\/dl><dl class='gallery-item'>\n\t\t\t<dt class='gallery-icon portrait'>\n\t\t\t\t<a href='https:\/\/cuernavaca.gob.mx\/?attachment_id=56912'><img width=\"150\" height=\"150\" src=\"https:\/\/cuernavaca.gob.mx\/wp-content\/uploads\/2026\/03\/CUERNAVACA-FORTALECE-EL-DESARROLLO-ECONO\u0301MICO-LOCAL-CON-EXPO-HUERTO-EN-EL-CORAZO\u0301N-DE-LA-CIUDAD-9-150x150.jpg\" class=\"attachment-thumbnail size-thumbnail\" alt=\"\" loading=\"lazy\" \/><\/a>\n\t\t\t<\/dt><\/dl><dl class='gallery-item'>\n\t\t\t<dt class='gallery-icon landscape'>\n\t\t\t\t<a href='https:\/\/cuernavaca.gob.mx\/?attachment_id=56913'><img width=\"150\" height=\"150\" src=\"https:\/\/cuernavaca.gob.mx\/wp-content\/uploads\/2026\/03\/CUERNAVACA-FORTALECE-EL-DESARROLLO-ECONO\u0301MICO-LOCAL-CON-EXPO-HUERTO-EN-EL-CORAZO\u0301N-DE-LA-CIUDAD-150x150.jpg\" class=\"attachment-thumbnail size-thumbnail\" alt=\"\" loading=\"lazy\" \/><\/a>\n\t\t\t<\/dt><\/dl><br style=\"clear: both\" \/>\n\t\t<\/div>\n\n","protected":false},"excerpt":{"rendered":"<p>La Secretar\u00eda de Desarrollo Econ\u00f3mico y Turismo (SDEyT), a trav\u00e9s de la Direcci\u00f3n de Fomento Empresarial y al Empleo, llev\u00f3 a cabo con \u00e9xito la Expo Huerto en la explanada del Ayuntamiento de Cuernavaca, consolidando un espacio estrat\u00e9gico para el impulso de productores de hortalizas y artesanos de la regi\u00f3n. Durante la jornada, realizada de [&hellip;]<\/p>\n","protected":false},"author":1,"featured_media":56911,"comment_status":"closed","ping_status":"open","sticky":false,"template":"","format":"standard","meta":[],"categories":[1],"tags":[],"aioseo_notices":[],"_links":{"self":[{"href":"https:\/\/cuernavaca.gob.mx\/index.php?rest_route=\/wp\/v2\/posts\/56904"}],"collection":[{"href":"https:\/\/cuernavaca.gob.mx\/index.php?rest_route=\/wp\/v2\/posts"}],"about":[{"href":"https:\/\/cuernavaca.gob.mx\/index.php?rest_route=\/wp\/v2\/types\/post"}],"author":[{"embeddable":true,"href":"https:\/\/cuernavaca.gob.mx\/index.php?rest_route=\/wp\/v2\/users\/1"}],"replies":[{"embeddable":true,"href":"https:\/\/cuernavaca.gob.mx\/index.php?rest_route=%2Fwp%2Fv2%2Fcomments&post=56904"}],"version-history":[{"count":1,"href":"https:\/\/cuernavaca.gob.mx\/index.php?rest_route=\/wp\/v2\/posts\/56904\/revisions"}],"predecessor-version":[{"id":56914,"href":"https:\/\/cuernavaca.gob.mx\/index.php?rest_route=\/wp\/v2\/posts\/56904\/revisions\/56914"}],"wp:featuredmedia":[{"embeddable":true,"href":"https:\/\/cuernavaca.gob.mx\/index.php?rest_route=\/wp\/v2\/media\/56911"}],"wp:attachment":[{"href":"https:\/\/cuernavaca.gob.mx\/index.php?rest_route=%2Fwp%2Fv2%2Fmedia&parent=56904"}],"wp:term":[{"taxonomy":"category","embeddable":true,"href":"https:\/\/cuernavaca.gob.mx\/index.php?rest_route=%2Fwp%2Fv2%2Fcategories&post=56904"},{"taxonomy":"post_tag","embeddable":true,"href":"https:\/\/cuernavaca.gob.mx\/index.php?rest_route=%2Fwp%2Fv2%2Ftags&post=56904"}],"curies":[{"name":"wp","href":"https:\/\/api.w.org\/{rel}","templated":true}]}}