{"id":56915,"date":"2026-03-01T10:35:29","date_gmt":"2026-03-01T16:35:29","guid":{"rendered":"https:\/\/cuernavaca.gob.mx\/?p=56915"},"modified":"2026-03-01T12:23:34","modified_gmt":"2026-03-01T18:23:34","slug":"b973-01-03-26","status":"publish","type":"post","link":"https:\/\/cuernavaca.gob.mx\/?p=56915","title":{"rendered":"B973 01\/03\/26 CUERNAVACA FORTALECE SU VOZ NACIONAL PARA IMPULSAR M\u00c1S RECURSOS Y MEJORES RESULTADOS A FAVOR DE LA CIUDADAN\u00cdA"},"content":{"rendered":"<p><strong>CUERNAVACA FORTALECE SU VOZ NACIONAL PARA IMPULSAR M\u00c1S RECURSOS Y MEJORES RESULTADOS A FAVOR DE LA CIUDADAN\u00cdA<\/strong><\/p>\n<p>* El alcalde Jos\u00e9 Luis Uri\u00f3stegui Salgado particip\u00f3 en la XVI Sesi\u00f3n Plenaria de la Asociaci\u00f3n de Ciudades Capitales de M\u00e9xico, donde se acord\u00f3 impulsar una agenda com\u00fan con metas medibles en materia financiera, urbana, de seguridad y administrativa<\/p>\n<p>El presidente municipal de Cuernavaca, Jos\u00e9 Luis Uri\u00f3stegui Salgado, particip\u00f3 en la XVI Sesi\u00f3n Plenaria de la Asociaci\u00f3n de Ciudades Capitales de M\u00e9xico (ACCM), celebrada en la Ciudad de M\u00e9xico, espacio en el que las capitales del pa\u00eds acordaron consolidar una agenda de trabajo conjunta orientada a fortalecer la gesti\u00f3n municipal y generar resultados medibles en beneficio de la ciudadan\u00eda.<\/p>\n<p>La ACCM, integrada por 21 alcaldesas y alcaldes de las capitales del pa\u00eds, refrend\u00f3 su compromiso de impulsar acciones coordinadas que permitan atender desaf\u00edos comunes y posicionar a las ciudades capitales como actores estrat\u00e9gicos en la toma de decisiones nacionales.<\/p>\n<p>En este marco, se tom\u00f3 protesta al nuevo presidente de la ACCM, Javier D\u00edaz Gonz\u00e1lez, presidente municipal de Saltillo, as\u00ed como al Comit\u00e9 Ejecutivo Nacional, del cual Jos\u00e9 Luis Uri\u00f3stegui Salgado forma parte como vicepresidente tesorero, fortaleciendo la representaci\u00f3n de Cuernavaca en los espacios de coordinaci\u00f3n nacional.<\/p>\n<p>Al respecto, el alcalde destac\u00f3 que las capitales enfrentan retos compartidos en materia financiera, urbana, de seguridad, cultural y administrativa, por lo que esta nueva etapa de la Asociaci\u00f3n debe representar no solo continuidad, sino consolidaci\u00f3n y avance.<\/p>\n<p>\u201cNecesitamos una Asociaci\u00f3n que no solo dialogue, sino que incida en decisiones nacionales y defienda con firmeza los intereses de nuestras ciudades\u201d, afirm\u00f3.<\/p>\n<p>Jos\u00e9 Luis Uri\u00f3stegui subray\u00f3 que Cuernavaca asume un papel activo dentro de esta agenda nacional, con el objetivo de fortalecer la planeaci\u00f3n estrat\u00e9gica, profesionalizar los equipos t\u00e9cnicos municipales y gestionar mejores condiciones para el desarrollo econ\u00f3mico y social de la capital morelense.<\/p>\n<p>Durante la sesi\u00f3n plenaria se consolid\u00f3, adem\u00e1s, una vinculaci\u00f3n directa con el Gobierno federal, a trav\u00e9s del representante del Instituto Nacional para el Federalismo y el Desarrollo Municipal (INAFED), Jos\u00e9 Antonio Alem\u00e1n Garc\u00eda, lo que permitir\u00e1 fortalecer la coordinaci\u00f3n institucional y ampliar las oportunidades de gesti\u00f3n para las capitales del pa\u00eds, incluida Cuernavaca.<\/p>\n<p>Con esta participaci\u00f3n, el Ayuntamiento de Cuernavaca refrenda su compromiso de trabajar con visi\u00f3n estrat\u00e9gica, coordinaci\u00f3n interinstitucional y resultados concretos que impacten positivamente en la calidad de vida de las y los ciudadanos.<\/p>\n\n\t\t<style type=\"text\/css\">\n\t\t\t#gallery-1 {\n\t\t\t\tmargin: auto;\n\t\t\t}\n\t\t\t#gallery-1 .gallery-item {\n\t\t\t\tfloat: left;\n\t\t\t\tmargin-top: 10px;\n\t\t\t\ttext-align: center;\n\t\t\t\twidth: 33%;\n\t\t\t}\n\t\t\t#gallery-1 img {\n\t\t\t\tborder: 2px solid #cfcfcf;\n\t\t\t}\n\t\t\t#gallery-1 .gallery-caption {\n\t\t\t\tmargin-left: 0;\n\t\t\t}\n\t\t\t\/* see gallery_shortcode() in wp-includes\/media.php *\/\n\t\t<\/style>\n\t\t<div id='gallery-1' class='gallery galleryid-56915 gallery-columns-3 gallery-size-thumbnail'><dl class='gallery-item'>\n\t\t\t<dt class='gallery-icon landscape'>\n\t\t\t\t<a href='https:\/\/cuernavaca.gob.mx\/?attachment_id=56916'><img width=\"150\" height=\"150\" src=\"https:\/\/cuernavaca.gob.mx\/wp-content\/uploads\/2026\/03\/CUERNAVACA-FORTALECE-SU-VOZ-NACIONAL-PARA-IMPULSAR-MA\u0301S-RECURSOS-Y-MEJORES-RESULTADOS-A-FAVOR-DE-LA-CIUDADANI\u0301A-1-150x150.jpg\" class=\"attachment-thumbnail size-thumbnail\" alt=\"\" loading=\"lazy\" \/><\/a>\n\t\t\t<\/dt><\/dl><dl class='gallery-item'>\n\t\t\t<dt class='gallery-icon landscape'>\n\t\t\t\t<a href='https:\/\/cuernavaca.gob.mx\/?attachment_id=56917'><img width=\"150\" height=\"150\" src=\"https:\/\/cuernavaca.gob.mx\/wp-content\/uploads\/2026\/03\/CUERNAVACA-FORTALECE-SU-VOZ-NACIONAL-PARA-IMPULSAR-MA\u0301S-RECURSOS-Y-MEJORES-RESULTADOS-A-FAVOR-DE-LA-CIUDADANI\u0301A-2-150x150.jpg\" class=\"attachment-thumbnail size-thumbnail\" alt=\"\" loading=\"lazy\" \/><\/a>\n\t\t\t<\/dt><\/dl><dl class='gallery-item'>\n\t\t\t<dt class='gallery-icon landscape'>\n\t\t\t\t<a href='https:\/\/cuernavaca.gob.mx\/?attachment_id=56918'><img width=\"150\" height=\"150\" src=\"https:\/\/cuernavaca.gob.mx\/wp-content\/uploads\/2026\/03\/CUERNAVACA-FORTALECE-SU-VOZ-NACIONAL-PARA-IMPULSAR-MA\u0301S-RECURSOS-Y-MEJORES-RESULTADOS-A-FAVOR-DE-LA-CIUDADANI\u0301A-3-150x150.jpg\" class=\"attachment-thumbnail size-thumbnail\" alt=\"\" loading=\"lazy\" \/><\/a>\n\t\t\t<\/dt><\/dl><br style=\"clear: both\" \/><dl class='gallery-item'>\n\t\t\t<dt class='gallery-icon portrait'>\n\t\t\t\t<a href='https:\/\/cuernavaca.gob.mx\/?attachment_id=56919'><img width=\"150\" height=\"150\" src=\"https:\/\/cuernavaca.gob.mx\/wp-content\/uploads\/2026\/03\/CUERNAVACA-FORTALECE-SU-VOZ-NACIONAL-PARA-IMPULSAR-MA\u0301S-RECURSOS-Y-MEJORES-RESULTADOS-A-FAVOR-DE-LA-CIUDADANI\u0301A-4-150x150.jpg\" class=\"attachment-thumbnail size-thumbnail\" alt=\"\" loading=\"lazy\" \/><\/a>\n\t\t\t<\/dt><\/dl><dl class='gallery-item'>\n\t\t\t<dt class='gallery-icon landscape'>\n\t\t\t\t<a href='https:\/\/cuernavaca.gob.mx\/?attachment_id=56920'><img width=\"150\" height=\"150\" src=\"https:\/\/cuernavaca.gob.mx\/wp-content\/uploads\/2026\/03\/CUERNAVACA-FORTALECE-SU-VOZ-NACIONAL-PARA-IMPULSAR-MA\u0301S-RECURSOS-Y-MEJORES-RESULTADOS-A-FAVOR-DE-LA-CIUDADANI\u0301A-5-150x150.jpg\" class=\"attachment-thumbnail size-thumbnail\" alt=\"\" loading=\"lazy\" \/><\/a>\n\t\t\t<\/dt><\/dl><dl class='gallery-item'>\n\t\t\t<dt class='gallery-icon landscape'>\n\t\t\t\t<a href='https:\/\/cuernavaca.gob.mx\/?attachment_id=56921'><img width=\"150\" height=\"150\" src=\"https:\/\/cuernavaca.gob.mx\/wp-content\/uploads\/2026\/03\/CUERNAVACA-FORTALECE-SU-VOZ-NACIONAL-PARA-IMPULSAR-MA\u0301S-RECURSOS-Y-MEJORES-RESULTADOS-A-FAVOR-DE-LA-CIUDADANI\u0301A-6-150x150.jpg\" class=\"attachment-thumbnail size-thumbnail\" alt=\"\" loading=\"lazy\" \/><\/a>\n\t\t\t<\/dt><\/dl><br style=\"clear: both\" \/>\n\t\t<\/div>\n\n","protected":false},"excerpt":{"rendered":"<p>CUERNAVACA FORTALECE SU VOZ NACIONAL PARA IMPULSAR M\u00c1S RECURSOS Y MEJORES RESULTADOS A FAVOR DE LA CIUDADAN\u00cdA * El alcalde Jos\u00e9 Luis Uri\u00f3stegui Salgado particip\u00f3 en la XVI Sesi\u00f3n Plenaria de la Asociaci\u00f3n de Ciudades Capitales de M\u00e9xico, donde se acord\u00f3 impulsar una agenda com\u00fan con metas medibles en materia financiera, urbana, de seguridad y [&hellip;]<\/p>\n","protected":false},"author":1,"featured_media":56916,"comment_status":"closed","ping_status":"open","sticky":false,"template":"","format":"standard","meta":[],"categories":[20],"tags":[],"aioseo_notices":[],"_links":{"self":[{"href":"https:\/\/cuernavaca.gob.mx\/index.php?rest_route=\/wp\/v2\/posts\/56915"}],"collection":[{"href":"https:\/\/cuernavaca.gob.mx\/index.php?rest_route=\/wp\/v2\/posts"}],"about":[{"href":"https:\/\/cuernavaca.gob.mx\/index.php?rest_route=\/wp\/v2\/types\/post"}],"author":[{"embeddable":true,"href":"https:\/\/cuernavaca.gob.mx\/index.php?rest_route=\/wp\/v2\/users\/1"}],"replies":[{"embeddable":true,"href":"https:\/\/cuernavaca.gob.mx\/index.php?rest_route=%2Fwp%2Fv2%2Fcomments&post=56915"}],"version-history":[{"count":2,"href":"https:\/\/cuernavaca.gob.mx\/index.php?rest_route=\/wp\/v2\/posts\/56915\/revisions"}],"predecessor-version":[{"id":56923,"href":"https:\/\/cuernavaca.gob.mx\/index.php?rest_route=\/wp\/v2\/posts\/56915\/revisions\/56923"}],"wp:featuredmedia":[{"embeddable":true,"href":"https:\/\/cuernavaca.gob.mx\/index.php?rest_route=\/wp\/v2\/media\/56916"}],"wp:attachment":[{"href":"https:\/\/cuernavaca.gob.mx\/index.php?rest_route=%2Fwp%2Fv2%2Fmedia&parent=56915"}],"wp:term":[{"taxonomy":"category","embeddable":true,"href":"https:\/\/cuernavaca.gob.mx\/index.php?rest_route=%2Fwp%2Fv2%2Fcategories&post=56915"},{"taxonomy":"post_tag","embeddable":true,"href":"https:\/\/cuernavaca.gob.mx\/index.php?rest_route=%2Fwp%2Fv2%2Ftags&post=56915"}],"curies":[{"name":"wp","href":"https:\/\/api.w.org\/{rel}","templated":true}]}}