{"id":56924,"date":"2026-03-01T12:49:31","date_gmt":"2026-03-01T18:49:31","guid":{"rendered":"https:\/\/cuernavaca.gob.mx\/?p=56924"},"modified":"2026-03-01T12:49:31","modified_gmt":"2026-03-01T18:49:31","slug":"b974-01-03-26-ayuntamiento-de-cuernavaca-promueve-cultura-de-la-paz-y-uso-responsable-de-herramientas-digitales-entre-estudiantes","status":"publish","type":"post","link":"https:\/\/cuernavaca.gob.mx\/?p=56924","title":{"rendered":"B974 01\/03\/26 AYUNTAMIENTO DE CUERNAVACA PROMUEVE CULTURA DE LA PAZ Y USO RESPONSABLE DE HERRAMIENTAS DIGITALES ENTRE ESTUDIANTES"},"content":{"rendered":"<p><strong>\u2022 La jornada informativa busca convertir a las juventudes en agentes de paz, fomentando valores y buenas pr\u00e1cticas en el entorno digital<\/strong><\/p>\n<p><strong>\u2022 M\u00e1s de 400 estudiantes de secundaria beneficiados con la pl\u00e1tica &#8220;Paz Digital&#8221; que promueve el uso responsable de plataformas digitales y la prevenci\u00f3n de la violencia digital<\/strong><\/p>\n<p>Con el prop\u00f3sito de fortalecer la cultura de paz y promover el uso responsable de las plataformas digitales entre adolescentes, el Ayuntamiento de Cuernavaca, a trav\u00e9s de la Secretar\u00eda de Desarrollo Humano y Participaci\u00f3n Social (SDHyPS) y la Direcci\u00f3n de Asuntos Migratorios y Religiosos, realiz\u00f3 la pl\u00e1tica informativa &#8220;Paz Digital&#8221; en la Escuela Secundaria General No. 2 &#8220;Francisco Gonz\u00e1lez Bocanegra&#8221;.<\/p>\n<p>La jornada se desarroll\u00f3 en ambos turnos \u2014matutino y vespertino\u2014, logrando la participaci\u00f3n de 400 estudiantes de nivel secundaria, quienes reflexionaron sobre la importancia de convertirse en agentes de paz dentro y fuera del entorno digital.<\/p>\n<p>Durante la actividad se abordaron temas como la prevenci\u00f3n de la violencia digital, el impacto del ciberacoso, el manejo responsable de redes sociales como herramientas digitales, la prevenci\u00f3n de conductas de riesgo en l\u00ednea y la importancia de fortalecer valores como el respeto, la empat\u00eda y la comunicaci\u00f3n asertiva en los espacios virtuales.<\/p>\n<p>A trav\u00e9s de din\u00e1micas participativas y ejemplos cotidianos, se busc\u00f3 sensibilizar a las y los j\u00f3venes sobre la responsabilidad del uso de las TIC&#8217;s en cualquier contexto, promoviendo entornos digitales seguros y saludables y sensibilizando a la juventud para transformarse en agentes de paz a trav\u00e9s del uso correcto de estas herramientas digitales.<\/p>\n<p>Esta intervenci\u00f3n forma parte de una estrategia municipal orientada a la prevenci\u00f3n y formaci\u00f3n integral de las juventudes, reconociendo que la construcci\u00f3n de paz tambi\u00e9n se desarrolla en los espacios digitales que hoy forman parte esencial de la vida cotidiana.<\/p>\n<p>Con estas acciones, el Gobierno Municipal reafirma su compromiso de trabajar de manera cercana con las instituciones educativas para fortalecer la convivencia pac\u00edfica y el bienestar de las juventudes cuernavacenses, por lo que se reitera que la iniciativa contin\u00fae en otros planteles educativos este 2026, ampliando as\u00ed el alcance del programa &#8220;Paz Digital&#8221; en el municipio.<\/p>\n\n\t\t<style type=\"text\/css\">\n\t\t\t#gallery-1 {\n\t\t\t\tmargin: auto;\n\t\t\t}\n\t\t\t#gallery-1 .gallery-item {\n\t\t\t\tfloat: left;\n\t\t\t\tmargin-top: 10px;\n\t\t\t\ttext-align: center;\n\t\t\t\twidth: 33%;\n\t\t\t}\n\t\t\t#gallery-1 img {\n\t\t\t\tborder: 2px solid #cfcfcf;\n\t\t\t}\n\t\t\t#gallery-1 .gallery-caption {\n\t\t\t\tmargin-left: 0;\n\t\t\t}\n\t\t\t\/* see gallery_shortcode() in wp-includes\/media.php *\/\n\t\t<\/style>\n\t\t<div id='gallery-1' class='gallery galleryid-56924 gallery-columns-3 gallery-size-thumbnail'><dl class='gallery-item'>\n\t\t\t<dt class='gallery-icon landscape'>\n\t\t\t\t<a href='https:\/\/cuernavaca.gob.mx\/?attachment_id=56925'><img width=\"150\" height=\"150\" src=\"https:\/\/cuernavaca.gob.mx\/wp-content\/uploads\/2026\/03\/AYUNTAMIENTO-DE-CUERNAVACA-PROMUEVE-CULTURA-DE-LA-PAZ-Y-USO-RESPONSABLE-DE-HERRAMIENTAS-DIGITALES-ENTRE-ESTUDIANTES-1-150x150.jpg\" class=\"attachment-thumbnail size-thumbnail\" alt=\"\" loading=\"lazy\" \/><\/a>\n\t\t\t<\/dt><\/dl><dl class='gallery-item'>\n\t\t\t<dt class='gallery-icon landscape'>\n\t\t\t\t<a href='https:\/\/cuernavaca.gob.mx\/?attachment_id=56926'><img width=\"150\" height=\"150\" src=\"https:\/\/cuernavaca.gob.mx\/wp-content\/uploads\/2026\/03\/AYUNTAMIENTO-DE-CUERNAVACA-PROMUEVE-CULTURA-DE-LA-PAZ-Y-USO-RESPONSABLE-DE-HERRAMIENTAS-DIGITALES-ENTRE-ESTUDIANTES-2-150x150.jpg\" class=\"attachment-thumbnail size-thumbnail\" alt=\"\" loading=\"lazy\" \/><\/a>\n\t\t\t<\/dt><\/dl>\n\t\t\t<br style='clear: both' \/>\n\t\t<\/div>\n\n","protected":false},"excerpt":{"rendered":"<p>\u2022 La jornada informativa busca convertir a las juventudes en agentes de paz, fomentando valores y buenas pr\u00e1cticas en el entorno digital \u2022 M\u00e1s de 400 estudiantes de secundaria beneficiados con la pl\u00e1tica &#8220;Paz Digital&#8221; que promueve el uso responsable de plataformas digitales y la prevenci\u00f3n de la violencia digital Con el prop\u00f3sito de fortalecer [&hellip;]<\/p>\n","protected":false},"author":1,"featured_media":56925,"comment_status":"closed","ping_status":"open","sticky":false,"template":"","format":"standard","meta":[],"categories":[862],"tags":[],"aioseo_notices":[],"_links":{"self":[{"href":"https:\/\/cuernavaca.gob.mx\/index.php?rest_route=\/wp\/v2\/posts\/56924"}],"collection":[{"href":"https:\/\/cuernavaca.gob.mx\/index.php?rest_route=\/wp\/v2\/posts"}],"about":[{"href":"https:\/\/cuernavaca.gob.mx\/index.php?rest_route=\/wp\/v2\/types\/post"}],"author":[{"embeddable":true,"href":"https:\/\/cuernavaca.gob.mx\/index.php?rest_route=\/wp\/v2\/users\/1"}],"replies":[{"embeddable":true,"href":"https:\/\/cuernavaca.gob.mx\/index.php?rest_route=%2Fwp%2Fv2%2Fcomments&post=56924"}],"version-history":[{"count":1,"href":"https:\/\/cuernavaca.gob.mx\/index.php?rest_route=\/wp\/v2\/posts\/56924\/revisions"}],"predecessor-version":[{"id":56927,"href":"https:\/\/cuernavaca.gob.mx\/index.php?rest_route=\/wp\/v2\/posts\/56924\/revisions\/56927"}],"wp:featuredmedia":[{"embeddable":true,"href":"https:\/\/cuernavaca.gob.mx\/index.php?rest_route=\/wp\/v2\/media\/56925"}],"wp:attachment":[{"href":"https:\/\/cuernavaca.gob.mx\/index.php?rest_route=%2Fwp%2Fv2%2Fmedia&parent=56924"}],"wp:term":[{"taxonomy":"category","embeddable":true,"href":"https:\/\/cuernavaca.gob.mx\/index.php?rest_route=%2Fwp%2Fv2%2Fcategories&post=56924"},{"taxonomy":"post_tag","embeddable":true,"href":"https:\/\/cuernavaca.gob.mx\/index.php?rest_route=%2Fwp%2Fv2%2Ftags&post=56924"}],"curies":[{"name":"wp","href":"https:\/\/api.w.org\/{rel}","templated":true}]}}