{"id":56929,"date":"2026-03-02T08:00:29","date_gmt":"2026-03-02T14:00:29","guid":{"rendered":"https:\/\/cuernavaca.gob.mx\/?p=56929"},"modified":"2026-03-02T11:57:45","modified_gmt":"2026-03-02T17:57:45","slug":"b975-01-03-26-reconocen-al-dif-cuernavaca-con-distintivo-nacional-por-impacto-medible-en-la-atencion-a-personas-con-discapacidad","status":"publish","type":"post","link":"https:\/\/cuernavaca.gob.mx\/?p=56929","title":{"rendered":"B975 01\/03\/26 RECONOCEN AL DIF CUERNAVACA CON DISTINTIVO NACIONAL POR IMPACTO MEDIBLE EN LA ATENCI\u00d3N A PERSONAS CON DISCAPACIDAD"},"content":{"rendered":"<p><strong>* El Distintivo a la Excelencia Municipal fue otorgado por la Asociaci\u00f3n de Ciudades Capitales de M\u00e9xico (ACCM), en colaboraci\u00f3n con el Centro de Investigaci\u00f3n y Estudios Locales y la Fundaci\u00f3n Konrad Adenauer M\u00e9xico<\/strong><\/p>\n<p>El Sistema Municipal DIF Cuernavaca, encabezado por Luz Mar\u00eda Zagal Guzm\u00e1n, recibi\u00f3 el Distintivo a la Excelencia Municipal por consolidar un modelo innovador, eficiente e incluyente a trav\u00e9s del Programa de Atenci\u00f3n a la Discapacidad, cuyo eje solidario es la subasta con causa &#8220;Uniendo Corazones&#8221;, iniciativa que opera sin recursos p\u00fablicos y convierte la participaci\u00f3n ciudadana en apoyos concretos para quienes m\u00e1s lo requieren.<\/p>\n<p>Esta segunda edici\u00f3n del galard\u00f3n fue otorgada en la Ciudad de M\u00e9xico por la Asociaci\u00f3n de Ciudades Capitales de M\u00e9xico (ACCM), en colaboraci\u00f3n con el Centro de Investigaci\u00f3n y Estudios Locales y la Fundaci\u00f3n Konrad Adenauer M\u00e9xico, luego de un proceso de evaluaci\u00f3n realizado por instituciones acad\u00e9micas y organismos especializados de prestigio nacional e internacional, que analizaron el impacto medible del programa.<\/p>\n<p>En su edici\u00f3n 2025, con el respaldo de la Casa de Subastas Morton, &#8220;Uniendo Corazones&#8221; logr\u00f3 una recaudaci\u00f3n hist\u00f3rica de un mill\u00f3n 200 mil pesos, a trav\u00e9s de la subasta de 186 piezas intervenidas por artistas locales, nacionales e internacionales, adem\u00e1s de recibir la donaci\u00f3n de otras piezas por parte de la ciudadan\u00eda. Gracias a ello, se adquirieron y entregaron m\u00e1s de 700 aparatos funcionales, auditivos y visuales en beneficio de personas con discapacidad<\/p>\n<p>El presidente municipal de Cuernavaca, Jos\u00e9 Luis Uri\u00f3stegui Salgado, recibi\u00f3 el reconocimiento a nombre del DIF, acompa\u00f1ado de su esposa, Luz Mar\u00eda Zagal Guzm\u00e1n. Destac\u00f3 que este resultado demuestra que la colaboraci\u00f3n entre sociedad y gobierno puede traducirse en acciones medibles que transforman vidas.<\/p>\n<p>Record\u00f3 que en 2022, al asumir la administraci\u00f3n, el DIF Cuernavaca contaba con un presupuesto de 21 millones de pesos, destinado pr\u00e1cticamente en su totalidad al pago de salarios, lo que limitaba la adquisici\u00f3n de estos aparatos. Ante esta situaci\u00f3n, en 2023 se puso en marcha la primera edici\u00f3n de la subasta bajo el nombre &#8220;\u00c1rbol de la Bondad&#8221;, iniciativa que evolucion\u00f3 hasta consolidarse como &#8220;Uniendo Corazones&#8221;.<\/p>\n<p>&#8220;La experiencia es que no necesitamos recurso p\u00fablico para cumplir con nuestras obligaciones. La creatividad y el poder convocar a la comunidad para ayudar a otros integrantes de la comunidad son b\u00e1sicos para lograr estos resultados&#8221;. afirm\u00f3.<\/p>\n<p>Este distintivo posiciona al DIF Cuernavaca como un referente nacional en la implementaci\u00f3n de pol\u00edticas p\u00fablicas incluyentes, y refrenda el compromiso del Ayuntamiento con una gesti\u00f3n solidaria, innovadora y enfocada en mejorar la calidad de vida de la poblaci\u00f3n.<\/p>\n\n\t\t<style type=\"text\/css\">\n\t\t\t#gallery-1 {\n\t\t\t\tmargin: auto;\n\t\t\t}\n\t\t\t#gallery-1 .gallery-item {\n\t\t\t\tfloat: left;\n\t\t\t\tmargin-top: 10px;\n\t\t\t\ttext-align: center;\n\t\t\t\twidth: 33%;\n\t\t\t}\n\t\t\t#gallery-1 img {\n\t\t\t\tborder: 2px solid #cfcfcf;\n\t\t\t}\n\t\t\t#gallery-1 .gallery-caption {\n\t\t\t\tmargin-left: 0;\n\t\t\t}\n\t\t\t\/* see gallery_shortcode() in wp-includes\/media.php *\/\n\t\t<\/style>\n\t\t<div id='gallery-1' class='gallery galleryid-56929 gallery-columns-3 gallery-size-thumbnail'><dl class='gallery-item'>\n\t\t\t<dt class='gallery-icon landscape'>\n\t\t\t\t<a href='https:\/\/cuernavaca.gob.mx\/?attachment_id=56930'><img width=\"150\" height=\"150\" src=\"https:\/\/cuernavaca.gob.mx\/wp-content\/uploads\/2026\/03\/RECONOCEN-AL-DIF-CUERNAVACA-CON-DISTINTIVO-NACIONAL-POR-IMPACTO-MEDIBLE-EN-LA-ATENCIO\u0301N-A-PERSONAS-CON-DISCAPACIDAD-1-150x150.jpg\" class=\"attachment-thumbnail size-thumbnail\" alt=\"\" loading=\"lazy\" \/><\/a>\n\t\t\t<\/dt><\/dl><dl class='gallery-item'>\n\t\t\t<dt class='gallery-icon landscape'>\n\t\t\t\t<a href='https:\/\/cuernavaca.gob.mx\/?attachment_id=56931'><img width=\"150\" height=\"150\" src=\"https:\/\/cuernavaca.gob.mx\/wp-content\/uploads\/2026\/03\/RECONOCEN-AL-DIF-CUERNAVACA-CON-DISTINTIVO-NACIONAL-POR-IMPACTO-MEDIBLE-EN-LA-ATENCIO\u0301N-A-PERSONAS-CON-DISCAPACIDAD-2-150x150.jpg\" class=\"attachment-thumbnail size-thumbnail\" alt=\"\" loading=\"lazy\" \/><\/a>\n\t\t\t<\/dt><\/dl><dl class='gallery-item'>\n\t\t\t<dt class='gallery-icon landscape'>\n\t\t\t\t<a href='https:\/\/cuernavaca.gob.mx\/?attachment_id=56932'><img width=\"150\" height=\"150\" src=\"https:\/\/cuernavaca.gob.mx\/wp-content\/uploads\/2026\/03\/RECONOCEN-AL-DIF-CUERNAVACA-CON-DISTINTIVO-NACIONAL-POR-IMPACTO-MEDIBLE-EN-LA-ATENCIO\u0301N-A-PERSONAS-CON-DISCAPACIDAD-3-150x150.jpg\" class=\"attachment-thumbnail size-thumbnail\" alt=\"\" loading=\"lazy\" \/><\/a>\n\t\t\t<\/dt><\/dl><br style=\"clear: both\" \/><dl class='gallery-item'>\n\t\t\t<dt class='gallery-icon landscape'>\n\t\t\t\t<a href='https:\/\/cuernavaca.gob.mx\/?attachment_id=56933'><img width=\"150\" height=\"150\" src=\"https:\/\/cuernavaca.gob.mx\/wp-content\/uploads\/2026\/03\/RECONOCEN-AL-DIF-CUERNAVACA-CON-DISTINTIVO-NACIONAL-POR-IMPACTO-MEDIBLE-EN-LA-ATENCIO\u0301N-A-PERSONAS-CON-DISCAPACIDAD-4-150x150.jpg\" class=\"attachment-thumbnail size-thumbnail\" alt=\"\" loading=\"lazy\" \/><\/a>\n\t\t\t<\/dt><\/dl><dl class='gallery-item'>\n\t\t\t<dt class='gallery-icon landscape'>\n\t\t\t\t<a href='https:\/\/cuernavaca.gob.mx\/?attachment_id=56934'><img width=\"150\" height=\"150\" src=\"https:\/\/cuernavaca.gob.mx\/wp-content\/uploads\/2026\/03\/RECONOCEN-AL-DIF-CUERNAVACA-CON-DISTINTIVO-NACIONAL-POR-IMPACTO-MEDIBLE-EN-LA-ATENCIO\u0301N-A-PERSONAS-CON-DISCAPACIDAD-5-150x150.jpg\" class=\"attachment-thumbnail size-thumbnail\" alt=\"\" loading=\"lazy\" \/><\/a>\n\t\t\t<\/dt><\/dl>\n\t\t\t<br style='clear: both' \/>\n\t\t<\/div>\n\n","protected":false},"excerpt":{"rendered":"<p>* El Distintivo a la Excelencia Municipal fue otorgado por la Asociaci\u00f3n de Ciudades Capitales de M\u00e9xico (ACCM), en colaboraci\u00f3n con el Centro de Investigaci\u00f3n y Estudios Locales y la Fundaci\u00f3n Konrad Adenauer M\u00e9xico El Sistema Municipal DIF Cuernavaca, encabezado por Luz Mar\u00eda Zagal Guzm\u00e1n, recibi\u00f3 el Distintivo a la Excelencia Municipal por consolidar un [&hellip;]<\/p>\n","protected":false},"author":1,"featured_media":56931,"comment_status":"closed","ping_status":"open","sticky":false,"template":"","format":"standard","meta":[],"categories":[16],"tags":[],"aioseo_notices":[],"_links":{"self":[{"href":"https:\/\/cuernavaca.gob.mx\/index.php?rest_route=\/wp\/v2\/posts\/56929"}],"collection":[{"href":"https:\/\/cuernavaca.gob.mx\/index.php?rest_route=\/wp\/v2\/posts"}],"about":[{"href":"https:\/\/cuernavaca.gob.mx\/index.php?rest_route=\/wp\/v2\/types\/post"}],"author":[{"embeddable":true,"href":"https:\/\/cuernavaca.gob.mx\/index.php?rest_route=\/wp\/v2\/users\/1"}],"replies":[{"embeddable":true,"href":"https:\/\/cuernavaca.gob.mx\/index.php?rest_route=%2Fwp%2Fv2%2Fcomments&post=56929"}],"version-history":[{"count":1,"href":"https:\/\/cuernavaca.gob.mx\/index.php?rest_route=\/wp\/v2\/posts\/56929\/revisions"}],"predecessor-version":[{"id":56935,"href":"https:\/\/cuernavaca.gob.mx\/index.php?rest_route=\/wp\/v2\/posts\/56929\/revisions\/56935"}],"wp:featuredmedia":[{"embeddable":true,"href":"https:\/\/cuernavaca.gob.mx\/index.php?rest_route=\/wp\/v2\/media\/56931"}],"wp:attachment":[{"href":"https:\/\/cuernavaca.gob.mx\/index.php?rest_route=%2Fwp%2Fv2%2Fmedia&parent=56929"}],"wp:term":[{"taxonomy":"category","embeddable":true,"href":"https:\/\/cuernavaca.gob.mx\/index.php?rest_route=%2Fwp%2Fv2%2Fcategories&post=56929"},{"taxonomy":"post_tag","embeddable":true,"href":"https:\/\/cuernavaca.gob.mx\/index.php?rest_route=%2Fwp%2Fv2%2Ftags&post=56929"}],"curies":[{"name":"wp","href":"https:\/\/api.w.org\/{rel}","templated":true}]}}