{"id":56936,"date":"2026-03-02T09:00:58","date_gmt":"2026-03-02T15:00:58","guid":{"rendered":"https:\/\/cuernavaca.gob.mx\/?p=56936"},"modified":"2026-03-02T17:41:09","modified_gmt":"2026-03-02T23:41:09","slug":"b976-02-02-26-imc-imparte-platica-sobre-prevencion-de-la-violencia-en-el-noviazgo-en-la-uaem","status":"publish","type":"post","link":"https:\/\/cuernavaca.gob.mx\/?p=56936","title":{"rendered":"B976 02\/03\/26 IMC IMPARTE PL\u00c1TICA SOBRE PREVENCI\u00d3N DE LA VIOLENCIA EN EL NOVIAZGO EN LA UAEM"},"content":{"rendered":"<p><strong>* En el marco del D\u00eda Naranja, alumnado de la Facultad de Farmacia de la UAEM fortaleci\u00f3 herramientas para reconocer conductas de riesgo y prevenir la violencia en las relaciones afectivas<\/strong><\/p>\n<p><strong>En el marco del D\u00eda Naranja y de las actividades conmemorativas por el D\u00eda Internacional de la Mujer, el Instituto de la Mujer de Cuernavaca (IMC) imparti\u00f3 la pl\u00e1tica &#8220;Prevenci\u00f3n de la violencia en el noviazgo&#8221; en la Facultad de Farmacia UAEM de la Universidad Aut\u00f3noma del Estado de Morelos (UAEM).<\/strong><\/p>\n<p>La actividad fue organizada en coordinaci\u00f3n con la Federaci\u00f3n de Estudiantes Universitarios y con la Facultad de Farmacia, con el objetivo de generar conciencia entre la comunidad estudiantil sobre la identificaci\u00f3n temprana de conductas de riesgo, los distintos tipos de violencia en las relaciones afectivas y los mecanismos de prevenci\u00f3n y atenci\u00f3n.<\/p>\n<p>La pl\u00e1tica fue impartida por la directora general del IMC, Lorena Elizabeth Castillo Castillo, y por el psic. Juan Jos\u00e9 Orosco Villar, quienes compartieron herramientas para identificar se\u00f1ales de alerta en el noviazgo y reflexionaron sobre un principio fundamental de la prevenci\u00f3n. En este sentido, enfatizaron la importancia de identificar conductas de riesgo de manera oportuna, as\u00ed como de conocer la ruta de atenci\u00f3n y los mecanismos institucionales disponibles para brindar acompa\u00f1amiento y apoyo integral.<\/p>\n<p>Durante la sesi\u00f3n, en la que participaron 70 estudiantes, se enfatiz\u00f3 la importancia de construir relaciones basadas en el respeto, la igualdad y la comunicaci\u00f3n asertiva, as\u00ed como de conocer las rutas de atenci\u00f3n y acompa\u00f1amiento institucional.<\/p>\n<p>Esta actividad forma parte del Programa de Sensibilizaci\u00f3n para la Prevenci\u00f3n de la Violencia de G\u00e9nero en Escuelas de Cuernavaca, una l\u00ednea estrat\u00e9gica fundamental y permanente del Instituto, orientada a incidir de manera directa en la formaci\u00f3n de juventudes conscientes, informadas y comprometidas con la igualdad.<\/p>\n<p>A trav\u00e9s de estas acciones, el IMC reafirma su compromiso de trabajar en espacios educativos para prevenir la violencia de g\u00e9nero desde edades tempranas y contribuir a la construcci\u00f3n de una sociedad m\u00e1s justa, igualitaria y libre de violencias.<\/p>\n\n\t\t<style type=\"text\/css\">\n\t\t\t#gallery-1 {\n\t\t\t\tmargin: auto;\n\t\t\t}\n\t\t\t#gallery-1 .gallery-item {\n\t\t\t\tfloat: left;\n\t\t\t\tmargin-top: 10px;\n\t\t\t\ttext-align: center;\n\t\t\t\twidth: 33%;\n\t\t\t}\n\t\t\t#gallery-1 img {\n\t\t\t\tborder: 2px solid #cfcfcf;\n\t\t\t}\n\t\t\t#gallery-1 .gallery-caption {\n\t\t\t\tmargin-left: 0;\n\t\t\t}\n\t\t\t\/* see gallery_shortcode() in wp-includes\/media.php *\/\n\t\t<\/style>\n\t\t<div id='gallery-1' class='gallery galleryid-56936 gallery-columns-3 gallery-size-medium'><dl class='gallery-item'>\n\t\t\t<dt class='gallery-icon portrait'>\n\t\t\t\t<a href='https:\/\/cuernavaca.gob.mx\/wp-content\/uploads\/2026\/03\/IMC-IMPARTE-PLA\u0301TICA-SOBRE-PREVENCIO\u0301N-DE-LA-VIOLENCIA-EN-EL-NOVIAZGO-EN-LA-UAEM-1.jpg'><img width=\"225\" height=\"300\" src=\"https:\/\/cuernavaca.gob.mx\/wp-content\/uploads\/2026\/03\/IMC-IMPARTE-PLA\u0301TICA-SOBRE-PREVENCIO\u0301N-DE-LA-VIOLENCIA-EN-EL-NOVIAZGO-EN-LA-UAEM-1-225x300.jpg\" class=\"attachment-medium size-medium\" alt=\"\" loading=\"lazy\" srcset=\"https:\/\/cuernavaca.gob.mx\/wp-content\/uploads\/2026\/03\/IMC-IMPARTE-PLA\u0301TICA-SOBRE-PREVENCIO\u0301N-DE-LA-VIOLENCIA-EN-EL-NOVIAZGO-EN-LA-UAEM-1-225x300.jpg 225w, https:\/\/cuernavaca.gob.mx\/wp-content\/uploads\/2026\/03\/IMC-IMPARTE-PLA\u0301TICA-SOBRE-PREVENCIO\u0301N-DE-LA-VIOLENCIA-EN-EL-NOVIAZGO-EN-LA-UAEM-1-768x1024.jpg 768w, https:\/\/cuernavaca.gob.mx\/wp-content\/uploads\/2026\/03\/IMC-IMPARTE-PLA\u0301TICA-SOBRE-PREVENCIO\u0301N-DE-LA-VIOLENCIA-EN-EL-NOVIAZGO-EN-LA-UAEM-1-450x600.jpg 450w, https:\/\/cuernavaca.gob.mx\/wp-content\/uploads\/2026\/03\/IMC-IMPARTE-PLA\u0301TICA-SOBRE-PREVENCIO\u0301N-DE-LA-VIOLENCIA-EN-EL-NOVIAZGO-EN-LA-UAEM-1-420x560.jpg 420w, https:\/\/cuernavaca.gob.mx\/wp-content\/uploads\/2026\/03\/IMC-IMPARTE-PLA\u0301TICA-SOBRE-PREVENCIO\u0301N-DE-LA-VIOLENCIA-EN-EL-NOVIAZGO-EN-LA-UAEM-1.jpg 960w\" sizes=\"(max-width: 225px) 100vw, 225px\" \/><\/a>\n\t\t\t<\/dt><\/dl><dl class='gallery-item'>\n\t\t\t<dt class='gallery-icon portrait'>\n\t\t\t\t<a href='https:\/\/cuernavaca.gob.mx\/wp-content\/uploads\/2026\/03\/IMC-IMPARTE-PLA\u0301TICA-SOBRE-PREVENCIO\u0301N-DE-LA-VIOLENCIA-EN-EL-NOVIAZGO-EN-LA-UAEM-2.jpg'><img width=\"225\" height=\"300\" src=\"https:\/\/cuernavaca.gob.mx\/wp-content\/uploads\/2026\/03\/IMC-IMPARTE-PLA\u0301TICA-SOBRE-PREVENCIO\u0301N-DE-LA-VIOLENCIA-EN-EL-NOVIAZGO-EN-LA-UAEM-2-225x300.jpg\" class=\"attachment-medium size-medium\" alt=\"\" loading=\"lazy\" srcset=\"https:\/\/cuernavaca.gob.mx\/wp-content\/uploads\/2026\/03\/IMC-IMPARTE-PLA\u0301TICA-SOBRE-PREVENCIO\u0301N-DE-LA-VIOLENCIA-EN-EL-NOVIAZGO-EN-LA-UAEM-2-225x300.jpg 225w, https:\/\/cuernavaca.gob.mx\/wp-content\/uploads\/2026\/03\/IMC-IMPARTE-PLA\u0301TICA-SOBRE-PREVENCIO\u0301N-DE-LA-VIOLENCIA-EN-EL-NOVIAZGO-EN-LA-UAEM-2-768x1024.jpg 768w, https:\/\/cuernavaca.gob.mx\/wp-content\/uploads\/2026\/03\/IMC-IMPARTE-PLA\u0301TICA-SOBRE-PREVENCIO\u0301N-DE-LA-VIOLENCIA-EN-EL-NOVIAZGO-EN-LA-UAEM-2-450x600.jpg 450w, https:\/\/cuernavaca.gob.mx\/wp-content\/uploads\/2026\/03\/IMC-IMPARTE-PLA\u0301TICA-SOBRE-PREVENCIO\u0301N-DE-LA-VIOLENCIA-EN-EL-NOVIAZGO-EN-LA-UAEM-2-420x560.jpg 420w, https:\/\/cuernavaca.gob.mx\/wp-content\/uploads\/2026\/03\/IMC-IMPARTE-PLA\u0301TICA-SOBRE-PREVENCIO\u0301N-DE-LA-VIOLENCIA-EN-EL-NOVIAZGO-EN-LA-UAEM-2.jpg 960w\" sizes=\"(max-width: 225px) 100vw, 225px\" \/><\/a>\n\t\t\t<\/dt><\/dl><dl class='gallery-item'>\n\t\t\t<dt class='gallery-icon landscape'>\n\t\t\t\t<a href='https:\/\/cuernavaca.gob.mx\/wp-content\/uploads\/2026\/03\/IMC-IMPARTE-PLA\u0301TICA-SOBRE-PREVENCIO\u0301N-DE-LA-VIOLENCIA-EN-EL-NOVIAZGO-EN-LA-UAEM-3.jpg'><img width=\"300\" height=\"225\" src=\"https:\/\/cuernavaca.gob.mx\/wp-content\/uploads\/2026\/03\/IMC-IMPARTE-PLA\u0301TICA-SOBRE-PREVENCIO\u0301N-DE-LA-VIOLENCIA-EN-EL-NOVIAZGO-EN-LA-UAEM-3-300x225.jpg\" class=\"attachment-medium size-medium\" alt=\"\" loading=\"lazy\" srcset=\"https:\/\/cuernavaca.gob.mx\/wp-content\/uploads\/2026\/03\/IMC-IMPARTE-PLA\u0301TICA-SOBRE-PREVENCIO\u0301N-DE-LA-VIOLENCIA-EN-EL-NOVIAZGO-EN-LA-UAEM-3-300x225.jpg 300w, https:\/\/cuernavaca.gob.mx\/wp-content\/uploads\/2026\/03\/IMC-IMPARTE-PLA\u0301TICA-SOBRE-PREVENCIO\u0301N-DE-LA-VIOLENCIA-EN-EL-NOVIAZGO-EN-LA-UAEM-3-1024x768.jpg 1024w, https:\/\/cuernavaca.gob.mx\/wp-content\/uploads\/2026\/03\/IMC-IMPARTE-PLA\u0301TICA-SOBRE-PREVENCIO\u0301N-DE-LA-VIOLENCIA-EN-EL-NOVIAZGO-EN-LA-UAEM-3-768x576.jpg 768w, https:\/\/cuernavaca.gob.mx\/wp-content\/uploads\/2026\/03\/IMC-IMPARTE-PLA\u0301TICA-SOBRE-PREVENCIO\u0301N-DE-LA-VIOLENCIA-EN-EL-NOVIAZGO-EN-LA-UAEM-3-600x450.jpg 600w, https:\/\/cuernavaca.gob.mx\/wp-content\/uploads\/2026\/03\/IMC-IMPARTE-PLA\u0301TICA-SOBRE-PREVENCIO\u0301N-DE-LA-VIOLENCIA-EN-EL-NOVIAZGO-EN-LA-UAEM-3-560x420.jpg 560w, https:\/\/cuernavaca.gob.mx\/wp-content\/uploads\/2026\/03\/IMC-IMPARTE-PLA\u0301TICA-SOBRE-PREVENCIO\u0301N-DE-LA-VIOLENCIA-EN-EL-NOVIAZGO-EN-LA-UAEM-3.jpg 1280w\" sizes=\"(max-width: 300px) 100vw, 300px\" \/><\/a>\n\t\t\t<\/dt><\/dl><br style=\"clear: both\" \/><dl class='gallery-item'>\n\t\t\t<dt class='gallery-icon landscape'>\n\t\t\t\t<a href='https:\/\/cuernavaca.gob.mx\/wp-content\/uploads\/2026\/03\/IMC-IMPARTE-PLA\u0301TICA-SOBRE-PREVENCIO\u0301N-DE-LA-VIOLENCIA-EN-EL-NOVIAZGO-EN-LA-UAEM-4.jpg'><img width=\"300\" height=\"225\" src=\"https:\/\/cuernavaca.gob.mx\/wp-content\/uploads\/2026\/03\/IMC-IMPARTE-PLA\u0301TICA-SOBRE-PREVENCIO\u0301N-DE-LA-VIOLENCIA-EN-EL-NOVIAZGO-EN-LA-UAEM-4-300x225.jpg\" class=\"attachment-medium size-medium\" alt=\"\" loading=\"lazy\" srcset=\"https:\/\/cuernavaca.gob.mx\/wp-content\/uploads\/2026\/03\/IMC-IMPARTE-PLA\u0301TICA-SOBRE-PREVENCIO\u0301N-DE-LA-VIOLENCIA-EN-EL-NOVIAZGO-EN-LA-UAEM-4-300x225.jpg 300w, https:\/\/cuernavaca.gob.mx\/wp-content\/uploads\/2026\/03\/IMC-IMPARTE-PLA\u0301TICA-SOBRE-PREVENCIO\u0301N-DE-LA-VIOLENCIA-EN-EL-NOVIAZGO-EN-LA-UAEM-4-1024x768.jpg 1024w, https:\/\/cuernavaca.gob.mx\/wp-content\/uploads\/2026\/03\/IMC-IMPARTE-PLA\u0301TICA-SOBRE-PREVENCIO\u0301N-DE-LA-VIOLENCIA-EN-EL-NOVIAZGO-EN-LA-UAEM-4-768x576.jpg 768w, https:\/\/cuernavaca.gob.mx\/wp-content\/uploads\/2026\/03\/IMC-IMPARTE-PLA\u0301TICA-SOBRE-PREVENCIO\u0301N-DE-LA-VIOLENCIA-EN-EL-NOVIAZGO-EN-LA-UAEM-4-600x450.jpg 600w, https:\/\/cuernavaca.gob.mx\/wp-content\/uploads\/2026\/03\/IMC-IMPARTE-PLA\u0301TICA-SOBRE-PREVENCIO\u0301N-DE-LA-VIOLENCIA-EN-EL-NOVIAZGO-EN-LA-UAEM-4-560x420.jpg 560w, https:\/\/cuernavaca.gob.mx\/wp-content\/uploads\/2026\/03\/IMC-IMPARTE-PLA\u0301TICA-SOBRE-PREVENCIO\u0301N-DE-LA-VIOLENCIA-EN-EL-NOVIAZGO-EN-LA-UAEM-4.jpg 1280w\" sizes=\"(max-width: 300px) 100vw, 300px\" \/><\/a>\n\t\t\t<\/dt><\/dl>\n\t\t\t<br style='clear: both' \/>\n\t\t<\/div>\n\n","protected":false},"excerpt":{"rendered":"<p>* En el marco del D\u00eda Naranja, alumnado de la Facultad de Farmacia de la UAEM fortaleci\u00f3 herramientas para reconocer conductas de riesgo y prevenir la violencia en las relaciones afectivas En el marco del D\u00eda Naranja y de las actividades conmemorativas por el D\u00eda Internacional de la Mujer, el Instituto de la Mujer de [&hellip;]<\/p>\n","protected":false},"author":1,"featured_media":56939,"comment_status":"closed","ping_status":"open","sticky":false,"template":"","format":"standard","meta":[],"categories":[280],"tags":[],"aioseo_notices":[],"_links":{"self":[{"href":"https:\/\/cuernavaca.gob.mx\/index.php?rest_route=\/wp\/v2\/posts\/56936"}],"collection":[{"href":"https:\/\/cuernavaca.gob.mx\/index.php?rest_route=\/wp\/v2\/posts"}],"about":[{"href":"https:\/\/cuernavaca.gob.mx\/index.php?rest_route=\/wp\/v2\/types\/post"}],"author":[{"embeddable":true,"href":"https:\/\/cuernavaca.gob.mx\/index.php?rest_route=\/wp\/v2\/users\/1"}],"replies":[{"embeddable":true,"href":"https:\/\/cuernavaca.gob.mx\/index.php?rest_route=%2Fwp%2Fv2%2Fcomments&post=56936"}],"version-history":[{"count":3,"href":"https:\/\/cuernavaca.gob.mx\/index.php?rest_route=\/wp\/v2\/posts\/56936\/revisions"}],"predecessor-version":[{"id":56959,"href":"https:\/\/cuernavaca.gob.mx\/index.php?rest_route=\/wp\/v2\/posts\/56936\/revisions\/56959"}],"wp:featuredmedia":[{"embeddable":true,"href":"https:\/\/cuernavaca.gob.mx\/index.php?rest_route=\/wp\/v2\/media\/56939"}],"wp:attachment":[{"href":"https:\/\/cuernavaca.gob.mx\/index.php?rest_route=%2Fwp%2Fv2%2Fmedia&parent=56936"}],"wp:term":[{"taxonomy":"category","embeddable":true,"href":"https:\/\/cuernavaca.gob.mx\/index.php?rest_route=%2Fwp%2Fv2%2Fcategories&post=56936"},{"taxonomy":"post_tag","embeddable":true,"href":"https:\/\/cuernavaca.gob.mx\/index.php?rest_route=%2Fwp%2Fv2%2Ftags&post=56936"}],"curies":[{"name":"wp","href":"https:\/\/api.w.org\/{rel}","templated":true}]}}