{"id":56960,"date":"2026-03-03T08:00:13","date_gmt":"2026-03-03T14:00:13","guid":{"rendered":"https:\/\/cuernavaca.gob.mx\/?p=56960"},"modified":"2026-03-03T09:34:38","modified_gmt":"2026-03-03T15:34:38","slug":"b977-03-03-26-cuernavaca-se-suma-a-la-campana-nacional-si-al-desarme-si-a-la-paz-para-prevenir-delitos-de-alto-impacto","status":"publish","type":"post","link":"https:\/\/cuernavaca.gob.mx\/?p=56960","title":{"rendered":"B977 03\/03\/26 CUERNAVACA SE SUMA A LA CAMPA\u00d1A NACIONAL &#8220;S\u00cd AL DESARME, S\u00cd A LA PAZ&#8221; PARA PREVENIR DELITOS DE ALTO IMPACTO"},"content":{"rendered":"<p><strong>\u2022 Del 05 al 16 de marzo se instalar\u00e1n m\u00f3dulos itinerantes para el canje an\u00f3nimo de armas por incentivos econ\u00f3micos<\/strong><\/p>\n<p>Del 05 al 16 de marzo, Cuernavaca ser\u00e1 sede de la campa\u00f1a nacional &#8220;S\u00ed al desarme, s\u00ed a la paz\u201d, una estrategia coordinada entre el Gobierno Federal, el Gobierno del Estado y el Ayuntamiento capitalino, encabezado por el alcalde Jos\u00e9 Luis Uri\u00f3stegui Salgado, con el objetivo de prevenir delitos de alto impacto y fortalecer la seguridad en el municipio mediante la entrega voluntaria y an\u00f3nima de armas de fuego a cambio de incentivos econ\u00f3micos.<\/p>\n<p>El arranque oficial se realizar\u00e1 este jueves 05 de marzo a las 9:00 horas en la Plaza &#8220;General Emiliano Zapata Salazar\u201d, en el centro de la ciudad. A partir de esta fecha, los m\u00f3dulos de recepci\u00f3n y destrucci\u00f3n de armas recorrer\u00e1n distintas sedes estrat\u00e9gicas para facilitar la participaci\u00f3n ciudadana: el 06 de marzo estar\u00e1n en el Mercado de Altavista; el 07 de marzo en el mercado de la colonia Carolina; el 09 de marzo en el mercado de la colonia Lagunilla.<\/p>\n<p>Asimismo, el 10 de marzo en Milpillas; el 11 de marzo en la Casa Ejidal de Chipitl\u00e1n; el 12 de marzo en el m\u00f3dulo de seguridad de Ciudad Chapultepec; el 13 de marzo en la colonia Adolfo Ruiz Cortines; el 14 de marzo en la Casa Ejidal de Acapantzingo; el 15 de marzo en la Casa Ejidal de Santa Mar\u00eda Ahuacatitl\u00e1n, y concluir\u00e1 el 16 de marzo nuevamente en la Plaza \u201cGeneral Emiliano Zapata Salazar\u201d.<\/p>\n<p>Durante la jornada, las personas interesadas podr\u00e1n acudir con la certeza de que el proceso es confidencial y no implica investigaci\u00f3n alguna. El monto del incentivo econ\u00f3mico ser\u00e1 determinado conforme al tabulador autorizado por la Secretar\u00eda de la Defensa Nacional (SEDENA).<\/p>\n<p>Como parte del enfoque preventivo, se impulsar\u00e1 el intercambio de juguetes b\u00e9licos por juguetes recreativos, con la finalidad de fomentar entre las ni\u00f1as y los ni\u00f1os valores de paz y convivencia.<\/p>\n<p>El Ayuntamiento de Cuernavaca reafirma su compromiso de sumar esfuerzos institucionales para fortalecer la prevenci\u00f3n del delito y avanzar en la construcci\u00f3n de comunidades m\u00e1s seguras para todas y todos.<\/p>\n\n\t\t<style type=\"text\/css\">\n\t\t\t#gallery-1 {\n\t\t\t\tmargin: auto;\n\t\t\t}\n\t\t\t#gallery-1 .gallery-item {\n\t\t\t\tfloat: left;\n\t\t\t\tmargin-top: 10px;\n\t\t\t\ttext-align: center;\n\t\t\t\twidth: 33%;\n\t\t\t}\n\t\t\t#gallery-1 img {\n\t\t\t\tborder: 2px solid #cfcfcf;\n\t\t\t}\n\t\t\t#gallery-1 .gallery-caption {\n\t\t\t\tmargin-left: 0;\n\t\t\t}\n\t\t\t\/* see gallery_shortcode() in wp-includes\/media.php *\/\n\t\t<\/style>\n\t\t<div id='gallery-1' class='gallery galleryid-56960 gallery-columns-3 gallery-size-thumbnail'><dl class='gallery-item'>\n\t\t\t<dt class='gallery-icon portrait'>\n\t\t\t\t<a href='https:\/\/cuernavaca.gob.mx\/?attachment_id=56961'><img width=\"150\" height=\"150\" src=\"https:\/\/cuernavaca.gob.mx\/wp-content\/uploads\/2026\/03\/CUERNAVACA-SE-SUMA-A-LA-CAMPAN\u0303A-NACIONAL-22SI\u0301-AL-DESARME-SI\u0301-A-LA-PAZ22-PARA-PREVENIR-DELITOS-DE-ALTO-IMPACTO-150x150.jpg\" class=\"attachment-thumbnail size-thumbnail\" alt=\"\" loading=\"lazy\" \/><\/a>\n\t\t\t<\/dt><\/dl>\n\t\t\t<br style='clear: both' \/>\n\t\t<\/div>\n\n","protected":false},"excerpt":{"rendered":"<p>\u2022 Del 05 al 16 de marzo se instalar\u00e1n m\u00f3dulos itinerantes para el canje an\u00f3nimo de armas por incentivos econ\u00f3micos Del 05 al 16 de marzo, Cuernavaca ser\u00e1 sede de la campa\u00f1a nacional &#8220;S\u00ed al desarme, s\u00ed a la paz\u201d, una estrategia coordinada entre el Gobierno Federal, el Gobierno del Estado y el Ayuntamiento capitalino, [&hellip;]<\/p>\n","protected":false},"author":1,"featured_media":56961,"comment_status":"closed","ping_status":"open","sticky":false,"template":"","format":"standard","meta":[],"categories":[17],"tags":[],"aioseo_notices":[],"_links":{"self":[{"href":"https:\/\/cuernavaca.gob.mx\/index.php?rest_route=\/wp\/v2\/posts\/56960"}],"collection":[{"href":"https:\/\/cuernavaca.gob.mx\/index.php?rest_route=\/wp\/v2\/posts"}],"about":[{"href":"https:\/\/cuernavaca.gob.mx\/index.php?rest_route=\/wp\/v2\/types\/post"}],"author":[{"embeddable":true,"href":"https:\/\/cuernavaca.gob.mx\/index.php?rest_route=\/wp\/v2\/users\/1"}],"replies":[{"embeddable":true,"href":"https:\/\/cuernavaca.gob.mx\/index.php?rest_route=%2Fwp%2Fv2%2Fcomments&post=56960"}],"version-history":[{"count":1,"href":"https:\/\/cuernavaca.gob.mx\/index.php?rest_route=\/wp\/v2\/posts\/56960\/revisions"}],"predecessor-version":[{"id":56962,"href":"https:\/\/cuernavaca.gob.mx\/index.php?rest_route=\/wp\/v2\/posts\/56960\/revisions\/56962"}],"wp:featuredmedia":[{"embeddable":true,"href":"https:\/\/cuernavaca.gob.mx\/index.php?rest_route=\/wp\/v2\/media\/56961"}],"wp:attachment":[{"href":"https:\/\/cuernavaca.gob.mx\/index.php?rest_route=%2Fwp%2Fv2%2Fmedia&parent=56960"}],"wp:term":[{"taxonomy":"category","embeddable":true,"href":"https:\/\/cuernavaca.gob.mx\/index.php?rest_route=%2Fwp%2Fv2%2Fcategories&post=56960"},{"taxonomy":"post_tag","embeddable":true,"href":"https:\/\/cuernavaca.gob.mx\/index.php?rest_route=%2Fwp%2Fv2%2Ftags&post=56960"}],"curies":[{"name":"wp","href":"https:\/\/api.w.org\/{rel}","templated":true}]}}