{"id":56963,"date":"2026-03-03T09:00:10","date_gmt":"2026-03-03T15:00:10","guid":{"rendered":"https:\/\/cuernavaca.gob.mx\/?p=56963"},"modified":"2026-03-03T10:08:51","modified_gmt":"2026-03-03T16:08:51","slug":"b978-03-03-26-cuernavaca-intensifica-operativos-y-supervision-para-fortalecer-la-prevencion-vigilancia-y-atencion-inmediata-a-la-poblacion","status":"publish","type":"post","link":"https:\/\/cuernavaca.gob.mx\/?p=56963","title":{"rendered":"B978 03\/03\/26 CUERNAVACA INTENSIFICA OPERATIVOS Y SUPERVISI\u00d3N PARA FORTALECER LA PREVENCI\u00d3N, VIGILANCIA Y ATENCI\u00d3N INMEDIATA A LA POBLACI\u00d3N"},"content":{"rendered":"<p><strong>* M\u00e1s de dos mil 200 acciones coordinadas con fuerzas federales, estatales y municipales se desplegaron en escuelas, transporte, comercios y espacios p\u00fablicos<\/strong><\/p>\n<p><strong>* SEPRAC e IMC fortalecer\u00e1n la atenci\u00f3n a la violencia de g\u00e9nero mediante la implementaci\u00f3n de la &#8220;Clave Violeta&#8221;<\/strong><\/p>\n<p>Con el objetivo de fortalecer la prevenci\u00f3n del delito y mantener el orden durante una de las temporadas de mayor actividad tur\u00edstica en la ciudad, el Ayuntamiento de Cuernavaca, encabezado por el alcalde Jos\u00e9 Luis Uri\u00f3stegui Salgado, despleg\u00f3 mil 267 acciones operativas durante diciembre de 2025 y enero de 2026, en coordinaci\u00f3n con la Secretar\u00eda de la Defensa Nacional (SEDENA), la Guardia Nacional, y la Secretar\u00eda de Seguridad y Protecci\u00f3n Ciudadana de Morelos.<\/p>\n<p>En el marco de la primera sesi\u00f3n ordinaria del Consejo Municipal de Seguridad P\u00fablica, el secretario de Protecci\u00f3n y Auxilio Ciudadano (SEPRAC), Pablo Aguilera Casados, detall\u00f3 que estas acciones incluyeron 608 operativos de Escuela Segura; 11 de Transporte Seguro; 132 de Cortina Segura; 76 de Mercado Seguro; cinco de Presencia M\u00e1xima; cuatro Puntos de Inspecci\u00f3n; 60 Operativos Carrusel Interinstitucional; 290 operativos con drones; y siete operativos Espiral y Espacios Alterados.<\/p>\n<p>El presidente municipal de Cuernavaca, Jos\u00e9 Luis Uri\u00f3stegui Salgado, indic\u00f3 que, si bien esta estrategia interinstitucional involucra a corporaciones federales y estatales, tambi\u00e9n incluye dependencias municipales, como Normatividad, SEPRAC con elementos policiacos y viales, la Coordinaci\u00f3n Municipal de Protecci\u00f3n Civil, la Procuradur\u00eda Municipal de Protecci\u00f3n de Ni\u00f1as, Ni\u00f1os, Adolescentes y la Familia del DIF Cuernavaca, la Fiscal\u00eda Ambiental y el Instituto de la Mujer de Cuernavaca (IMC), con el prop\u00f3sito de prevenir delitos, supervisar establecimientos y garantizar que operen conforme a la normatividad.<\/p>\n<p>Como resultado de todas las acciones conjuntas en materia de seguridad y prevenci\u00f3n del delito en la capital morelense, el titular del Secretariado Ejecutivo del Consejo Municipal de Seguridad P\u00fablica (SECOMS), Joan Bar\u00f3n, inform\u00f3 que, de acuerdo con el Registro Nacional de Incidencia Delictiva, se registr\u00f3 una disminuci\u00f3n del 8% en los delitos denunciados de 2024 a 2025, y del 20% en delitos de alto impacto.<\/p>\n<p>En este contexto de colaboraci\u00f3n conjunta, el titular de SEPRAC inform\u00f3 que junto con el IMC se est\u00e1 fortaleciendo la atenci\u00f3n a la violencia de g\u00e9nero mediante la implementaci\u00f3n de la &#8220;Clave Violeta&#8221;, que identifica los reportes relacionados con violencia contra las mujeres, violencia en pareja y violencia familiar recibidos en el C4. Esta medida incluye un canal directo entre SEPRAC y el Instituto de la Mujer de Cuernavaca, as\u00ed como un bot\u00f3n espec\u00edfico en la aplicaci\u00f3n &#8220;Cuernavaca Segura&#8221;, para agilizar la respuesta.<\/p>\n<p>El Ayuntamiento capitalino reiter\u00f3 el llamado a la ciudadan\u00eda a utilizar el n\u00famero del C4, 777 312 1274, y la aplicaci\u00f3n &#8220;Cuernavaca Segura&#8221; para reportar cualquier emergencia, reforzando as\u00ed el trabajo conjunto por una ciudad m\u00e1s segura.<\/p>\n\n\t\t<style type=\"text\/css\">\n\t\t\t#gallery-1 {\n\t\t\t\tmargin: auto;\n\t\t\t}\n\t\t\t#gallery-1 .gallery-item {\n\t\t\t\tfloat: left;\n\t\t\t\tmargin-top: 10px;\n\t\t\t\ttext-align: center;\n\t\t\t\twidth: 33%;\n\t\t\t}\n\t\t\t#gallery-1 img {\n\t\t\t\tborder: 2px solid #cfcfcf;\n\t\t\t}\n\t\t\t#gallery-1 .gallery-caption {\n\t\t\t\tmargin-left: 0;\n\t\t\t}\n\t\t\t\/* see gallery_shortcode() in wp-includes\/media.php *\/\n\t\t<\/style>\n\t\t<div id='gallery-1' class='gallery galleryid-56963 gallery-columns-3 gallery-size-thumbnail'><dl class='gallery-item'>\n\t\t\t<dt class='gallery-icon landscape'>\n\t\t\t\t<a href='https:\/\/cuernavaca.gob.mx\/?attachment_id=56964'><img width=\"150\" height=\"150\" src=\"https:\/\/cuernavaca.gob.mx\/wp-content\/uploads\/2026\/03\/CUERNAVACA-INTENSIFICA-OPERATIVOS-Y-SUPERVISIO\u0301N-PARA-FORTALECER-LA-PREVENCIO\u0301N-VIGILANCIA-Y-ATENCIO\u0301N-INMEDIATA-A-LA-POBLACIO\u0301N--150x150.jpg\" class=\"attachment-thumbnail size-thumbnail\" alt=\"\" loading=\"lazy\" \/><\/a>\n\t\t\t<\/dt><\/dl><dl class='gallery-item'>\n\t\t\t<dt class='gallery-icon landscape'>\n\t\t\t\t<a href='https:\/\/cuernavaca.gob.mx\/?attachment_id=56965'><img width=\"150\" height=\"150\" src=\"https:\/\/cuernavaca.gob.mx\/wp-content\/uploads\/2026\/03\/CUERNAVACA-INTENSIFICA-OPERATIVOS-Y-SUPERVISIO\u0301N-PARA-FORTALECER-LA-PREVENCIO\u0301N-VIGILANCIA-Y-ATENCIO\u0301N-INMEDIATA-A-LA-POBLACIO\u0301N-150x150.jpg\" class=\"attachment-thumbnail size-thumbnail\" alt=\"\" loading=\"lazy\" \/><\/a>\n\t\t\t<\/dt><\/dl><dl class='gallery-item'>\n\t\t\t<dt class='gallery-icon landscape'>\n\t\t\t\t<a href='https:\/\/cuernavaca.gob.mx\/?attachment_id=56966'><img width=\"150\" height=\"150\" src=\"https:\/\/cuernavaca.gob.mx\/wp-content\/uploads\/2026\/03\/CUERNAVACA-INTENSIFICA-OPERATIVOS-Y-SUPERVISIO\u0301N-PARA-FORTALECER-LA-PREVENCIO\u0301N-VIGILANCIA-Y-ATENCIO\u0301N-INMEDIATA-A-LA-POBLACIO\u0301N3-150x150.jpg\" class=\"attachment-thumbnail size-thumbnail\" alt=\"\" loading=\"lazy\" \/><\/a>\n\t\t\t<\/dt><\/dl><br style=\"clear: both\" \/>\n\t\t<\/div>\n\n<p>&nbsp;<\/p>\n","protected":false},"excerpt":{"rendered":"<p>* M\u00e1s de dos mil 200 acciones coordinadas con fuerzas federales, estatales y municipales se desplegaron en escuelas, transporte, comercios y espacios p\u00fablicos * SEPRAC e IMC fortalecer\u00e1n la atenci\u00f3n a la violencia de g\u00e9nero mediante la implementaci\u00f3n de la &#8220;Clave Violeta&#8221; Con el objetivo de fortalecer la prevenci\u00f3n del delito y mantener el orden [&hellip;]<\/p>\n","protected":false},"author":1,"featured_media":56966,"comment_status":"closed","ping_status":"open","sticky":false,"template":"","format":"standard","meta":[],"categories":[17],"tags":[],"aioseo_notices":[],"_links":{"self":[{"href":"https:\/\/cuernavaca.gob.mx\/index.php?rest_route=\/wp\/v2\/posts\/56963"}],"collection":[{"href":"https:\/\/cuernavaca.gob.mx\/index.php?rest_route=\/wp\/v2\/posts"}],"about":[{"href":"https:\/\/cuernavaca.gob.mx\/index.php?rest_route=\/wp\/v2\/types\/post"}],"author":[{"embeddable":true,"href":"https:\/\/cuernavaca.gob.mx\/index.php?rest_route=\/wp\/v2\/users\/1"}],"replies":[{"embeddable":true,"href":"https:\/\/cuernavaca.gob.mx\/index.php?rest_route=%2Fwp%2Fv2%2Fcomments&post=56963"}],"version-history":[{"count":1,"href":"https:\/\/cuernavaca.gob.mx\/index.php?rest_route=\/wp\/v2\/posts\/56963\/revisions"}],"predecessor-version":[{"id":56967,"href":"https:\/\/cuernavaca.gob.mx\/index.php?rest_route=\/wp\/v2\/posts\/56963\/revisions\/56967"}],"wp:featuredmedia":[{"embeddable":true,"href":"https:\/\/cuernavaca.gob.mx\/index.php?rest_route=\/wp\/v2\/media\/56966"}],"wp:attachment":[{"href":"https:\/\/cuernavaca.gob.mx\/index.php?rest_route=%2Fwp%2Fv2%2Fmedia&parent=56963"}],"wp:term":[{"taxonomy":"category","embeddable":true,"href":"https:\/\/cuernavaca.gob.mx\/index.php?rest_route=%2Fwp%2Fv2%2Fcategories&post=56963"},{"taxonomy":"post_tag","embeddable":true,"href":"https:\/\/cuernavaca.gob.mx\/index.php?rest_route=%2Fwp%2Fv2%2Ftags&post=56963"}],"curies":[{"name":"wp","href":"https:\/\/api.w.org\/{rel}","templated":true}]}}