{"id":56972,"date":"2026-03-03T10:00:56","date_gmt":"2026-03-03T16:00:56","guid":{"rendered":"https:\/\/cuernavaca.gob.mx\/?p=56972"},"modified":"2026-03-03T11:02:26","modified_gmt":"2026-03-03T17:02:26","slug":"b979-03-03-26-impulsa-ayuntamiento-de-cuernavaca-acciones-en-favor-de-los-seres-sintientes","status":"publish","type":"post","link":"https:\/\/cuernavaca.gob.mx\/?p=56972","title":{"rendered":"B979 03\/03\/26 IMPULSA AYUNTAMIENTO DE CUERNAVACA ACCIONES EN FAVOR DE LOS SERES SINTIENTES"},"content":{"rendered":"<p><strong>\u2022 En coordinaci\u00f3n con asociaciones y fundaciones, se realizaron campa\u00f1as de esterilizaci\u00f3n y vacunaci\u00f3n antirr\u00e1bica en distintos puntos del municipio<\/strong><\/p>\n<p>El Ayuntamiento de Cuernavaca, a trav\u00e9s de la Secretar\u00eda de Desarrollo Sustentable y Servicios P\u00fablicos (SDSySP), contin\u00faa impulsando acciones integrales en favor del bienestar de los seres sintientes, mediante jornadas que fortalecen la salud p\u00fablica y la tutela responsable.<\/p>\n<p>Como parte de este esfuerzo, durante el fin de semana se llevaron a cabo diversas actividades en distintos puntos del municipio. El viernes se realiz\u00f3 una Campa\u00f1a Antirr\u00e1bica en la Unidad Habitacional Teopanzolco, acercando servicios preventivos a la ciudadan\u00eda.<\/p>\n<p>El s\u00e1bado se desarroll\u00f3 una Campa\u00f1a de Esterilizaci\u00f3n en las instalaciones de Protecci\u00f3n Animal, en coordinaci\u00f3n con Seres Sintientes Morelos A.C., misma que adem\u00e1s financi\u00f3 la jornada, fortaleciendo el alcance de estas acciones.<\/p>\n<p>Mientras que el domingo, se efectu\u00f3 otra Campa\u00f1a de Esterilizaci\u00f3n en la Ayudant\u00eda de Tlaltenango, con el respaldo de la fundaci\u00f3n Mary Pepe Burns y la Universidad Mesoamericana, consolidando la suma de esfuerzos entre gobierno, sociedad civil y academia.<\/p>\n<p>Gracias a estas acciones impulsadas por el municipio, m\u00e1s de 150 animalitos fueron beneficiados, contribuyendo a la prevenci\u00f3n de enfermedades y al control responsable de la poblaci\u00f3n animal.<\/p>\n<p>Con estas iniciativas, el Ayuntamiento de Cuernavaca refrenda su compromiso de seguir promoviendo pol\u00edticas p\u00fablicas que garanticen el bienestar animal y fortalezcan una cultura de tutela responsable y respeto hacia todos los seres sintientes.<\/p>\n\n\t\t<style type=\"text\/css\">\n\t\t\t#gallery-1 {\n\t\t\t\tmargin: auto;\n\t\t\t}\n\t\t\t#gallery-1 .gallery-item {\n\t\t\t\tfloat: left;\n\t\t\t\tmargin-top: 10px;\n\t\t\t\ttext-align: center;\n\t\t\t\twidth: 33%;\n\t\t\t}\n\t\t\t#gallery-1 img {\n\t\t\t\tborder: 2px solid #cfcfcf;\n\t\t\t}\n\t\t\t#gallery-1 .gallery-caption {\n\t\t\t\tmargin-left: 0;\n\t\t\t}\n\t\t\t\/* see gallery_shortcode() in wp-includes\/media.php *\/\n\t\t<\/style>\n\t\t<div id='gallery-1' class='gallery galleryid-56972 gallery-columns-3 gallery-size-thumbnail'><dl class='gallery-item'>\n\t\t\t<dt class='gallery-icon portrait'>\n\t\t\t\t<a href='https:\/\/cuernavaca.gob.mx\/?attachment_id=56973'><img width=\"150\" height=\"150\" src=\"https:\/\/cuernavaca.gob.mx\/wp-content\/uploads\/2026\/03\/IMPULSA-AYUNTAMIENTO-DE-CUERNAVACA-ACCIONES-EN-FAVOR-DE-LOS-SERES-SINTIENTES-1-150x150.jpg\" class=\"attachment-thumbnail size-thumbnail\" alt=\"\" loading=\"lazy\" \/><\/a>\n\t\t\t<\/dt><\/dl><dl class='gallery-item'>\n\t\t\t<dt class='gallery-icon portrait'>\n\t\t\t\t<a href='https:\/\/cuernavaca.gob.mx\/?attachment_id=56974'><img width=\"150\" height=\"150\" src=\"https:\/\/cuernavaca.gob.mx\/wp-content\/uploads\/2026\/03\/IMPULSA-AYUNTAMIENTO-DE-CUERNAVACA-ACCIONES-EN-FAVOR-DE-LOS-SERES-SINTIENTES-2-150x150.jpg\" class=\"attachment-thumbnail size-thumbnail\" alt=\"\" loading=\"lazy\" \/><\/a>\n\t\t\t<\/dt><\/dl><dl class='gallery-item'>\n\t\t\t<dt class='gallery-icon landscape'>\n\t\t\t\t<a href='https:\/\/cuernavaca.gob.mx\/?attachment_id=56975'><img width=\"150\" height=\"150\" src=\"https:\/\/cuernavaca.gob.mx\/wp-content\/uploads\/2026\/03\/IMPULSA-AYUNTAMIENTO-DE-CUERNAVACA-ACCIONES-EN-FAVOR-DE-LOS-SERES-SINTIENTES-3-150x150.jpg\" class=\"attachment-thumbnail size-thumbnail\" alt=\"\" loading=\"lazy\" \/><\/a>\n\t\t\t<\/dt><\/dl><br style=\"clear: both\" \/><dl class='gallery-item'>\n\t\t\t<dt class='gallery-icon landscape'>\n\t\t\t\t<a href='https:\/\/cuernavaca.gob.mx\/?attachment_id=56976'><img width=\"150\" height=\"150\" src=\"https:\/\/cuernavaca.gob.mx\/wp-content\/uploads\/2026\/03\/IMPULSA-AYUNTAMIENTO-DE-CUERNAVACA-ACCIONES-EN-FAVOR-DE-LOS-SERES-SINTIENTES-4-150x150.jpg\" class=\"attachment-thumbnail size-thumbnail\" alt=\"\" loading=\"lazy\" \/><\/a>\n\t\t\t<\/dt><\/dl><dl class='gallery-item'>\n\t\t\t<dt class='gallery-icon landscape'>\n\t\t\t\t<a href='https:\/\/cuernavaca.gob.mx\/?attachment_id=56977'><img width=\"150\" height=\"150\" src=\"https:\/\/cuernavaca.gob.mx\/wp-content\/uploads\/2026\/03\/IMPULSA-AYUNTAMIENTO-DE-CUERNAVACA-ACCIONES-EN-FAVOR-DE-LOS-SERES-SINTIENTES-150x150.jpg\" class=\"attachment-thumbnail size-thumbnail\" alt=\"\" loading=\"lazy\" \/><\/a>\n\t\t\t<\/dt><\/dl>\n\t\t\t<br style='clear: both' \/>\n\t\t<\/div>\n\n<p>&nbsp;<\/p>\n","protected":false},"excerpt":{"rendered":"<p>\u2022 En coordinaci\u00f3n con asociaciones y fundaciones, se realizaron campa\u00f1as de esterilizaci\u00f3n y vacunaci\u00f3n antirr\u00e1bica en distintos puntos del municipio El Ayuntamiento de Cuernavaca, a trav\u00e9s de la Secretar\u00eda de Desarrollo Sustentable y Servicios P\u00fablicos (SDSySP), contin\u00faa impulsando acciones integrales en favor del bienestar de los seres sintientes, mediante jornadas que fortalecen la salud p\u00fablica [&hellip;]<\/p>\n","protected":false},"author":1,"featured_media":56973,"comment_status":"closed","ping_status":"open","sticky":false,"template":"","format":"standard","meta":[],"categories":[2271],"tags":[],"aioseo_notices":[],"_links":{"self":[{"href":"https:\/\/cuernavaca.gob.mx\/index.php?rest_route=\/wp\/v2\/posts\/56972"}],"collection":[{"href":"https:\/\/cuernavaca.gob.mx\/index.php?rest_route=\/wp\/v2\/posts"}],"about":[{"href":"https:\/\/cuernavaca.gob.mx\/index.php?rest_route=\/wp\/v2\/types\/post"}],"author":[{"embeddable":true,"href":"https:\/\/cuernavaca.gob.mx\/index.php?rest_route=\/wp\/v2\/users\/1"}],"replies":[{"embeddable":true,"href":"https:\/\/cuernavaca.gob.mx\/index.php?rest_route=%2Fwp%2Fv2%2Fcomments&post=56972"}],"version-history":[{"count":1,"href":"https:\/\/cuernavaca.gob.mx\/index.php?rest_route=\/wp\/v2\/posts\/56972\/revisions"}],"predecessor-version":[{"id":56978,"href":"https:\/\/cuernavaca.gob.mx\/index.php?rest_route=\/wp\/v2\/posts\/56972\/revisions\/56978"}],"wp:featuredmedia":[{"embeddable":true,"href":"https:\/\/cuernavaca.gob.mx\/index.php?rest_route=\/wp\/v2\/media\/56973"}],"wp:attachment":[{"href":"https:\/\/cuernavaca.gob.mx\/index.php?rest_route=%2Fwp%2Fv2%2Fmedia&parent=56972"}],"wp:term":[{"taxonomy":"category","embeddable":true,"href":"https:\/\/cuernavaca.gob.mx\/index.php?rest_route=%2Fwp%2Fv2%2Fcategories&post=56972"},{"taxonomy":"post_tag","embeddable":true,"href":"https:\/\/cuernavaca.gob.mx\/index.php?rest_route=%2Fwp%2Fv2%2Ftags&post=56972"}],"curies":[{"name":"wp","href":"https:\/\/api.w.org\/{rel}","templated":true}]}}