{"id":56984,"date":"2026-03-04T08:00:24","date_gmt":"2026-03-04T14:00:24","guid":{"rendered":"https:\/\/cuernavaca.gob.mx\/?p=56984"},"modified":"2026-03-04T12:56:22","modified_gmt":"2026-03-04T18:56:22","slug":"b980-04-03-26-municipio-de-cuernavaca-continua-con-el-levantamiento-de-desecho-vegetal-en-distintos-puntos-de-la-ciudad","status":"publish","type":"post","link":"https:\/\/cuernavaca.gob.mx\/?p=56984","title":{"rendered":"B980 04\/03\/26 MUNICIPIO DE CUERNAVACA CONTIN\u00daA CON EL LEVANTAMIENTO DE DESECHO VEGETAL EN DISTINTOS PUNTOS DE LA CIUDAD"},"content":{"rendered":"<p><strong>* Brigadas municipales intervinieron parques y colonias como Jardines de Cuernavaca y Lomas de Cort\u00e9s para mantener espacios p\u00fablicos limpios y seguros<\/strong><\/p>\n<p>El Municipio de Cuernavaca, encabezado por el presidente municipal Jos\u00e9 Luis Uri\u00f3stegui, contin\u00faa fortaleciendo las acciones permanentes de limpieza en la ciudad mediante trabajos de levantamiento de desecho vegetal en distintos puntos del municipio.<\/p>\n<p>Como parte de estas labores, se atendi\u00f3 el Parque Siqueiros, uno de los espacios p\u00fablicos m\u00e1s representativos de la colonia Jardines de Cuernavaca, as\u00ed como diversos puntos estrat\u00e9gicos de la colonia Lomas de Cort\u00e9s.<\/p>\n<p>La Secretar\u00eda de Desarrollo Sustentable y Servicios P\u00fablicos (SDSySP), a trav\u00e9s de brigadas eventuales, realiz\u00f3 estas acciones con el objetivo de evitar la acumulaci\u00f3n de residuos, prevenir riesgos sanitarios y mantener los espacios p\u00fablicos en condiciones \u00f3ptimas para la convivencia ciudadana.<\/p>\n<p>Estos trabajos forman parte de las acciones permanentes que impulsa la Direcci\u00f3n de Servicios P\u00fablicos en distintas colonias del municipio, priorizando \u00e1reas de uso com\u00fan como parques y jardines, donde diariamente acuden familias cuernavacenses.<\/p>\n<p>El Ayuntamiento de Cuernavaca reafirma su compromiso de continuar recuperando y preservando los espacios p\u00fablicos, promoviendo una ciudad m\u00e1s limpia, ordenada y sustentable en beneficio de todas y todos.<\/p>\n\n\t\t<style type=\"text\/css\">\n\t\t\t#gallery-1 {\n\t\t\t\tmargin: auto;\n\t\t\t}\n\t\t\t#gallery-1 .gallery-item {\n\t\t\t\tfloat: left;\n\t\t\t\tmargin-top: 10px;\n\t\t\t\ttext-align: center;\n\t\t\t\twidth: 33%;\n\t\t\t}\n\t\t\t#gallery-1 img {\n\t\t\t\tborder: 2px solid #cfcfcf;\n\t\t\t}\n\t\t\t#gallery-1 .gallery-caption {\n\t\t\t\tmargin-left: 0;\n\t\t\t}\n\t\t\t\/* see gallery_shortcode() in wp-includes\/media.php *\/\n\t\t<\/style>\n\t\t<div id='gallery-1' class='gallery galleryid-56984 gallery-columns-3 gallery-size-thumbnail'><dl class='gallery-item'>\n\t\t\t<dt class='gallery-icon landscape'>\n\t\t\t\t<a href='https:\/\/cuernavaca.gob.mx\/?attachment_id=56985'><img width=\"150\" height=\"150\" src=\"https:\/\/cuernavaca.gob.mx\/wp-content\/uploads\/2026\/03\/MUNICIPIO-DE-CUERNAVACA-CONTINU\u0301A-CON-EL-LEVANTAMIENTO-DE-DESECHO-VEGETAL-EN-DISTINTOS-PUNTOS-DE-LA-CIUDAD-1-150x150.jpg\" class=\"attachment-thumbnail size-thumbnail\" alt=\"\" loading=\"lazy\" \/><\/a>\n\t\t\t<\/dt><\/dl><dl class='gallery-item'>\n\t\t\t<dt class='gallery-icon landscape'>\n\t\t\t\t<a href='https:\/\/cuernavaca.gob.mx\/?attachment_id=56986'><img width=\"150\" height=\"150\" src=\"https:\/\/cuernavaca.gob.mx\/wp-content\/uploads\/2026\/03\/MUNICIPIO-DE-CUERNAVACA-CONTINU\u0301A-CON-EL-LEVANTAMIENTO-DE-DESECHO-VEGETAL-EN-DISTINTOS-PUNTOS-DE-LA-CIUDAD-2-150x150.jpg\" class=\"attachment-thumbnail size-thumbnail\" alt=\"\" loading=\"lazy\" \/><\/a>\n\t\t\t<\/dt><\/dl><dl class='gallery-item'>\n\t\t\t<dt class='gallery-icon landscape'>\n\t\t\t\t<a href='https:\/\/cuernavaca.gob.mx\/?attachment_id=56987'><img width=\"150\" height=\"150\" src=\"https:\/\/cuernavaca.gob.mx\/wp-content\/uploads\/2026\/03\/MUNICIPIO-DE-CUERNAVACA-CONTINU\u0301A-CON-EL-LEVANTAMIENTO-DE-DESECHO-VEGETAL-EN-DISTINTOS-PUNTOS-DE-LA-CIUDAD-3-150x150.jpg\" class=\"attachment-thumbnail size-thumbnail\" alt=\"\" loading=\"lazy\" \/><\/a>\n\t\t\t<\/dt><\/dl><br style=\"clear: both\" \/>\n\t\t<\/div>\n\n","protected":false},"excerpt":{"rendered":"<p>* Brigadas municipales intervinieron parques y colonias como Jardines de Cuernavaca y Lomas de Cort\u00e9s para mantener espacios p\u00fablicos limpios y seguros El Municipio de Cuernavaca, encabezado por el presidente municipal Jos\u00e9 Luis Uri\u00f3stegui, contin\u00faa fortaleciendo las acciones permanentes de limpieza en la ciudad mediante trabajos de levantamiento de desecho vegetal en distintos puntos del [&hellip;]<\/p>\n","protected":false},"author":1,"featured_media":56987,"comment_status":"closed","ping_status":"open","sticky":false,"template":"","format":"standard","meta":[],"categories":[2271],"tags":[],"aioseo_notices":[],"_links":{"self":[{"href":"https:\/\/cuernavaca.gob.mx\/index.php?rest_route=\/wp\/v2\/posts\/56984"}],"collection":[{"href":"https:\/\/cuernavaca.gob.mx\/index.php?rest_route=\/wp\/v2\/posts"}],"about":[{"href":"https:\/\/cuernavaca.gob.mx\/index.php?rest_route=\/wp\/v2\/types\/post"}],"author":[{"embeddable":true,"href":"https:\/\/cuernavaca.gob.mx\/index.php?rest_route=\/wp\/v2\/users\/1"}],"replies":[{"embeddable":true,"href":"https:\/\/cuernavaca.gob.mx\/index.php?rest_route=%2Fwp%2Fv2%2Fcomments&post=56984"}],"version-history":[{"count":1,"href":"https:\/\/cuernavaca.gob.mx\/index.php?rest_route=\/wp\/v2\/posts\/56984\/revisions"}],"predecessor-version":[{"id":56988,"href":"https:\/\/cuernavaca.gob.mx\/index.php?rest_route=\/wp\/v2\/posts\/56984\/revisions\/56988"}],"wp:featuredmedia":[{"embeddable":true,"href":"https:\/\/cuernavaca.gob.mx\/index.php?rest_route=\/wp\/v2\/media\/56987"}],"wp:attachment":[{"href":"https:\/\/cuernavaca.gob.mx\/index.php?rest_route=%2Fwp%2Fv2%2Fmedia&parent=56984"}],"wp:term":[{"taxonomy":"category","embeddable":true,"href":"https:\/\/cuernavaca.gob.mx\/index.php?rest_route=%2Fwp%2Fv2%2Fcategories&post=56984"},{"taxonomy":"post_tag","embeddable":true,"href":"https:\/\/cuernavaca.gob.mx\/index.php?rest_route=%2Fwp%2Fv2%2Ftags&post=56984"}],"curies":[{"name":"wp","href":"https:\/\/api.w.org\/{rel}","templated":true}]}}