{"id":56989,"date":"2026-03-04T10:00:48","date_gmt":"2026-03-04T16:00:48","guid":{"rendered":"https:\/\/cuernavaca.gob.mx\/?p=56989"},"modified":"2026-03-04T13:20:21","modified_gmt":"2026-03-04T19:20:21","slug":"b981-04-03-26-cuernavaca-celebra-el-talento-artistico-con-nueva-exposicion-fotografica-realidades-cercenadas-en-el-mucic","status":"publish","type":"post","link":"https:\/\/cuernavaca.gob.mx\/?p=56989","title":{"rendered":"B981 04\/03\/26 CUERNAVACA CELEBRA EL TALENTO ART\u00cdSTICO CON NUEVA EXPOSICI\u00d3N FOTOGR\u00c1FICA &#8220;REALIDADES CERCENADAS&#8221; EN EL MuCiC"},"content":{"rendered":"<p><strong>* El Museo de la Ciudad de Cuernavaca se consolida como espacio de expresi\u00f3n art\u00edstica, reflexi\u00f3n y di\u00e1logo cultural<\/strong><\/p>\n<p>El Ayuntamiento de Cuernavaca, encabezado por el alcalde Jos\u00e9 Luis Uri\u00f3stegui Salgado, a trav\u00e9s de la Secretar\u00eda de Desarrollo Humano y Participaci\u00f3n Social (SDHyPS) y el Instituto de Cultura de Cuernavaca, llev\u00f3 a cabo la inauguraci\u00f3n de la exposici\u00f3n fotogr\u00e1fica &#8220;Realidades Cercenadas&#8221;, del artista Ian Lizaranzu, en una velada que reuni\u00f3 a la comunidad art\u00edstica, amistades, familiares y alumnado del creador en un momento significativo de su trayectoria.<\/p>\n<p>Durante la noche inaugural, el p\u00fablico interactu\u00f3 directamente con el artista y comparti\u00f3 impresiones en torno a una propuesta visual que, desde la fotograf\u00eda contempor\u00e1nea, invita a reflexionar sobre las m\u00faltiples realidades que atraviesan nuestra sociedad. Las y los asistentes encontraron un espacio de di\u00e1logo cercano que permiti\u00f3 conocer el proceso creativo detr\u00e1s de las obras y profundizar en el mensaje conceptual de la exposici\u00f3n, generando un ambiente de intercambio cultural enriquecedor.<\/p>\n<p>&#8220;Realidades Cercenadas&#8221; se integra a la programaci\u00f3n art\u00edstica del Museo de la Ciudad de Cuernavaca (MuCiC), consolidando este recinto como un espacio abierto a la expresi\u00f3n art\u00edstica, el pensamiento cr\u00edtico y la construcci\u00f3n de comunidad a trav\u00e9s del arte.<\/p>\n<p>El Ayuntamiento de Cuernavaca, por medio del Instituto de Cultura, reafirma su compromiso de impulsar el talento local y ofrecer a la ciudadan\u00eda propuestas culturales de calidad que fortalezcan el tejido art\u00edstico y social del municipio.<\/p>\n<p>La exposici\u00f3n permanecer\u00e1 abierta al p\u00fablico hasta el 19 de marzo, por lo que se extiende la invitaci\u00f3n a visitarla en el MuCiC y formar parte de una experiencia que dialoga entre la imagen, la emoci\u00f3n y la mirada colectiva.<\/p>\n\n\t\t<style type=\"text\/css\">\n\t\t\t#gallery-1 {\n\t\t\t\tmargin: auto;\n\t\t\t}\n\t\t\t#gallery-1 .gallery-item {\n\t\t\t\tfloat: left;\n\t\t\t\tmargin-top: 10px;\n\t\t\t\ttext-align: center;\n\t\t\t\twidth: 33%;\n\t\t\t}\n\t\t\t#gallery-1 img {\n\t\t\t\tborder: 2px solid #cfcfcf;\n\t\t\t}\n\t\t\t#gallery-1 .gallery-caption {\n\t\t\t\tmargin-left: 0;\n\t\t\t}\n\t\t\t\/* see gallery_shortcode() in wp-includes\/media.php *\/\n\t\t<\/style>\n\t\t<div id='gallery-1' class='gallery galleryid-56989 gallery-columns-3 gallery-size-thumbnail'><dl class='gallery-item'>\n\t\t\t<dt class='gallery-icon portrait'>\n\t\t\t\t<a href='https:\/\/cuernavaca.gob.mx\/?attachment_id=56990'><img width=\"150\" height=\"150\" src=\"https:\/\/cuernavaca.gob.mx\/wp-content\/uploads\/2026\/03\/CUERNAVACA-CELEBRA-EL-TALENTO-ARTI\u0301STICO-CON-NUEVA-EXPOSICIO\u0301N-FOTOGRA\u0301FICA-22REALIDADES-CERCENADAS22-EN-EL-MuCiC-1-150x150.jpg\" class=\"attachment-thumbnail size-thumbnail\" alt=\"\" loading=\"lazy\" \/><\/a>\n\t\t\t<\/dt><\/dl><dl class='gallery-item'>\n\t\t\t<dt class='gallery-icon portrait'>\n\t\t\t\t<a href='https:\/\/cuernavaca.gob.mx\/?attachment_id=56991'><img width=\"150\" height=\"150\" src=\"https:\/\/cuernavaca.gob.mx\/wp-content\/uploads\/2026\/03\/CUERNAVACA-CELEBRA-EL-TALENTO-ARTI\u0301STICO-CON-NUEVA-EXPOSICIO\u0301N-FOTOGRA\u0301FICA-22REALIDADES-CERCENADAS22-EN-EL-MuCiC-2-150x150.jpg\" class=\"attachment-thumbnail size-thumbnail\" alt=\"\" loading=\"lazy\" \/><\/a>\n\t\t\t<\/dt><\/dl><dl class='gallery-item'>\n\t\t\t<dt class='gallery-icon portrait'>\n\t\t\t\t<a href='https:\/\/cuernavaca.gob.mx\/?attachment_id=56992'><img width=\"150\" height=\"150\" src=\"https:\/\/cuernavaca.gob.mx\/wp-content\/uploads\/2026\/03\/CUERNAVACA-CELEBRA-EL-TALENTO-ARTI\u0301STICO-CON-NUEVA-EXPOSICIO\u0301N-FOTOGRA\u0301FICA-22REALIDADES-CERCENADAS22-EN-EL-MuCiC-3-150x150.jpg\" class=\"attachment-thumbnail size-thumbnail\" alt=\"\" loading=\"lazy\" \/><\/a>\n\t\t\t<\/dt><\/dl><br style=\"clear: both\" \/><dl class='gallery-item'>\n\t\t\t<dt class='gallery-icon landscape'>\n\t\t\t\t<a href='https:\/\/cuernavaca.gob.mx\/?attachment_id=56993'><img width=\"150\" height=\"150\" src=\"https:\/\/cuernavaca.gob.mx\/wp-content\/uploads\/2026\/03\/CUERNAVACA-CELEBRA-EL-TALENTO-ARTI\u0301STICO-CON-NUEVA-EXPOSICIO\u0301N-FOTOGRA\u0301FICA-22REALIDADES-CERCENADAS22-EN-EL-MuCiC-4-150x150.jpg\" class=\"attachment-thumbnail size-thumbnail\" alt=\"\" loading=\"lazy\" \/><\/a>\n\t\t\t<\/dt><\/dl>\n\t\t\t<br style='clear: both' \/>\n\t\t<\/div>\n\n","protected":false},"excerpt":{"rendered":"<p>* El Museo de la Ciudad de Cuernavaca se consolida como espacio de expresi\u00f3n art\u00edstica, reflexi\u00f3n y di\u00e1logo cultural El Ayuntamiento de Cuernavaca, encabezado por el alcalde Jos\u00e9 Luis Uri\u00f3stegui Salgado, a trav\u00e9s de la Secretar\u00eda de Desarrollo Humano y Participaci\u00f3n Social (SDHyPS) y el Instituto de Cultura de Cuernavaca, llev\u00f3 a cabo la inauguraci\u00f3n [&hellip;]<\/p>\n","protected":false},"author":1,"featured_media":56993,"comment_status":"closed","ping_status":"open","sticky":false,"template":"","format":"standard","meta":[],"categories":[2292],"tags":[],"aioseo_notices":[],"_links":{"self":[{"href":"https:\/\/cuernavaca.gob.mx\/index.php?rest_route=\/wp\/v2\/posts\/56989"}],"collection":[{"href":"https:\/\/cuernavaca.gob.mx\/index.php?rest_route=\/wp\/v2\/posts"}],"about":[{"href":"https:\/\/cuernavaca.gob.mx\/index.php?rest_route=\/wp\/v2\/types\/post"}],"author":[{"embeddable":true,"href":"https:\/\/cuernavaca.gob.mx\/index.php?rest_route=\/wp\/v2\/users\/1"}],"replies":[{"embeddable":true,"href":"https:\/\/cuernavaca.gob.mx\/index.php?rest_route=%2Fwp%2Fv2%2Fcomments&post=56989"}],"version-history":[{"count":1,"href":"https:\/\/cuernavaca.gob.mx\/index.php?rest_route=\/wp\/v2\/posts\/56989\/revisions"}],"predecessor-version":[{"id":56994,"href":"https:\/\/cuernavaca.gob.mx\/index.php?rest_route=\/wp\/v2\/posts\/56989\/revisions\/56994"}],"wp:featuredmedia":[{"embeddable":true,"href":"https:\/\/cuernavaca.gob.mx\/index.php?rest_route=\/wp\/v2\/media\/56993"}],"wp:attachment":[{"href":"https:\/\/cuernavaca.gob.mx\/index.php?rest_route=%2Fwp%2Fv2%2Fmedia&parent=56989"}],"wp:term":[{"taxonomy":"category","embeddable":true,"href":"https:\/\/cuernavaca.gob.mx\/index.php?rest_route=%2Fwp%2Fv2%2Fcategories&post=56989"},{"taxonomy":"post_tag","embeddable":true,"href":"https:\/\/cuernavaca.gob.mx\/index.php?rest_route=%2Fwp%2Fv2%2Ftags&post=56989"}],"curies":[{"name":"wp","href":"https:\/\/api.w.org\/{rel}","templated":true}]}}