{"id":56995,"date":"2026-03-04T13:40:13","date_gmt":"2026-03-04T19:40:13","guid":{"rendered":"https:\/\/cuernavaca.gob.mx\/?p=56995"},"modified":"2026-04-09T19:54:42","modified_gmt":"2026-04-10T01:54:42","slug":"b982-04-03-26-cuernavaca-invita-a-ninas-ninos-y-adolescentes-a-participar-en-el-cabildo-infantil-2026","status":"publish","type":"post","link":"https:\/\/cuernavaca.gob.mx\/?p=56995","title":{"rendered":"B982 04\/03\/26 CUERNAVACA INVITA A NI\u00d1AS, NI\u00d1OS Y ADOLESCENTES A PARTICIPAR EN EL CABILDO INFANTIL 2026"},"content":{"rendered":"<p><strong>\u2022 El Cabildo de Cuernavaca aprob\u00f3 la realizaci\u00f3n del Cabildo Infantil 2026, que se llevar\u00e1 a cabo el 22 de abril a las 10:00 horas en el MuCiC<\/strong><\/p>\n<p>El Ayuntamiento de Cuernavaca, encabezado por el alcalde Jos\u00e9 Luis Uri\u00f3stegui Salgado, invita a ni\u00f1as, ni\u00f1os y adolescentes a convertirse en protagonistas de las decisiones de su ciudad participando en el Cabildo Infantil 2026, que se realizar\u00e1 el pr\u00f3ximo 22 de abril a las 10:00 horas, en el Museo de la Ciudad de Cuernavaca (MuCiC).<\/p>\n<p>Este ejercicio democr\u00e1tico permitir\u00e1 que las y los participantes presenten sus ideas, expresen sus inquietudes y propongan soluciones sobre temas que les afectan directamente, en un espacio real de di\u00e1logo con las autoridades municipales. Aqu\u00ed, su voz cuenta y sus propuestas pueden transformarse en acciones.<\/p>\n<p>En sesi\u00f3n ordinaria de Cabildo, se autoriz\u00f3 esta nueva edici\u00f3n, impulsada por el Sistema Municipal DIF Cuernavaca, presidido por Luz Mar\u00eda Zagal Guzm\u00e1n, como una iniciativa que, desde 2022, fomenta valores c\u00edvicos, la participaci\u00f3n y la cultura democr\u00e1tica desde edades tempranas.<\/p>\n<p>Durante la jornada, quienes integren el Cabildo Infantil vivir\u00e1n la experiencia de ser regidoras, regidores, s\u00edndica, s\u00edndico, presidenta o presidente municipal por un d\u00eda, acompa\u00f1ados por el Cabildo constitucional, que escuchar\u00e1 y dar\u00e1 seguimiento a sus planteamientos.<\/p>\n<p>Al respecto, el alcalde Jos\u00e9 Luis Uri\u00f3stegui Salgado subray\u00f3 que el Cabildo Infantil se ha consolidado como un espacio aut\u00e9ntico de participaci\u00f3n, donde la ni\u00f1ez y adolescencia de Cuernavaca han demostrado tener una visi\u00f3n cr\u00edtica, propositiva y comprometida con su entorno.<\/p>\n<p>Se\u00f1al\u00f3 que en ediciones anteriores se han presentado iniciativas relacionadas con el cuidado del medio ambiente, la creaci\u00f3n de espacios recreativos, la salud mental, el aprendizaje de idiomas y el respeto en el entorno familiar y escolar, aportaciones que han enriquecido la agenda p\u00fablica municipal desde la perspectiva de estos grupos etarios.<\/p>\n<p>El Gobierno Municipal reitera que este espacio est\u00e1 dise\u00f1ado para que las nuevas generaciones participen activamente en la construcci\u00f3n de una mejor ciudad. La convocatoria ya est\u00e1 disponible y puede consultarse en las redes sociales oficiales del Municipio de Cuernavaca.<\/p>\n<p>&nbsp;<\/p>\n","protected":false},"excerpt":{"rendered":"<p>\u2022 El Cabildo de Cuernavaca aprob\u00f3 la realizaci\u00f3n del Cabildo Infantil 2026, que se llevar\u00e1 a cabo el 22 de abril a las 10:00 horas en el MuCiC El Ayuntamiento de Cuernavaca, encabezado por el alcalde Jos\u00e9 Luis Uri\u00f3stegui Salgado, invita a ni\u00f1as, ni\u00f1os y adolescentes a convertirse en protagonistas de las decisiones de su [&hellip;]<\/p>\n","protected":false},"author":1,"featured_media":56996,"comment_status":"closed","ping_status":"open","sticky":false,"template":"","format":"standard","meta":[],"categories":[16],"tags":[],"aioseo_notices":[],"_links":{"self":[{"href":"https:\/\/cuernavaca.gob.mx\/index.php?rest_route=\/wp\/v2\/posts\/56995"}],"collection":[{"href":"https:\/\/cuernavaca.gob.mx\/index.php?rest_route=\/wp\/v2\/posts"}],"about":[{"href":"https:\/\/cuernavaca.gob.mx\/index.php?rest_route=\/wp\/v2\/types\/post"}],"author":[{"embeddable":true,"href":"https:\/\/cuernavaca.gob.mx\/index.php?rest_route=\/wp\/v2\/users\/1"}],"replies":[{"embeddable":true,"href":"https:\/\/cuernavaca.gob.mx\/index.php?rest_route=%2Fwp%2Fv2%2Fcomments&post=56995"}],"version-history":[{"count":2,"href":"https:\/\/cuernavaca.gob.mx\/index.php?rest_route=\/wp\/v2\/posts\/56995\/revisions"}],"predecessor-version":[{"id":58101,"href":"https:\/\/cuernavaca.gob.mx\/index.php?rest_route=\/wp\/v2\/posts\/56995\/revisions\/58101"}],"wp:featuredmedia":[{"embeddable":true,"href":"https:\/\/cuernavaca.gob.mx\/index.php?rest_route=\/wp\/v2\/media\/56996"}],"wp:attachment":[{"href":"https:\/\/cuernavaca.gob.mx\/index.php?rest_route=%2Fwp%2Fv2%2Fmedia&parent=56995"}],"wp:term":[{"taxonomy":"category","embeddable":true,"href":"https:\/\/cuernavaca.gob.mx\/index.php?rest_route=%2Fwp%2Fv2%2Fcategories&post=56995"},{"taxonomy":"post_tag","embeddable":true,"href":"https:\/\/cuernavaca.gob.mx\/index.php?rest_route=%2Fwp%2Fv2%2Ftags&post=56995"}],"curies":[{"name":"wp","href":"https:\/\/api.w.org\/{rel}","templated":true}]}}