{"id":57001,"date":"2026-03-05T12:14:08","date_gmt":"2026-03-05T18:14:08","guid":{"rendered":"https:\/\/cuernavaca.gob.mx\/?p=57001"},"modified":"2026-03-05T12:14:08","modified_gmt":"2026-03-05T18:14:08","slug":"b984-05-03-26-cuernavaca-impulsa-la-cultura-de-paz-con-programa-de-desarme-voluntario","status":"publish","type":"post","link":"https:\/\/cuernavaca.gob.mx\/?p=57001","title":{"rendered":"B984 05\/03\/26 CUERNAVACA IMPULSA LA CULTURA DE PAZ CON PROGRAMA DE DESARME VOLUNTARIO"},"content":{"rendered":"<p><strong>\u2022 El alcalde Jos\u00e9 Luis Uri\u00f3stegui Salgado dio inicio al Programa de Canje de Armas de Fuego 2026, mediante el cual la ciudadan\u00eda puede entregar armas de forma an\u00f3nima a cambio de efectivo<\/strong><\/p>\n<p><strong>\u2022 Anunci\u00f3 dos convocatorias para integrar nuevos elementos a la SEPRAC, fortaleciendo la participaci\u00f3n ciudadana y la seguridad en el municipio<\/strong><\/p>\n<p>En un esfuerzo conjunto entre los tres \u00f3rdenes de gobierno para fortalecer la prevenci\u00f3n y la convivencia social, el presidente municipal de Cuernavaca, Jos\u00e9 Luis Uri\u00f3stegui Salgado, encabez\u00f3 este jueves el arranque del Programa de Canje de Armas de Fuego 2026, estrategia que promueve la participaci\u00f3n activa de la ciudadan\u00eda en la construcci\u00f3n de entornos m\u00e1s seguros y pac\u00edficos.<\/p>\n<p>Durante el acto realizado en la explanada del Palacio de Cort\u00e9s, el alcalde anunci\u00f3 la publicaci\u00f3n de dos convocatorias para la incorporaci\u00f3n de nuevos elementos a la Secretar\u00eda de Protecci\u00f3n y Auxilio Ciudadano (SEPRAC) de Cuernavaca: una dirigida a personas sin curso b\u00e1sico policial y otra para quienes, habiendo pertenecido a otra corporaci\u00f3n y sin antecedentes negativos, puedan integrarse; garantizando as\u00ed un proceso transparente y de largo plazo en coordinaci\u00f3n con la Secretar\u00eda de Seguridad y Protecci\u00f3n Ciudadana de Morelos.<\/p>\n<p>A trav\u00e9s del Programa de Canje de Armas de Fuego 2026, que se desarrollar\u00e1 durante una semana en Cuernavaca, la ciudadan\u00eda podr\u00e1 entregar de manera an\u00f3nima armas de fuego, cartuchos y explosivos a cambio de dinero en efectivo, con el objetivo de disminuir la presencia de armamento en los hogares y fomentar la cultura de paz. Para fortalecer esta estrategia, el Cabildo de Cuernavaca destin\u00f3 hasta 200 mil pesos, recursos que facilitar\u00e1n la participaci\u00f3n de la poblaci\u00f3n.<\/p>\n<p>El secretario de Seguridad y Protecci\u00f3n Ciudadana de Morelos, Miguel \u00c1ngel Urrutia Lozano, destac\u00f3 que la coordinaci\u00f3n entre el alcalde Jos\u00e9 Luis Uri\u00f3stegui Salgado, el Cabildo y la Mesa de Coordinaci\u00f3n para la Construcci\u00f3n de Paz y Seguridad ha permitido que, por primera vez en a\u00f1os, la percepci\u00f3n de inseguridad en la capital morelense disminuya cuatro puntos, de acuerdo con la Encuesta Nacional de Seguridad P\u00fablica Urbana del INEGI, creando condiciones favorables para la inversi\u00f3n, el turismo y la convivencia pac\u00edfica.<\/p>\n<p>En representaci\u00f3n de la gobernadora Margarita Gonz\u00e1lez Saravia, el secretario de Gobierno, Edgar Maldonado Ceballos, reconoci\u00f3 la importancia de esta estrategia, que combate la violencia desde un enfoque de prevenci\u00f3n y construcci\u00f3n de paz, donde la participaci\u00f3n ciudadana es un elemento clave.<\/p>\n<p>El programa se realizar\u00e1 en distintas sedes de Cuernavaca hasta el 16 de marzo, en un horario de 9:00 a 14:00 horas. Asimismo, contempla el intercambio de juguetes b\u00e9licos por juguetes recreativos, reforzando as\u00ed la educaci\u00f3n en valores y la convivencia pac\u00edfica.<\/p>\n<p>Al acto protocolario asistieron tambi\u00e9n el alcalde de Jiutepec, Eder Rodr\u00edguez Casillas, e integrantes de la Mesa de Coordinaci\u00f3n para la Construcci\u00f3n de Paz y Seguridad.<\/p>\n\n\t\t<style type=\"text\/css\">\n\t\t\t#gallery-1 {\n\t\t\t\tmargin: auto;\n\t\t\t}\n\t\t\t#gallery-1 .gallery-item {\n\t\t\t\tfloat: left;\n\t\t\t\tmargin-top: 10px;\n\t\t\t\ttext-align: center;\n\t\t\t\twidth: 33%;\n\t\t\t}\n\t\t\t#gallery-1 img {\n\t\t\t\tborder: 2px solid #cfcfcf;\n\t\t\t}\n\t\t\t#gallery-1 .gallery-caption {\n\t\t\t\tmargin-left: 0;\n\t\t\t}\n\t\t\t\/* see gallery_shortcode() in wp-includes\/media.php *\/\n\t\t<\/style>\n\t\t<div id='gallery-1' class='gallery galleryid-57001 gallery-columns-3 gallery-size-thumbnail'><dl class='gallery-item'>\n\t\t\t<dt class='gallery-icon landscape'>\n\t\t\t\t<a href='https:\/\/cuernavaca.gob.mx\/?attachment_id=57002'><img width=\"150\" height=\"150\" src=\"https:\/\/cuernavaca.gob.mx\/wp-content\/uploads\/2026\/03\/CUERNAVACA-IMPULSA-LA-CULTURA-DE-PAZ-CON-PROGRAMA-DE-DESARME-VOLUNTARIO-1-150x150.jpg\" class=\"attachment-thumbnail size-thumbnail\" alt=\"\" loading=\"lazy\" \/><\/a>\n\t\t\t<\/dt><\/dl><dl class='gallery-item'>\n\t\t\t<dt class='gallery-icon landscape'>\n\t\t\t\t<a href='https:\/\/cuernavaca.gob.mx\/?attachment_id=57003'><img width=\"150\" height=\"150\" src=\"https:\/\/cuernavaca.gob.mx\/wp-content\/uploads\/2026\/03\/CUERNAVACA-IMPULSA-LA-CULTURA-DE-PAZ-CON-PROGRAMA-DE-DESARME-VOLUNTARIO-2-150x150.jpg\" class=\"attachment-thumbnail size-thumbnail\" alt=\"\" loading=\"lazy\" \/><\/a>\n\t\t\t<\/dt><\/dl><dl class='gallery-item'>\n\t\t\t<dt class='gallery-icon landscape'>\n\t\t\t\t<a href='https:\/\/cuernavaca.gob.mx\/?attachment_id=57004'><img width=\"150\" height=\"150\" src=\"https:\/\/cuernavaca.gob.mx\/wp-content\/uploads\/2026\/03\/CUERNAVACA-IMPULSA-LA-CULTURA-DE-PAZ-CON-PROGRAMA-DE-DESARME-VOLUNTARIO-3-150x150.jpg\" class=\"attachment-thumbnail size-thumbnail\" alt=\"\" loading=\"lazy\" \/><\/a>\n\t\t\t<\/dt><\/dl><br style=\"clear: both\" \/><dl class='gallery-item'>\n\t\t\t<dt class='gallery-icon landscape'>\n\t\t\t\t<a href='https:\/\/cuernavaca.gob.mx\/?attachment_id=57005'><img width=\"150\" height=\"150\" src=\"https:\/\/cuernavaca.gob.mx\/wp-content\/uploads\/2026\/03\/CUERNAVACA-IMPULSA-LA-CULTURA-DE-PAZ-CON-PROGRAMA-DE-DESARME-VOLUNTARIO-4-150x150.jpg\" class=\"attachment-thumbnail size-thumbnail\" alt=\"\" loading=\"lazy\" \/><\/a>\n\t\t\t<\/dt><\/dl><dl class='gallery-item'>\n\t\t\t<dt class='gallery-icon landscape'>\n\t\t\t\t<a href='https:\/\/cuernavaca.gob.mx\/?attachment_id=57006'><img width=\"150\" height=\"150\" src=\"https:\/\/cuernavaca.gob.mx\/wp-content\/uploads\/2026\/03\/CUERNAVACA-IMPULSA-LA-CULTURA-DE-PAZ-CON-PROGRAMA-DE-DESARME-VOLUNTARIO-5-150x150.jpg\" class=\"attachment-thumbnail size-thumbnail\" alt=\"\" loading=\"lazy\" \/><\/a>\n\t\t\t<\/dt><\/dl><dl class='gallery-item'>\n\t\t\t<dt class='gallery-icon landscape'>\n\t\t\t\t<a href='https:\/\/cuernavaca.gob.mx\/?attachment_id=57007'><img width=\"150\" height=\"150\" src=\"https:\/\/cuernavaca.gob.mx\/wp-content\/uploads\/2026\/03\/CUERNAVACA-IMPULSA-LA-CULTURA-DE-PAZ-CON-PROGRAMA-DE-DESARME-VOLUNTARIO-6-150x150.jpg\" class=\"attachment-thumbnail size-thumbnail\" alt=\"\" loading=\"lazy\" \/><\/a>\n\t\t\t<\/dt><\/dl><br style=\"clear: both\" \/><dl class='gallery-item'>\n\t\t\t<dt class='gallery-icon landscape'>\n\t\t\t\t<a href='https:\/\/cuernavaca.gob.mx\/?attachment_id=57008'><img width=\"150\" height=\"150\" src=\"https:\/\/cuernavaca.gob.mx\/wp-content\/uploads\/2026\/03\/CUERNAVACA-IMPULSA-LA-CULTURA-DE-PAZ-CON-PROGRAMA-DE-DESARME-VOLUNTARIO-7-150x150.jpg\" class=\"attachment-thumbnail size-thumbnail\" alt=\"\" loading=\"lazy\" \/><\/a>\n\t\t\t<\/dt><\/dl><dl class='gallery-item'>\n\t\t\t<dt class='gallery-icon landscape'>\n\t\t\t\t<a href='https:\/\/cuernavaca.gob.mx\/?attachment_id=57009'><img width=\"150\" height=\"150\" src=\"https:\/\/cuernavaca.gob.mx\/wp-content\/uploads\/2026\/03\/CUERNAVACA-IMPULSA-LA-CULTURA-DE-PAZ-CON-PROGRAMA-DE-DESARME-VOLUNTARIO-8-150x150.jpg\" class=\"attachment-thumbnail size-thumbnail\" alt=\"\" loading=\"lazy\" \/><\/a>\n\t\t\t<\/dt><\/dl><dl class='gallery-item'>\n\t\t\t<dt class='gallery-icon landscape'>\n\t\t\t\t<a href='https:\/\/cuernavaca.gob.mx\/?attachment_id=57010'><img width=\"150\" height=\"150\" src=\"https:\/\/cuernavaca.gob.mx\/wp-content\/uploads\/2026\/03\/CUERNAVACA-IMPULSA-LA-CULTURA-DE-PAZ-CON-PROGRAMA-DE-DESARME-VOLUNTARIO-9-150x150.jpg\" class=\"attachment-thumbnail size-thumbnail\" alt=\"\" loading=\"lazy\" \/><\/a>\n\t\t\t<\/dt><\/dl><br style=\"clear: both\" \/><dl class='gallery-item'>\n\t\t\t<dt class='gallery-icon landscape'>\n\t\t\t\t<a href='https:\/\/cuernavaca.gob.mx\/?attachment_id=57011'><img width=\"150\" height=\"150\" src=\"https:\/\/cuernavaca.gob.mx\/wp-content\/uploads\/2026\/03\/CUERNAVACA-IMPULSA-LA-CULTURA-DE-PAZ-CON-PROGRAMA-DE-DESARME-VOLUNTARIO-10-150x150.jpg\" class=\"attachment-thumbnail size-thumbnail\" alt=\"\" loading=\"lazy\" \/><\/a>\n\t\t\t<\/dt><\/dl><dl class='gallery-item'>\n\t\t\t<dt class='gallery-icon landscape'>\n\t\t\t\t<a href='https:\/\/cuernavaca.gob.mx\/?attachment_id=57012'><img width=\"150\" height=\"150\" src=\"https:\/\/cuernavaca.gob.mx\/wp-content\/uploads\/2026\/03\/CUERNAVACA-IMPULSA-LA-CULTURA-DE-PAZ-CON-PROGRAMA-DE-DESARME-VOLUNTARIO-11-150x150.jpg\" class=\"attachment-thumbnail size-thumbnail\" alt=\"\" loading=\"lazy\" \/><\/a>\n\t\t\t<\/dt><\/dl><dl class='gallery-item'>\n\t\t\t<dt class='gallery-icon landscape'>\n\t\t\t\t<a href='https:\/\/cuernavaca.gob.mx\/?attachment_id=57013'><img width=\"150\" height=\"150\" src=\"https:\/\/cuernavaca.gob.mx\/wp-content\/uploads\/2026\/03\/CUERNAVACA-IMPULSA-LA-CULTURA-DE-PAZ-CON-PROGRAMA-DE-DESARME-VOLUNTARIO-12-150x150.jpg\" class=\"attachment-thumbnail size-thumbnail\" alt=\"\" loading=\"lazy\" \/><\/a>\n\t\t\t<\/dt><\/dl><br style=\"clear: both\" \/><dl class='gallery-item'>\n\t\t\t<dt class='gallery-icon landscape'>\n\t\t\t\t<a href='https:\/\/cuernavaca.gob.mx\/?attachment_id=57014'><img width=\"150\" height=\"150\" src=\"https:\/\/cuernavaca.gob.mx\/wp-content\/uploads\/2026\/03\/CUERNAVACA-IMPULSA-LA-CULTURA-DE-PAZ-CON-PROGRAMA-DE-DESARME-VOLUNTARIO-13-150x150.jpg\" class=\"attachment-thumbnail size-thumbnail\" alt=\"\" loading=\"lazy\" \/><\/a>\n\t\t\t<\/dt><\/dl>\n\t\t\t<br style='clear: both' \/>\n\t\t<\/div>\n\n<p>&nbsp;<\/p>\n","protected":false},"excerpt":{"rendered":"<p>\u2022 El alcalde Jos\u00e9 Luis Uri\u00f3stegui Salgado dio inicio al Programa de Canje de Armas de Fuego 2026, mediante el cual la ciudadan\u00eda puede entregar armas de forma an\u00f3nima a cambio de efectivo \u2022 Anunci\u00f3 dos convocatorias para integrar nuevos elementos a la SEPRAC, fortaleciendo la participaci\u00f3n ciudadana y la seguridad en el municipio En [&hellip;]<\/p>\n","protected":false},"author":1,"featured_media":57011,"comment_status":"closed","ping_status":"open","sticky":false,"template":"","format":"standard","meta":[],"categories":[17],"tags":[],"aioseo_notices":[],"_links":{"self":[{"href":"https:\/\/cuernavaca.gob.mx\/index.php?rest_route=\/wp\/v2\/posts\/57001"}],"collection":[{"href":"https:\/\/cuernavaca.gob.mx\/index.php?rest_route=\/wp\/v2\/posts"}],"about":[{"href":"https:\/\/cuernavaca.gob.mx\/index.php?rest_route=\/wp\/v2\/types\/post"}],"author":[{"embeddable":true,"href":"https:\/\/cuernavaca.gob.mx\/index.php?rest_route=\/wp\/v2\/users\/1"}],"replies":[{"embeddable":true,"href":"https:\/\/cuernavaca.gob.mx\/index.php?rest_route=%2Fwp%2Fv2%2Fcomments&post=57001"}],"version-history":[{"count":1,"href":"https:\/\/cuernavaca.gob.mx\/index.php?rest_route=\/wp\/v2\/posts\/57001\/revisions"}],"predecessor-version":[{"id":57015,"href":"https:\/\/cuernavaca.gob.mx\/index.php?rest_route=\/wp\/v2\/posts\/57001\/revisions\/57015"}],"wp:featuredmedia":[{"embeddable":true,"href":"https:\/\/cuernavaca.gob.mx\/index.php?rest_route=\/wp\/v2\/media\/57011"}],"wp:attachment":[{"href":"https:\/\/cuernavaca.gob.mx\/index.php?rest_route=%2Fwp%2Fv2%2Fmedia&parent=57001"}],"wp:term":[{"taxonomy":"category","embeddable":true,"href":"https:\/\/cuernavaca.gob.mx\/index.php?rest_route=%2Fwp%2Fv2%2Fcategories&post=57001"},{"taxonomy":"post_tag","embeddable":true,"href":"https:\/\/cuernavaca.gob.mx\/index.php?rest_route=%2Fwp%2Fv2%2Ftags&post=57001"}],"curies":[{"name":"wp","href":"https:\/\/api.w.org\/{rel}","templated":true}]}}