{"id":57016,"date":"2026-03-05T08:00:07","date_gmt":"2026-03-05T14:00:07","guid":{"rendered":"https:\/\/cuernavaca.gob.mx\/?p=57016"},"modified":"2026-03-05T12:39:12","modified_gmt":"2026-03-05T18:39:12","slug":"b983-05-03-26-ayuntamiento-de-cuernavaca-presenta-la-agenda-cultural-de-marzo","status":"publish","type":"post","link":"https:\/\/cuernavaca.gob.mx\/?p=57016","title":{"rendered":"B983 05\/03\/26 AYUNTAMIENTO DE CUERNAVACA PRESENTA LA AGENDA CULTURAL DE MARZO"},"content":{"rendered":"<p><strong>\u2022 Arte, historia y reflexi\u00f3n social se dan cita en marzo en el Museo de la Ciudad, con actividades gratuitas para toda la comunidad<\/strong><\/p>\n<p>El Ayuntamiento de Cuernavaca, a trav\u00e9s de la Secretar\u00eda de Desarrollo Humano y Participaci\u00f3n Social (SDHyPS) y el Instituto de Cultura de Cuernavaca, presenta la agenda cultural vigente hasta el 20 de marzo, con una amplia oferta de exposiciones gratuitas en el Museo de la Ciudad de Cuernavaca, fortaleciendo el acceso al arte y la cultura para todas y todos en la capital morelense.<\/p>\n<p>Durante marzo, el Museo de la Ciudad de Cuernavaca (MuCiC) ser\u00e1 sede de importantes exposiciones pict\u00f3ricas, fotogr\u00e1ficas y colectivas, as\u00ed como de muestras conmemorativas que promueven el talento local, nacional e internacional, consolidando a Cuernavaca como un referente cultural en la regi\u00f3n.<\/p>\n<p>Entre las muestras que el p\u00fablico podr\u00e1 disfrutar este mes se encuentran las exposiciones: \u201cHomenaje a Roger von Gunten: Un camino con coraz\u00f3n ante la evidencia de los sentidos\u201d, disponible en las salas 1, 2, 3, 4 y 5 de la planta baja; \u201cMisticismo, Arte y Ciencia\u201d, de Holger Roick, propuesta que vincula distintas disciplinas art\u00edsticas y cient\u00edficas, exhibida en las salas 1 y 2 de la planta alta; as\u00ed como la exposici\u00f3n colectiva \u201cCol-Art 2026: El cambio\u201d, instalada en las salas 6 y 7 de la planta baja. Todas ellas fueron inauguradas en el mes de febrero y permanecer\u00e1n vigentes hasta el 20 de marzo, invitando a la ciudadan\u00eda a recorrer el arte, descubrir nuevas miradas y celebrar la identidad cultural en el coraz\u00f3n de Cuernavaca.<\/p>\n<p>De la misma manera, permanecer\u00e1n en exhibici\u00f3n las muestras fotogr\u00e1ficas y conmemorativas: \u201cRealidades Cercenadas\u201d, de Ian Lizaranzu, en las salas 3, 4 y 5 de la planta alta; y la exposici\u00f3n \u201c100 A\u00f1os Dejando Huella\u201d, de la Asociaci\u00f3n de Scouts de M\u00e9xico, A.C., Provincia Morelos, ubicada en la sala 8 de la planta baja, que re\u00fane material fotogr\u00e1fico, timbres y objetos hist\u00f3ricos que conmemoran un siglo de historia y servicio.<\/p>\n<p>Como parte de esta agenda, se contempla la inauguraci\u00f3n de la exposici\u00f3n pict\u00f3rica \u201cMi Gente y sus Tradiciones\u201d, de Leticia Mosquera, que se llevar\u00e1 a cabo el 5 de marzo a las 17:00 horas en la Sala Rafael Cauduro y el Sal\u00f3n Blanco, en la planta baja.<\/p>\n<p>Con esta programaci\u00f3n, el Gobierno Municipal reafirma su compromiso con el impulso al arte, la cultura y la convivencia social, promoviendo espacios de encuentro que fortalecen la identidad, el talento creativo y la vida cultural de Cuernavaca.<\/p>\n\n\t\t<style type=\"text\/css\">\n\t\t\t#gallery-1 {\n\t\t\t\tmargin: auto;\n\t\t\t}\n\t\t\t#gallery-1 .gallery-item {\n\t\t\t\tfloat: left;\n\t\t\t\tmargin-top: 10px;\n\t\t\t\ttext-align: center;\n\t\t\t\twidth: 33%;\n\t\t\t}\n\t\t\t#gallery-1 img {\n\t\t\t\tborder: 2px solid #cfcfcf;\n\t\t\t}\n\t\t\t#gallery-1 .gallery-caption {\n\t\t\t\tmargin-left: 0;\n\t\t\t}\n\t\t\t\/* see gallery_shortcode() in wp-includes\/media.php *\/\n\t\t<\/style>\n\t\t<div id='gallery-1' class='gallery galleryid-57016 gallery-columns-3 gallery-size-thumbnail'><dl class='gallery-item'>\n\t\t\t<dt class='gallery-icon portrait'>\n\t\t\t\t<a href='https:\/\/cuernavaca.gob.mx\/?attachment_id=57018'><img width=\"150\" height=\"150\" src=\"https:\/\/cuernavaca.gob.mx\/wp-content\/uploads\/2026\/03\/AYUNTAMIENTO-DE-CUERNAVACA-PRESENTA-LA-AGENDA-CULTURAL-DE-MARZO-150x150.jpg\" class=\"attachment-thumbnail size-thumbnail\" alt=\"\" loading=\"lazy\" \/><\/a>\n\t\t\t<\/dt><\/dl>\n\t\t\t<br style='clear: both' \/>\n\t\t<\/div>\n\n","protected":false},"excerpt":{"rendered":"<p>\u2022 Arte, historia y reflexi\u00f3n social se dan cita en marzo en el Museo de la Ciudad, con actividades gratuitas para toda la comunidad El Ayuntamiento de Cuernavaca, a trav\u00e9s de la Secretar\u00eda de Desarrollo Humano y Participaci\u00f3n Social (SDHyPS) y el Instituto de Cultura de Cuernavaca, presenta la agenda cultural vigente hasta el 20 [&hellip;]<\/p>\n","protected":false},"author":1,"featured_media":57018,"comment_status":"closed","ping_status":"open","sticky":false,"template":"","format":"standard","meta":[],"categories":[1],"tags":[],"aioseo_notices":[],"_links":{"self":[{"href":"https:\/\/cuernavaca.gob.mx\/index.php?rest_route=\/wp\/v2\/posts\/57016"}],"collection":[{"href":"https:\/\/cuernavaca.gob.mx\/index.php?rest_route=\/wp\/v2\/posts"}],"about":[{"href":"https:\/\/cuernavaca.gob.mx\/index.php?rest_route=\/wp\/v2\/types\/post"}],"author":[{"embeddable":true,"href":"https:\/\/cuernavaca.gob.mx\/index.php?rest_route=\/wp\/v2\/users\/1"}],"replies":[{"embeddable":true,"href":"https:\/\/cuernavaca.gob.mx\/index.php?rest_route=%2Fwp%2Fv2%2Fcomments&post=57016"}],"version-history":[{"count":1,"href":"https:\/\/cuernavaca.gob.mx\/index.php?rest_route=\/wp\/v2\/posts\/57016\/revisions"}],"predecessor-version":[{"id":57019,"href":"https:\/\/cuernavaca.gob.mx\/index.php?rest_route=\/wp\/v2\/posts\/57016\/revisions\/57019"}],"wp:featuredmedia":[{"embeddable":true,"href":"https:\/\/cuernavaca.gob.mx\/index.php?rest_route=\/wp\/v2\/media\/57018"}],"wp:attachment":[{"href":"https:\/\/cuernavaca.gob.mx\/index.php?rest_route=%2Fwp%2Fv2%2Fmedia&parent=57016"}],"wp:term":[{"taxonomy":"category","embeddable":true,"href":"https:\/\/cuernavaca.gob.mx\/index.php?rest_route=%2Fwp%2Fv2%2Fcategories&post=57016"},{"taxonomy":"post_tag","embeddable":true,"href":"https:\/\/cuernavaca.gob.mx\/index.php?rest_route=%2Fwp%2Fv2%2Ftags&post=57016"}],"curies":[{"name":"wp","href":"https:\/\/api.w.org\/{rel}","templated":true}]}}