{"id":57020,"date":"2026-03-05T13:47:53","date_gmt":"2026-03-05T19:47:53","guid":{"rendered":"https:\/\/cuernavaca.gob.mx\/?p=57020"},"modified":"2026-03-05T13:47:53","modified_gmt":"2026-03-05T19:47:53","slug":"b985-05-03-26-refuerza-ayuntamiento-de-cuernavaca-la-capacidad-operativa-de-la-seprac-con-nuevas-unidades","status":"publish","type":"post","link":"https:\/\/cuernavaca.gob.mx\/?p=57020","title":{"rendered":"B985 05\/03\/26 REFUERZA AYUNTAMIENTO DE CUERNAVACA LA CAPACIDAD OPERATIVA DE LA SEPRAC CON NUEVAS UNIDADES"},"content":{"rendered":"<p><strong>* Con una inversi\u00f3n aproximada de cuatro millones de pesos, se ampliar\u00e1n los patrullajes preventivos y se fortalecer\u00e1 la presencia policial en colonias y zonas estrat\u00e9gicas de la ciudad<\/strong><\/p>\n<p>Con el prop\u00f3sito de fortalecer la seguridad y mejorar la capacidad de respuesta ante emergencias, el Ayuntamiento de Cuernavaca, encabezado por el presidente municipal Jos\u00e9 Luis Uri\u00f3stegui Salgado, realiz\u00f3 este jueves la entrega de nueve unidades a la Secretar\u00eda de Protecci\u00f3n y Auxilio Ciudadano (SEPRAC).<\/p>\n<p>Las unidades entregadas consisten en cinco camionetas tipo pick-up y cuatro motopatrullas, que se integrar\u00e1n a las labores de vigilancia y proximidad social con el objetivo de ampliar la cobertura operativa en distintas colonias y zonas estrat\u00e9gicas de la ciudad.<\/p>\n<p>La entrega se llev\u00f3 a cabo en la explanada del Palacio de Cort\u00e9s, donde el alcalde, Jos\u00e9 Luis Uri\u00f3stegui Salgado, acompa\u00f1ado de integrantes del Cabildo, subray\u00f3 que fortalecer el equipamiento de la corporaci\u00f3n es una prioridad para su administraci\u00f3n, ya que permite brindar una atenci\u00f3n m\u00e1s eficiente a la ciudadan\u00eda y mejorar las condiciones de trabajo de las y los elementos de seguridad.<\/p>\n<p>Asimismo, inform\u00f3 que para esta adquisici\u00f3n se destin\u00f3 una inversi\u00f3n aproximada de cuatro millones de pesos, proceso que inici\u00f3 a finales de 2025, e instruy\u00f3 al titular de la SEPRAC, Pablo Nivardo Aguilera Casados, a dar el mejor uso al nuevo equipamiento, manteniendo la coordinaci\u00f3n con el Gobierno del Estado para continuar fortaleciendo las acciones en materia de seguridad p\u00fablica.<\/p>\n<p>Por su parte, el titular de la SEPRAC se\u00f1al\u00f3 que estas unidades permitir\u00e1n reforzar los patrullajes preventivos y mejorar la capacidad de respuesta de la corporaci\u00f3n, particularmente en colonias, zonas comerciales y espacios escolares, fortaleciendo la estrategia de proximidad social con la ciudadan\u00eda.<\/p>\n<p>En su intervenci\u00f3n, el secretario de Seguridad y Protecci\u00f3n Ciudadana del Estado de Morelos, Miguel \u00c1ngel Urrutia Lozano, reconoci\u00f3 el esfuerzo del Ayuntamiento capitalino para fortalecer la seguridad p\u00fablica y destac\u00f3 la importancia del trabajo coordinado entre los distintos \u00f3rdenes de gobierno. Se\u00f1al\u00f3 que herramientas tecnol\u00f3gicas como la instalaci\u00f3n de arcos carreteros y el fortalecimiento del sistema de videovigilancia a trav\u00e9s de los centros de control C4 y C5 en distintos puntos de la ciudad permiten avanzar en mejores resultados en favor de la poblaci\u00f3n.<\/p>\n<p>Con la incorporaci\u00f3n de estas unidades, el Gobierno Municipal contin\u00faa impulsando acciones orientadas a fortalecer el equipamiento y la capacidad operativa de la SEPRAC, en respaldo al trabajo que realizan diariamente las y los elementos de seguridad para proteger y brindar mayor tranquilidad a las familias cuernavaquenses.<\/p>\n\n\t\t<style type=\"text\/css\">\n\t\t\t#gallery-1 {\n\t\t\t\tmargin: auto;\n\t\t\t}\n\t\t\t#gallery-1 .gallery-item {\n\t\t\t\tfloat: left;\n\t\t\t\tmargin-top: 10px;\n\t\t\t\ttext-align: center;\n\t\t\t\twidth: 33%;\n\t\t\t}\n\t\t\t#gallery-1 img {\n\t\t\t\tborder: 2px solid #cfcfcf;\n\t\t\t}\n\t\t\t#gallery-1 .gallery-caption {\n\t\t\t\tmargin-left: 0;\n\t\t\t}\n\t\t\t\/* see gallery_shortcode() in wp-includes\/media.php *\/\n\t\t<\/style>\n\t\t<div id='gallery-1' class='gallery galleryid-57020 gallery-columns-3 gallery-size-thumbnail'><dl class='gallery-item'>\n\t\t\t<dt class='gallery-icon landscape'>\n\t\t\t\t<a href='https:\/\/cuernavaca.gob.mx\/?attachment_id=57022'><img width=\"150\" height=\"150\" src=\"https:\/\/cuernavaca.gob.mx\/wp-content\/uploads\/2026\/03\/REFUERZA-AYUNTAMIENTO-DE-CUERNAVACA-LA-CAPACIDAD-OPERATIVA-DE-LA-SEPRAC-CON-NUEVAS-UNIDADES-1-150x150.jpg\" class=\"attachment-thumbnail size-thumbnail\" alt=\"\" loading=\"lazy\" \/><\/a>\n\t\t\t<\/dt><\/dl><dl class='gallery-item'>\n\t\t\t<dt class='gallery-icon landscape'>\n\t\t\t\t<a href='https:\/\/cuernavaca.gob.mx\/?attachment_id=57023'><img width=\"150\" height=\"150\" src=\"https:\/\/cuernavaca.gob.mx\/wp-content\/uploads\/2026\/03\/REFUERZA-AYUNTAMIENTO-DE-CUERNAVACA-LA-CAPACIDAD-OPERATIVA-DE-LA-SEPRAC-CON-NUEVAS-UNIDADES-2-150x150.jpg\" class=\"attachment-thumbnail size-thumbnail\" alt=\"\" loading=\"lazy\" \/><\/a>\n\t\t\t<\/dt><\/dl><dl class='gallery-item'>\n\t\t\t<dt class='gallery-icon landscape'>\n\t\t\t\t<a href='https:\/\/cuernavaca.gob.mx\/?attachment_id=57024'><img width=\"150\" height=\"150\" src=\"https:\/\/cuernavaca.gob.mx\/wp-content\/uploads\/2026\/03\/REFUERZA-AYUNTAMIENTO-DE-CUERNAVACA-LA-CAPACIDAD-OPERATIVA-DE-LA-SEPRAC-CON-NUEVAS-UNIDADES-3-150x150.jpg\" class=\"attachment-thumbnail size-thumbnail\" alt=\"\" loading=\"lazy\" \/><\/a>\n\t\t\t<\/dt><\/dl><br style=\"clear: both\" \/><dl class='gallery-item'>\n\t\t\t<dt class='gallery-icon landscape'>\n\t\t\t\t<a href='https:\/\/cuernavaca.gob.mx\/?attachment_id=57025'><img width=\"150\" height=\"150\" src=\"https:\/\/cuernavaca.gob.mx\/wp-content\/uploads\/2026\/03\/REFUERZA-AYUNTAMIENTO-DE-CUERNAVACA-LA-CAPACIDAD-OPERATIVA-DE-LA-SEPRAC-CON-NUEVAS-UNIDADES-4-150x150.jpg\" class=\"attachment-thumbnail size-thumbnail\" alt=\"\" loading=\"lazy\" \/><\/a>\n\t\t\t<\/dt><\/dl><dl class='gallery-item'>\n\t\t\t<dt class='gallery-icon landscape'>\n\t\t\t\t<a href='https:\/\/cuernavaca.gob.mx\/?attachment_id=57026'><img width=\"150\" height=\"150\" src=\"https:\/\/cuernavaca.gob.mx\/wp-content\/uploads\/2026\/03\/REFUERZA-AYUNTAMIENTO-DE-CUERNAVACA-LA-CAPACIDAD-OPERATIVA-DE-LA-SEPRAC-CON-NUEVAS-UNIDADES-5-150x150.jpg\" class=\"attachment-thumbnail size-thumbnail\" alt=\"\" loading=\"lazy\" \/><\/a>\n\t\t\t<\/dt><\/dl><dl class='gallery-item'>\n\t\t\t<dt class='gallery-icon landscape'>\n\t\t\t\t<a href='https:\/\/cuernavaca.gob.mx\/?attachment_id=57027'><img width=\"150\" height=\"150\" src=\"https:\/\/cuernavaca.gob.mx\/wp-content\/uploads\/2026\/03\/REFUERZA-AYUNTAMIENTO-DE-CUERNAVACA-LA-CAPACIDAD-OPERATIVA-DE-LA-SEPRAC-CON-NUEVAS-UNIDADES-7-150x150.jpg\" class=\"attachment-thumbnail size-thumbnail\" alt=\"\" loading=\"lazy\" \/><\/a>\n\t\t\t<\/dt><\/dl><br style=\"clear: both\" \/><dl class='gallery-item'>\n\t\t\t<dt class='gallery-icon landscape'>\n\t\t\t\t<a href='https:\/\/cuernavaca.gob.mx\/?attachment_id=57028'><img width=\"150\" height=\"150\" src=\"https:\/\/cuernavaca.gob.mx\/wp-content\/uploads\/2026\/03\/REFUERZA-AYUNTAMIENTO-DE-CUERNAVACA-LA-CAPACIDAD-OPERATIVA-DE-LA-SEPRAC-CON-NUEVAS-UNIDADES-8-150x150.jpg\" class=\"attachment-thumbnail size-thumbnail\" alt=\"\" loading=\"lazy\" \/><\/a>\n\t\t\t<\/dt><\/dl><dl class='gallery-item'>\n\t\t\t<dt class='gallery-icon landscape'>\n\t\t\t\t<a href='https:\/\/cuernavaca.gob.mx\/?attachment_id=57029'><img width=\"150\" height=\"150\" src=\"https:\/\/cuernavaca.gob.mx\/wp-content\/uploads\/2026\/03\/REFUERZA-AYUNTAMIENTO-DE-CUERNAVACA-LA-CAPACIDAD-OPERATIVA-DE-LA-SEPRAC-CON-NUEVAS-UNIDADES-9-150x150.jpg\" class=\"attachment-thumbnail size-thumbnail\" alt=\"\" loading=\"lazy\" \/><\/a>\n\t\t\t<\/dt><\/dl><dl class='gallery-item'>\n\t\t\t<dt class='gallery-icon landscape'>\n\t\t\t\t<a href='https:\/\/cuernavaca.gob.mx\/?attachment_id=57030'><img width=\"150\" height=\"150\" src=\"https:\/\/cuernavaca.gob.mx\/wp-content\/uploads\/2026\/03\/REFUERZA-AYUNTAMIENTO-DE-CUERNAVACA-LA-CAPACIDAD-OPERATIVA-DE-LA-SEPRAC-CON-NUEVAS-UNIDADES-10-150x150.jpg\" class=\"attachment-thumbnail size-thumbnail\" alt=\"\" loading=\"lazy\" \/><\/a>\n\t\t\t<\/dt><\/dl><br style=\"clear: both\" \/><dl class='gallery-item'>\n\t\t\t<dt class='gallery-icon landscape'>\n\t\t\t\t<a href='https:\/\/cuernavaca.gob.mx\/?attachment_id=57031'><img width=\"150\" height=\"150\" src=\"https:\/\/cuernavaca.gob.mx\/wp-content\/uploads\/2026\/03\/REFUERZA-AYUNTAMIENTO-DE-CUERNAVACA-LA-CAPACIDAD-OPERATIVA-DE-LA-SEPRAC-CON-NUEVAS-UNIDADES-11-150x150.jpg\" class=\"attachment-thumbnail size-thumbnail\" alt=\"\" loading=\"lazy\" \/><\/a>\n\t\t\t<\/dt><\/dl><dl class='gallery-item'>\n\t\t\t<dt class='gallery-icon landscape'>\n\t\t\t\t<a href='https:\/\/cuernavaca.gob.mx\/?attachment_id=57032'><img width=\"150\" height=\"150\" src=\"https:\/\/cuernavaca.gob.mx\/wp-content\/uploads\/2026\/03\/REFUERZA-AYUNTAMIENTO-DE-CUERNAVACA-LA-CAPACIDAD-OPERATIVA-DE-LA-SEPRAC-CON-NUEVAS-UNIDADES-12-150x150.jpg\" class=\"attachment-thumbnail size-thumbnail\" alt=\"\" loading=\"lazy\" \/><\/a>\n\t\t\t<\/dt><\/dl>\n\t\t\t<br style='clear: both' \/>\n\t\t<\/div>\n\n<p>&nbsp;<\/p>\n","protected":false},"excerpt":{"rendered":"<p>* Con una inversi\u00f3n aproximada de cuatro millones de pesos, se ampliar\u00e1n los patrullajes preventivos y se fortalecer\u00e1 la presencia policial en colonias y zonas estrat\u00e9gicas de la ciudad Con el prop\u00f3sito de fortalecer la seguridad y mejorar la capacidad de respuesta ante emergencias, el Ayuntamiento de Cuernavaca, encabezado por el presidente municipal Jos\u00e9 Luis [&hellip;]<\/p>\n","protected":false},"author":1,"featured_media":57027,"comment_status":"closed","ping_status":"open","sticky":false,"template":"","format":"standard","meta":[],"categories":[17],"tags":[],"aioseo_notices":[],"_links":{"self":[{"href":"https:\/\/cuernavaca.gob.mx\/index.php?rest_route=\/wp\/v2\/posts\/57020"}],"collection":[{"href":"https:\/\/cuernavaca.gob.mx\/index.php?rest_route=\/wp\/v2\/posts"}],"about":[{"href":"https:\/\/cuernavaca.gob.mx\/index.php?rest_route=\/wp\/v2\/types\/post"}],"author":[{"embeddable":true,"href":"https:\/\/cuernavaca.gob.mx\/index.php?rest_route=\/wp\/v2\/users\/1"}],"replies":[{"embeddable":true,"href":"https:\/\/cuernavaca.gob.mx\/index.php?rest_route=%2Fwp%2Fv2%2Fcomments&post=57020"}],"version-history":[{"count":1,"href":"https:\/\/cuernavaca.gob.mx\/index.php?rest_route=\/wp\/v2\/posts\/57020\/revisions"}],"predecessor-version":[{"id":57033,"href":"https:\/\/cuernavaca.gob.mx\/index.php?rest_route=\/wp\/v2\/posts\/57020\/revisions\/57033"}],"wp:featuredmedia":[{"embeddable":true,"href":"https:\/\/cuernavaca.gob.mx\/index.php?rest_route=\/wp\/v2\/media\/57027"}],"wp:attachment":[{"href":"https:\/\/cuernavaca.gob.mx\/index.php?rest_route=%2Fwp%2Fv2%2Fmedia&parent=57020"}],"wp:term":[{"taxonomy":"category","embeddable":true,"href":"https:\/\/cuernavaca.gob.mx\/index.php?rest_route=%2Fwp%2Fv2%2Fcategories&post=57020"},{"taxonomy":"post_tag","embeddable":true,"href":"https:\/\/cuernavaca.gob.mx\/index.php?rest_route=%2Fwp%2Fv2%2Ftags&post=57020"}],"curies":[{"name":"wp","href":"https:\/\/api.w.org\/{rel}","templated":true}]}}