{"id":57042,"date":"2026-03-06T08:00:32","date_gmt":"2026-03-06T14:00:32","guid":{"rendered":"https:\/\/cuernavaca.gob.mx\/?p=57042"},"modified":"2026-03-06T11:27:28","modified_gmt":"2026-03-06T17:27:28","slug":"b986-06-03-26-vamos-al-melchor-consolida-un-espacio-de-cultura-bienestar-y-convivencia-familiar-en-cuernavaca","status":"publish","type":"post","link":"https:\/\/cuernavaca.gob.mx\/?p=57042","title":{"rendered":"B986 06\/03\/26 &#8220;VAMOS AL MELCHOR&#8221; CONSOLIDA UN ESPACIO DE CULTURA, BIENESTAR Y CONVIVENCIA FAMILIAR EN CUERNAVACA"},"content":{"rendered":"<p><strong>* Familias y j\u00f3venes participaron en actividades culturales, deportivas y ambientales en un espacio que promueve la convivencia y el bienestar social<\/strong><\/p>\n<p><strong>* El Ayuntamiento reafirma su compromiso con la recuperaci\u00f3n de espacios p\u00fablicos mediante actividades incluyentes y accesibles<\/strong><\/p>\n<p>El Ayuntamiento de Cuernavaca, a trav\u00e9s de la Secretar\u00eda de Desarrollo Humano y Participaci\u00f3n Social y del Instituto de Cultura de Cuernavaca, celebr\u00f3 una nueva jornada del programa &#8220;Vamos al Melchor&#8221;, iniciativa que transforma este emblem\u00e1tico espacio p\u00fablico en un punto de encuentro donde la cultura, el deporte, la m\u00fasica y el arte convergen en beneficio de las y los cuernavacenses.<\/p>\n<p>La jornada reuni\u00f3 a familias, j\u00f3venes y vecinos en una programaci\u00f3n diversa que promovi\u00f3 el bienestar f\u00edsico, la expresi\u00f3n art\u00edstica y el acercamiento a la riqueza natural del municipio, consolidando un espacio dominical de esparcimiento sano y convivencia comunitaria.<\/p>\n<p>Durante el evento se imparti\u00f3 una sesi\u00f3n de yoga con una destacada participaci\u00f3n ciudadana, promoviendo el autocuidado y la salud integral. Posteriormente, el programa continu\u00f3 con una clase de ritmos latinos y una sesi\u00f3n de salsa para principiantes, ambas desarrolladas con gran entusiasmo y activa asistencia de la comunidad.<\/p>\n<p>El componente cultural estuvo a cargo del cronista de Cuernavaca, Octavio Sedano, quien present\u00f3 la charla &#8220;Las bellezas perdidas de un para\u00edso&#8221;, invitando a la reflexi\u00f3n sobre el patrimonio hist\u00f3rico y natural de la ciudad. La jornada continu\u00f3 con la presentaci\u00f3n musical del cantante urbano Fotz, exponente de trap, y cerr\u00f3 con la energ\u00eda del DJ Alex Black, quien convirti\u00f3 el espacio en una celebraci\u00f3n colectiva.<\/p>\n<p>Un elemento destacado fue la colaboraci\u00f3n de la Comisi\u00f3n Estatal de Biodiversidad (COESBIO), que facilit\u00f3 material fotogr\u00e1fico para montar una exposici\u00f3n sobre la fauna de Morelos, adem\u00e1s de proporcionar informaci\u00f3n para promover el conocimiento y la preservaci\u00f3n de la flora y fauna del estado.<\/p>\n<p>La recuperaci\u00f3n y activaci\u00f3n de los espacios p\u00fablicos fortalece el tejido social. &#8220;Vamos al Melchor&#8221; demuestra que cuando la cultura, el deporte y la comunidad se articulan, se generan entornos m\u00e1s sanos, participativos e incluyentes, consolidando espacios de convivencia que impulsan la participaci\u00f3n ciudadana y el bienestar colectivo.<\/p>\n<p>Este programa busca consolidarse como una plataforma permanente de convivencia intergeneracional y promoci\u00f3n cultural, fomentando que las familias se apropien de los espacios p\u00fablicos y los vivan como puntos de encuentro y bienestar com\u00fan.<\/p>\n<p>El Ayuntamiento de Cuernavaca reafirma as\u00ed su compromiso de impulsar actividades abiertas, incluyentes y accesibles para todas y todos. La invitaci\u00f3n permanece abierta para sumarse a la pr\u00f3xima edici\u00f3n, este domingo 08 de marzo, y continuar fortaleciendo la convivencia en la capital morelense.<\/p>\n\n\t\t<style type=\"text\/css\">\n\t\t\t#gallery-1 {\n\t\t\t\tmargin: auto;\n\t\t\t}\n\t\t\t#gallery-1 .gallery-item {\n\t\t\t\tfloat: left;\n\t\t\t\tmargin-top: 10px;\n\t\t\t\ttext-align: center;\n\t\t\t\twidth: 33%;\n\t\t\t}\n\t\t\t#gallery-1 img {\n\t\t\t\tborder: 2px solid #cfcfcf;\n\t\t\t}\n\t\t\t#gallery-1 .gallery-caption {\n\t\t\t\tmargin-left: 0;\n\t\t\t}\n\t\t\t\/* see gallery_shortcode() in wp-includes\/media.php *\/\n\t\t<\/style>\n\t\t<div id='gallery-1' class='gallery galleryid-57042 gallery-columns-3 gallery-size-thumbnail'><dl class='gallery-item'>\n\t\t\t<dt class='gallery-icon portrait'>\n\t\t\t\t<a href='https:\/\/cuernavaca.gob.mx\/?attachment_id=57043'><img width=\"150\" height=\"150\" src=\"https:\/\/cuernavaca.gob.mx\/wp-content\/uploads\/2026\/03\/22VAMOS-AL-MELCHOR22-CONSOLIDA-UN-ESPACIO-DE-CULTURA-BIENESTAR-Y-CONVIVENCIA-FAMILIAR-EN-CUERNAVACA-1-150x150.jpg\" class=\"attachment-thumbnail size-thumbnail\" alt=\"\" loading=\"lazy\" \/><\/a>\n\t\t\t<\/dt><\/dl><dl class='gallery-item'>\n\t\t\t<dt class='gallery-icon portrait'>\n\t\t\t\t<a href='https:\/\/cuernavaca.gob.mx\/?attachment_id=57044'><img width=\"150\" height=\"150\" src=\"https:\/\/cuernavaca.gob.mx\/wp-content\/uploads\/2026\/03\/22VAMOS-AL-MELCHOR22-CONSOLIDA-UN-ESPACIO-DE-CULTURA-BIENESTAR-Y-CONVIVENCIA-FAMILIAR-EN-CUERNAVACA-2-150x150.jpg\" class=\"attachment-thumbnail size-thumbnail\" alt=\"\" loading=\"lazy\" \/><\/a>\n\t\t\t<\/dt><\/dl><dl class='gallery-item'>\n\t\t\t<dt class='gallery-icon landscape'>\n\t\t\t\t<a href='https:\/\/cuernavaca.gob.mx\/?attachment_id=57045'><img width=\"150\" height=\"150\" src=\"https:\/\/cuernavaca.gob.mx\/wp-content\/uploads\/2026\/03\/22VAMOS-AL-MELCHOR22-CONSOLIDA-UN-ESPACIO-DE-CULTURA-BIENESTAR-Y-CONVIVENCIA-FAMILIAR-EN-CUERNAVACA-3-150x150.jpg\" class=\"attachment-thumbnail size-thumbnail\" alt=\"\" loading=\"lazy\" \/><\/a>\n\t\t\t<\/dt><\/dl><br style=\"clear: both\" \/><dl class='gallery-item'>\n\t\t\t<dt class='gallery-icon landscape'>\n\t\t\t\t<a href='https:\/\/cuernavaca.gob.mx\/?attachment_id=57046'><img width=\"150\" height=\"150\" src=\"https:\/\/cuernavaca.gob.mx\/wp-content\/uploads\/2026\/03\/22VAMOS-AL-MELCHOR22-CONSOLIDA-UN-ESPACIO-DE-CULTURA-BIENESTAR-Y-CONVIVENCIA-FAMILIAR-EN-CUERNAVACA-4-150x150.jpg\" class=\"attachment-thumbnail size-thumbnail\" alt=\"\" loading=\"lazy\" \/><\/a>\n\t\t\t<\/dt><\/dl><dl class='gallery-item'>\n\t\t\t<dt class='gallery-icon portrait'>\n\t\t\t\t<a href='https:\/\/cuernavaca.gob.mx\/?attachment_id=57047'><img width=\"150\" height=\"150\" src=\"https:\/\/cuernavaca.gob.mx\/wp-content\/uploads\/2026\/03\/22VAMOS-AL-MELCHOR22-CONSOLIDA-UN-ESPACIO-DE-CULTURA-BIENESTAR-Y-CONVIVENCIA-FAMILIAR-EN-CUERNAVACA-5-150x150.jpg\" class=\"attachment-thumbnail size-thumbnail\" alt=\"\" loading=\"lazy\" \/><\/a>\n\t\t\t<\/dt><\/dl><dl class='gallery-item'>\n\t\t\t<dt class='gallery-icon portrait'>\n\t\t\t\t<a href='https:\/\/cuernavaca.gob.mx\/?attachment_id=57048'><img width=\"150\" height=\"150\" src=\"https:\/\/cuernavaca.gob.mx\/wp-content\/uploads\/2026\/03\/22VAMOS-AL-MELCHOR22-CONSOLIDA-UN-ESPACIO-DE-CULTURA-BIENESTAR-Y-CONVIVENCIA-FAMILIAR-EN-CUERNAVACA-6-150x150.jpg\" class=\"attachment-thumbnail size-thumbnail\" alt=\"\" loading=\"lazy\" \/><\/a>\n\t\t\t<\/dt><\/dl><br style=\"clear: both\" \/><dl class='gallery-item'>\n\t\t\t<dt class='gallery-icon landscape'>\n\t\t\t\t<a href='https:\/\/cuernavaca.gob.mx\/?attachment_id=57049'><img width=\"150\" height=\"150\" src=\"https:\/\/cuernavaca.gob.mx\/wp-content\/uploads\/2026\/03\/22VAMOS-AL-MELCHOR22-CONSOLIDA-UN-ESPACIO-DE-CULTURA-BIENESTAR-Y-CONVIVENCIA-FAMILIAR-EN-CUERNAVACA-7-150x150.jpg\" class=\"attachment-thumbnail size-thumbnail\" alt=\"\" loading=\"lazy\" \/><\/a>\n\t\t\t<\/dt><\/dl><dl class='gallery-item'>\n\t\t\t<dt class='gallery-icon landscape'>\n\t\t\t\t<a href='https:\/\/cuernavaca.gob.mx\/?attachment_id=57050'><img width=\"150\" height=\"150\" src=\"https:\/\/cuernavaca.gob.mx\/wp-content\/uploads\/2026\/03\/22VAMOS-AL-MELCHOR22-CONSOLIDA-UN-ESPACIO-DE-CULTURA-BIENESTAR-Y-CONVIVENCIA-FAMILIAR-EN-CUERNAVACA-8-150x150.jpg\" class=\"attachment-thumbnail size-thumbnail\" alt=\"\" loading=\"lazy\" \/><\/a>\n\t\t\t<\/dt><\/dl>\n\t\t\t<br style='clear: both' \/>\n\t\t<\/div>\n\n","protected":false},"excerpt":{"rendered":"<p>* Familias y j\u00f3venes participaron en actividades culturales, deportivas y ambientales en un espacio que promueve la convivencia y el bienestar social * El Ayuntamiento reafirma su compromiso con la recuperaci\u00f3n de espacios p\u00fablicos mediante actividades incluyentes y accesibles El Ayuntamiento de Cuernavaca, a trav\u00e9s de la Secretar\u00eda de Desarrollo Humano y Participaci\u00f3n Social y [&hellip;]<\/p>\n","protected":false},"author":1,"featured_media":57046,"comment_status":"closed","ping_status":"open","sticky":false,"template":"","format":"standard","meta":[],"categories":[862],"tags":[],"aioseo_notices":[],"_links":{"self":[{"href":"https:\/\/cuernavaca.gob.mx\/index.php?rest_route=\/wp\/v2\/posts\/57042"}],"collection":[{"href":"https:\/\/cuernavaca.gob.mx\/index.php?rest_route=\/wp\/v2\/posts"}],"about":[{"href":"https:\/\/cuernavaca.gob.mx\/index.php?rest_route=\/wp\/v2\/types\/post"}],"author":[{"embeddable":true,"href":"https:\/\/cuernavaca.gob.mx\/index.php?rest_route=\/wp\/v2\/users\/1"}],"replies":[{"embeddable":true,"href":"https:\/\/cuernavaca.gob.mx\/index.php?rest_route=%2Fwp%2Fv2%2Fcomments&post=57042"}],"version-history":[{"count":1,"href":"https:\/\/cuernavaca.gob.mx\/index.php?rest_route=\/wp\/v2\/posts\/57042\/revisions"}],"predecessor-version":[{"id":57051,"href":"https:\/\/cuernavaca.gob.mx\/index.php?rest_route=\/wp\/v2\/posts\/57042\/revisions\/57051"}],"wp:featuredmedia":[{"embeddable":true,"href":"https:\/\/cuernavaca.gob.mx\/index.php?rest_route=\/wp\/v2\/media\/57046"}],"wp:attachment":[{"href":"https:\/\/cuernavaca.gob.mx\/index.php?rest_route=%2Fwp%2Fv2%2Fmedia&parent=57042"}],"wp:term":[{"taxonomy":"category","embeddable":true,"href":"https:\/\/cuernavaca.gob.mx\/index.php?rest_route=%2Fwp%2Fv2%2Fcategories&post=57042"},{"taxonomy":"post_tag","embeddable":true,"href":"https:\/\/cuernavaca.gob.mx\/index.php?rest_route=%2Fwp%2Fv2%2Ftags&post=57042"}],"curies":[{"name":"wp","href":"https:\/\/api.w.org\/{rel}","templated":true}]}}