{"id":57052,"date":"2026-03-06T08:30:33","date_gmt":"2026-03-06T14:30:33","guid":{"rendered":"https:\/\/cuernavaca.gob.mx\/?p=57052"},"modified":"2026-03-06T11:30:22","modified_gmt":"2026-03-06T17:30:22","slug":"b987-06-03-26-fortalece-ayuntamiento-de-cuernavaca-politicas-de-ordenamiento-ecologico","status":"publish","type":"post","link":"https:\/\/cuernavaca.gob.mx\/?p=57052","title":{"rendered":"B987 06\/03\/26 FORTALECE AYUNTAMIENTO DE CUERNAVACA POL\u00cdTICAS DE ORDENAMIENTO ECOL\u00d3GICO"},"content":{"rendered":"<p><strong>\u2022 Autoridades, especialistas y sociedad civil analizan acciones para proteger los recursos naturales y orientar el crecimiento sustentable del municipio<\/strong><\/p>\n<p>Con el objetivo de fortalecer la planeaci\u00f3n ambiental y la protecci\u00f3n de los recursos naturales del municipio, el Ayuntamiento de Cuernavaca, a trav\u00e9s de la Secretar\u00eda de Desarrollo Sustentable y Servicios P\u00fablicos (SDSySP), llev\u00f3 a cabo la primera sesi\u00f3n del \u00d3rgano Ejecutivo del Comit\u00e9 de Ordenamiento Ecol\u00f3gico del Territorio (COET), \u00f3rgano encabezado por el presidente municipal Jos\u00e9 Luis Uri\u00f3stegui Salgado.<\/p>\n<p>Durante la sesi\u00f3n se present\u00f3 el Programa de Ordenamiento Ecol\u00f3gico Local (POEL) de Cuernavaca, en el cual se expusieron diversas observaciones relacionadas con la conservaci\u00f3n y protecci\u00f3n de las Unidades de Gesti\u00f3n Ambiental (UGA\u2019s), instrumento clave para orientar el crecimiento del municipio de manera responsable y sustentable.<\/p>\n<p>Asimismo, se dieron a conocer iniciativas enfocadas en la preservaci\u00f3n del patrimonio natural del municipio. Entre ellas, se destac\u00f3 la participaci\u00f3n de Flora Guerrero, presidenta de la asociaci\u00f3n civil Guardianes de los \u00c1rboles, quien comparti\u00f3 acciones orientadas a la conservaci\u00f3n de la Selva Baja Caducifolia, uno de los ecosistemas m\u00e1s representativos de la regi\u00f3n.<\/p>\n<p>En el encuentro, tambi\u00e9n se present\u00f3 la propuesta del calendario de sesiones del COET para 2026, con el prop\u00f3sito de dar continuidad a los trabajos de coordinaci\u00f3n entre autoridades, especialistas y sociedad civil en materia de ordenamiento ecol\u00f3gico.<\/p>\n<p>De igual forma, se inform\u00f3 sobre los avances relacionados con el proceso de modificaci\u00f3n y actualizaci\u00f3n del Programa de Ordenamiento Ecol\u00f3gico del Municipio de Cuernavaca, instrumento que permitir\u00e1 fortalecer la planeaci\u00f3n territorial y la protecci\u00f3n ambiental.<\/p>\n<p>Con estas acciones, el Ayuntamiento de Cuernavaca refrenda su compromiso de impulsar pol\u00edticas p\u00fablicas que promuevan un desarrollo ordenado, sustentable y respetuoso del entorno natural del municipio, en beneficio de las presentes y futuras generaciones.<\/p>\n\n\t\t<style type=\"text\/css\">\n\t\t\t#gallery-1 {\n\t\t\t\tmargin: auto;\n\t\t\t}\n\t\t\t#gallery-1 .gallery-item {\n\t\t\t\tfloat: left;\n\t\t\t\tmargin-top: 10px;\n\t\t\t\ttext-align: center;\n\t\t\t\twidth: 33%;\n\t\t\t}\n\t\t\t#gallery-1 img {\n\t\t\t\tborder: 2px solid #cfcfcf;\n\t\t\t}\n\t\t\t#gallery-1 .gallery-caption {\n\t\t\t\tmargin-left: 0;\n\t\t\t}\n\t\t\t\/* see gallery_shortcode() in wp-includes\/media.php *\/\n\t\t<\/style>\n\t\t<div id='gallery-1' class='gallery galleryid-57052 gallery-columns-3 gallery-size-thumbnail'><dl class='gallery-item'>\n\t\t\t<dt class='gallery-icon landscape'>\n\t\t\t\t<a href='https:\/\/cuernavaca.gob.mx\/?attachment_id=57053'><img width=\"150\" height=\"150\" src=\"https:\/\/cuernavaca.gob.mx\/wp-content\/uploads\/2026\/03\/FORTALECE-AYUNTAMIENTO-DE-CUERNAVACA-POLI\u0301TICAS-DE-ORDENAMIENTO-ECOLO\u0301GICO-1-150x150.jpg\" class=\"attachment-thumbnail size-thumbnail\" alt=\"\" loading=\"lazy\" \/><\/a>\n\t\t\t<\/dt><\/dl><dl class='gallery-item'>\n\t\t\t<dt class='gallery-icon landscape'>\n\t\t\t\t<a href='https:\/\/cuernavaca.gob.mx\/?attachment_id=57054'><img width=\"150\" height=\"150\" src=\"https:\/\/cuernavaca.gob.mx\/wp-content\/uploads\/2026\/03\/FORTALECE-AYUNTAMIENTO-DE-CUERNAVACA-POLI\u0301TICAS-DE-ORDENAMIENTO-ECOLO\u0301GICO-2-150x150.jpg\" class=\"attachment-thumbnail size-thumbnail\" alt=\"\" loading=\"lazy\" \/><\/a>\n\t\t\t<\/dt><\/dl><dl class='gallery-item'>\n\t\t\t<dt class='gallery-icon landscape'>\n\t\t\t\t<a href='https:\/\/cuernavaca.gob.mx\/?attachment_id=57055'><img width=\"150\" height=\"150\" src=\"https:\/\/cuernavaca.gob.mx\/wp-content\/uploads\/2026\/03\/FORTALECE-AYUNTAMIENTO-DE-CUERNAVACA-POLI\u0301TICAS-DE-ORDENAMIENTO-ECOLO\u0301GICO-3-150x150.jpg\" class=\"attachment-thumbnail size-thumbnail\" alt=\"\" loading=\"lazy\" \/><\/a>\n\t\t\t<\/dt><\/dl><br style=\"clear: both\" \/><dl class='gallery-item'>\n\t\t\t<dt class='gallery-icon landscape'>\n\t\t\t\t<a href='https:\/\/cuernavaca.gob.mx\/?attachment_id=57056'><img width=\"150\" height=\"150\" src=\"https:\/\/cuernavaca.gob.mx\/wp-content\/uploads\/2026\/03\/FORTALECE-AYUNTAMIENTO-DE-CUERNAVACA-POLI\u0301TICAS-DE-ORDENAMIENTO-ECOLO\u0301GICO-4-150x150.jpg\" class=\"attachment-thumbnail size-thumbnail\" alt=\"\" loading=\"lazy\" \/><\/a>\n\t\t\t<\/dt><\/dl>\n\t\t\t<br style='clear: both' \/>\n\t\t<\/div>\n\n","protected":false},"excerpt":{"rendered":"<p>\u2022 Autoridades, especialistas y sociedad civil analizan acciones para proteger los recursos naturales y orientar el crecimiento sustentable del municipio Con el objetivo de fortalecer la planeaci\u00f3n ambiental y la protecci\u00f3n de los recursos naturales del municipio, el Ayuntamiento de Cuernavaca, a trav\u00e9s de la Secretar\u00eda de Desarrollo Sustentable y Servicios P\u00fablicos (SDSySP), llev\u00f3 a [&hellip;]<\/p>\n","protected":false},"author":1,"featured_media":57053,"comment_status":"closed","ping_status":"open","sticky":false,"template":"","format":"standard","meta":[],"categories":[2271],"tags":[],"aioseo_notices":[],"_links":{"self":[{"href":"https:\/\/cuernavaca.gob.mx\/index.php?rest_route=\/wp\/v2\/posts\/57052"}],"collection":[{"href":"https:\/\/cuernavaca.gob.mx\/index.php?rest_route=\/wp\/v2\/posts"}],"about":[{"href":"https:\/\/cuernavaca.gob.mx\/index.php?rest_route=\/wp\/v2\/types\/post"}],"author":[{"embeddable":true,"href":"https:\/\/cuernavaca.gob.mx\/index.php?rest_route=\/wp\/v2\/users\/1"}],"replies":[{"embeddable":true,"href":"https:\/\/cuernavaca.gob.mx\/index.php?rest_route=%2Fwp%2Fv2%2Fcomments&post=57052"}],"version-history":[{"count":1,"href":"https:\/\/cuernavaca.gob.mx\/index.php?rest_route=\/wp\/v2\/posts\/57052\/revisions"}],"predecessor-version":[{"id":57057,"href":"https:\/\/cuernavaca.gob.mx\/index.php?rest_route=\/wp\/v2\/posts\/57052\/revisions\/57057"}],"wp:featuredmedia":[{"embeddable":true,"href":"https:\/\/cuernavaca.gob.mx\/index.php?rest_route=\/wp\/v2\/media\/57053"}],"wp:attachment":[{"href":"https:\/\/cuernavaca.gob.mx\/index.php?rest_route=%2Fwp%2Fv2%2Fmedia&parent=57052"}],"wp:term":[{"taxonomy":"category","embeddable":true,"href":"https:\/\/cuernavaca.gob.mx\/index.php?rest_route=%2Fwp%2Fv2%2Fcategories&post=57052"},{"taxonomy":"post_tag","embeddable":true,"href":"https:\/\/cuernavaca.gob.mx\/index.php?rest_route=%2Fwp%2Fv2%2Ftags&post=57052"}],"curies":[{"name":"wp","href":"https:\/\/api.w.org\/{rel}","templated":true}]}}