{"id":57058,"date":"2026-03-06T09:00:22","date_gmt":"2026-03-06T15:00:22","guid":{"rendered":"https:\/\/cuernavaca.gob.mx\/?p=57058"},"modified":"2026-03-06T11:33:06","modified_gmt":"2026-03-06T17:33:06","slug":"b988-06-03-26-autoriza-ayuntamiento-de-cuernavaca-22-nuevas-becas-para-impulsar-talento-local","status":"publish","type":"post","link":"https:\/\/cuernavaca.gob.mx\/?p=57058","title":{"rendered":"B988 06\/03\/26 AUTORIZA AYUNTAMIENTO DE CUERNAVACA 22 NUEVAS BECAS PARA IMPULSAR TALENTO LOCAL"},"content":{"rendered":"<p><strong>\u2022 Se aprobaron 17 becas deportivas y cinco art\u00edsticas que permitir\u00e1n a representantes de la capital morelense competir a nivel nacional e internacional<\/strong><\/p>\n<p>El Ayuntamiento de Cuernavaca, encabezado por el presidente municipal Jos\u00e9 Luis Uri\u00f3stegui Salgado, refrenda su compromiso con el desarrollo del talento local mediante la autorizaci\u00f3n de 22 becas, 17 deportivas y cinco art\u00edsticas, que permitir\u00e1n a ciudadanas y ciudadanos representar a la capital morelense en competencias y encuentros nacionales e internacionales.<\/p>\n<p>En sesi\u00f3n del Consejo para la Evaluaci\u00f3n, Entrega y Seguimiento de Becas del Municipio se aprobaron apoyos para atletas que competir\u00e1n en pa\u00edses como Espa\u00f1a, Estados Unidos, Canad\u00e1, Panam\u00e1 y Cuba. En el rubro cultural, las y los beneficiarios participar\u00e1n en actividades en Italia, Alemania y Bolivia, as\u00ed como en distintos estados de la Rep\u00fablica Mexicana, proyectando el nombre de Cuernavaca en nuevos escenarios.<\/p>\n<p>Al respecto, el alcalde Jos\u00e9 Luis Uri\u00f3stegui Salgado afirm\u00f3 que este respaldo no solo fortalece trayectorias individuales, sino que consolida a la ciudad como semillero de talento y esfuerzo. Como ejemplo, mencion\u00f3 al artista pl\u00e1stico urbano Brandon Bryan Molina Flores, conocido como \u201cWisart\u201d, originario de la colonia Patios de la Estaci\u00f3n, quien representar\u00e1 al municipio en el Festival Cultural \u201cLa Cuadra\u201d, del 7 al 9 de marzo en Aguascalientes.<\/p>\n<p>El edil subray\u00f3 que \u201cWisart\u201d ha construido una carrera destacada con exposiciones en distintos estados y pa\u00edses, adem\u00e1s de haber participado el a\u00f1o pasado en el \u201cFestival Internacional Graffiti Session Vol.1\u201d, que reuni\u00f3 a artistas pl\u00e1sticos de diversas nacionalidades en la colonia Patios de la Estaci\u00f3n, reflejando el impacto positivo del acompa\u00f1amiento institucional a talentos que emergen de contextos vulnerables.<\/p>\n<p>A\u00f1adi\u00f3 que, para multiplicar el alcance social de cada apoyo otorgado, las y los beneficiarios pueden contribuir de manera activa en programas municipales, fortaleciendo actividades en literatura, danza, m\u00fasica y diversas disciplinas atl\u00e9ticas.<\/p>\n<p>La convocatoria para becas deportivas y art\u00edsticas permanecer\u00e1 abierta hasta agotar el recurso asignado para este a\u00f1o. El Ayuntamiento invita a quienes cumplan con los requisitos a participar en esta pol\u00edtica p\u00fablica orientada a impulsar el desarrollo integral y el orgullo por Cuernavaca. Para m\u00e1s informaci\u00f3n deben acceder a la p\u00e1gina oficial del Municipio de Cuernavaca.<\/p>\n\n\t\t<style type=\"text\/css\">\n\t\t\t#gallery-1 {\n\t\t\t\tmargin: auto;\n\t\t\t}\n\t\t\t#gallery-1 .gallery-item {\n\t\t\t\tfloat: left;\n\t\t\t\tmargin-top: 10px;\n\t\t\t\ttext-align: center;\n\t\t\t\twidth: 33%;\n\t\t\t}\n\t\t\t#gallery-1 img {\n\t\t\t\tborder: 2px solid #cfcfcf;\n\t\t\t}\n\t\t\t#gallery-1 .gallery-caption {\n\t\t\t\tmargin-left: 0;\n\t\t\t}\n\t\t\t\/* see gallery_shortcode() in wp-includes\/media.php *\/\n\t\t<\/style>\n\t\t<div id='gallery-1' class='gallery galleryid-57058 gallery-columns-3 gallery-size-thumbnail'><dl class='gallery-item'>\n\t\t\t<dt class='gallery-icon landscape'>\n\t\t\t\t<a href='https:\/\/cuernavaca.gob.mx\/?attachment_id=57059'><img width=\"150\" height=\"150\" src=\"https:\/\/cuernavaca.gob.mx\/wp-content\/uploads\/2026\/03\/AUTORIZA-AYUNTAMIENTO-DE-CUERNAVACA-22-NUEVAS-BECAS-PARA-IMPULSAR-TALENTO-LOCAL-1-150x150.jpg\" class=\"attachment-thumbnail size-thumbnail\" alt=\"\" loading=\"lazy\" \/><\/a>\n\t\t\t<\/dt><\/dl><dl class='gallery-item'>\n\t\t\t<dt class='gallery-icon landscape'>\n\t\t\t\t<a href='https:\/\/cuernavaca.gob.mx\/?attachment_id=57060'><img width=\"150\" height=\"150\" src=\"https:\/\/cuernavaca.gob.mx\/wp-content\/uploads\/2026\/03\/AUTORIZA-AYUNTAMIENTO-DE-CUERNAVACA-22-NUEVAS-BECAS-PARA-IMPULSAR-TALENTO-LOCAL-2-150x150.jpg\" class=\"attachment-thumbnail size-thumbnail\" alt=\"\" loading=\"lazy\" \/><\/a>\n\t\t\t<\/dt><\/dl>\n\t\t\t<br style='clear: both' \/>\n\t\t<\/div>\n\n","protected":false},"excerpt":{"rendered":"<p>\u2022 Se aprobaron 17 becas deportivas y cinco art\u00edsticas que permitir\u00e1n a representantes de la capital morelense competir a nivel nacional e internacional El Ayuntamiento de Cuernavaca, encabezado por el presidente municipal Jos\u00e9 Luis Uri\u00f3stegui Salgado, refrenda su compromiso con el desarrollo del talento local mediante la autorizaci\u00f3n de 22 becas, 17 deportivas y cinco [&hellip;]<\/p>\n","protected":false},"author":1,"featured_media":57060,"comment_status":"closed","ping_status":"open","sticky":false,"template":"","format":"standard","meta":[],"categories":[862],"tags":[],"aioseo_notices":[],"_links":{"self":[{"href":"https:\/\/cuernavaca.gob.mx\/index.php?rest_route=\/wp\/v2\/posts\/57058"}],"collection":[{"href":"https:\/\/cuernavaca.gob.mx\/index.php?rest_route=\/wp\/v2\/posts"}],"about":[{"href":"https:\/\/cuernavaca.gob.mx\/index.php?rest_route=\/wp\/v2\/types\/post"}],"author":[{"embeddable":true,"href":"https:\/\/cuernavaca.gob.mx\/index.php?rest_route=\/wp\/v2\/users\/1"}],"replies":[{"embeddable":true,"href":"https:\/\/cuernavaca.gob.mx\/index.php?rest_route=%2Fwp%2Fv2%2Fcomments&post=57058"}],"version-history":[{"count":1,"href":"https:\/\/cuernavaca.gob.mx\/index.php?rest_route=\/wp\/v2\/posts\/57058\/revisions"}],"predecessor-version":[{"id":57061,"href":"https:\/\/cuernavaca.gob.mx\/index.php?rest_route=\/wp\/v2\/posts\/57058\/revisions\/57061"}],"wp:featuredmedia":[{"embeddable":true,"href":"https:\/\/cuernavaca.gob.mx\/index.php?rest_route=\/wp\/v2\/media\/57060"}],"wp:attachment":[{"href":"https:\/\/cuernavaca.gob.mx\/index.php?rest_route=%2Fwp%2Fv2%2Fmedia&parent=57058"}],"wp:term":[{"taxonomy":"category","embeddable":true,"href":"https:\/\/cuernavaca.gob.mx\/index.php?rest_route=%2Fwp%2Fv2%2Fcategories&post=57058"},{"taxonomy":"post_tag","embeddable":true,"href":"https:\/\/cuernavaca.gob.mx\/index.php?rest_route=%2Fwp%2Fv2%2Ftags&post=57058"}],"curies":[{"name":"wp","href":"https:\/\/api.w.org\/{rel}","templated":true}]}}