{"id":57069,"date":"2026-03-06T15:07:52","date_gmt":"2026-03-06T21:07:52","guid":{"rendered":"https:\/\/cuernavaca.gob.mx\/?p=57069"},"modified":"2026-03-06T15:07:52","modified_gmt":"2026-03-06T21:07:52","slug":"b990-06-03-26-realiza-ayuntamiento-de-cuernavaca-segunda-edicion-del-cabildo-de-mujeres-en-el-marco-del-8-de-marzo","status":"publish","type":"post","link":"https:\/\/cuernavaca.gob.mx\/?p=57069","title":{"rendered":"B990 06\/03\/26 REALIZA AYUNTAMIENTO DE CUERNAVACA SEGUNDA EDICI\u00d3N DEL CABILDO DE MUJERES EN EL MARCO DEL 8 DE MARZO"},"content":{"rendered":"<p><strong>\u2022 12 mujeres de distintas colonias y comunidades presentaron propuestas para fortalecer la construcci\u00f3n de pol\u00edticas p\u00fablicas con perspectiva de g\u00e9nero en el municipio<\/strong><\/p>\n<p>Con propuestas enfocadas en la prevenci\u00f3n de la violencia, la salud mental, la participaci\u00f3n pol\u00edtica, el deporte y la inclusi\u00f3n social, 12 mujeres de distintas colonias y comunidades participaron este viernes en la segunda edici\u00f3n del Cabildo de Mujeres, iniciativa sin precedentes en el estado impulsada por el Ayuntamiento de Cuernavaca en el marco del D\u00eda Internacional de la Mujer.<\/p>\n<p>El ejercicio se llev\u00f3 a cabo en el Museo de la Ciudad de Cuernavaca (MuCiC) y fue organizado por el Instituto de la Mujer de Cuernavaca (IMC), a propuesta de la regidora Erika Lastra Jaimes, con la participaci\u00f3n del Cabildo Constitucional encabezado por el presidente municipal Jos\u00e9 Luis Uri\u00f3stegui Salgado. Durante su intervenci\u00f3n, el alcalde resalt\u00f3 la importancia de abrir y fortalecer espacios de participaci\u00f3n para las mujeres, donde sus voces, experiencias y propuestas contribuyan a la construcci\u00f3n de pol\u00edticas p\u00fablicas que atiendan las realidades del municipio.<\/p>\n<p>En esta jornada, las integrantes del Cabildo de Mujeres, Paula Regina Rodr\u00edguez Enr\u00edquez, Guadalupe Esquivel Hern\u00e1ndez, Perla Roc\u00edo Pedroza V\u00e9lez, Jenny Michelle Salgado Blas, Vanessa Gonz\u00e1lez Zarco, Constantina Quintero Brito, Xitlalli de los \u00c1ngeles Mart\u00ednez Zamudio, Claudibeth Lira Castrej\u00f3n, Ximena G\u00f3mez Far\u00edas Laso, Leticia Arenas Ortega, Claudia Ivette Flores Ju\u00e1rez y Selene Alejandra Vargas Gonz\u00e1lez, presentaron iniciativas que buscan atender problem\u00e1ticas reales que enfrentan las mujeres en la vida cotidiana.<\/p>\n<p>Las propuestas abarcaron temas como la construcci\u00f3n de entornos libres de violencia desde la infancia, el empoderamiento econ\u00f3mico, la salud mental comunitaria, la prevenci\u00f3n de la violencia sexual en adolescentes, el impulso a mujeres ind\u00edgenas artesanas y la inclusi\u00f3n social de mujeres en egreso penitenciario.<\/p>\n<p>Asimismo, se plantearon iniciativas como la implementaci\u00f3n Moto Rosa, de Puntos Violeta en universidades, la creaci\u00f3n de una Red Joven de Prevenci\u00f3n y Autonom\u00eda para Mujeres, programas de deporte por la paz para prevenir violencias, proyectos de atenci\u00f3n psicol\u00f3gica para hijas e hijos de mujeres que viven situaciones de violencia, as\u00ed como la incorporaci\u00f3n de un protocolo municipal de atenci\u00f3n a la violencia vicaria.<\/p>\n<p>El alcalde Jos\u00e9 Luis Uri\u00f3stegui Salgado record\u00f3 que, tras la primera edici\u00f3n de este ejercicio, se conform\u00f3 el Consejo T\u00e9cnico de Seguimiento del Cabildo de las Mujeres, integrado por especialistas y por el IMC, liderado por Lorena Castillo Castillo, el cual ha dado continuidad a los planteamientos presentados en 2025, logrando avances concretos. En este sentido, se\u00f1al\u00f3 que las propuestas presentadas en esta ocasi\u00f3n tambi\u00e9n ser\u00e1n analizadas y retomadas en futuras sesiones del Cabildo para su aplicaci\u00f3n en el municipio.<\/p>\n<p>Cada una de las iniciativas fue respaldada por el Cabildo Constitucional de Cuernavaca, estando presentes en la sesi\u00f3n la s\u00edndica Paula Trade Hidalgo; las regidoras Arnett Jim\u00e9nez Gaspar, El\u00eda Ortiz Garc\u00eda, Erika Lastra Jaimes, Miriam Barajas Basilio y Paz Hern\u00e1ndez Pardo, as\u00ed como los regidores Sergio Bar\u00f3n Pulido, Alfredo Gonz\u00e1lez S\u00e1nchez, Gabriel Rivas R\u00edos, Salvador Aguilar Rea y Alan Moreno Dom\u00ednguez.<\/p>\n<p>Con el Cabildo de Mujeres 2026, el Ayuntamiento de Cuernavaca reafirma su compromiso de impulsar espacios de participaci\u00f3n ciudadana que permitan a las mujeres incidir en las decisiones p\u00fablicas, fortaleciendo pol\u00edticas y acciones orientadas a construir una ciudad m\u00e1s segura, incluyente y con mayores oportunidades para todas y todos.<\/p>\n\n\t\t<style type=\"text\/css\">\n\t\t\t#gallery-1 {\n\t\t\t\tmargin: auto;\n\t\t\t}\n\t\t\t#gallery-1 .gallery-item {\n\t\t\t\tfloat: left;\n\t\t\t\tmargin-top: 10px;\n\t\t\t\ttext-align: center;\n\t\t\t\twidth: 33%;\n\t\t\t}\n\t\t\t#gallery-1 img {\n\t\t\t\tborder: 2px solid #cfcfcf;\n\t\t\t}\n\t\t\t#gallery-1 .gallery-caption {\n\t\t\t\tmargin-left: 0;\n\t\t\t}\n\t\t\t\/* see gallery_shortcode() in wp-includes\/media.php *\/\n\t\t<\/style>\n\t\t<div id='gallery-1' class='gallery galleryid-57069 gallery-columns-3 gallery-size-thumbnail'><dl class='gallery-item'>\n\t\t\t<dt class='gallery-icon landscape'>\n\t\t\t\t<a href='https:\/\/cuernavaca.gob.mx\/?attachment_id=57070'><img width=\"150\" height=\"150\" src=\"https:\/\/cuernavaca.gob.mx\/wp-content\/uploads\/2026\/03\/REALIZA-AYUNTAMIENTO-DE-CUERNAVACA-SEGUNDA-EDICIO\u0301N-DEL-CABILDO-DE-MUJERES-EN-EL-MARCO-DEL-8-DE-MARZO-1-150x150.jpg\" class=\"attachment-thumbnail size-thumbnail\" alt=\"\" loading=\"lazy\" \/><\/a>\n\t\t\t<\/dt><\/dl><dl class='gallery-item'>\n\t\t\t<dt class='gallery-icon landscape'>\n\t\t\t\t<a href='https:\/\/cuernavaca.gob.mx\/?attachment_id=57071'><img width=\"150\" height=\"150\" src=\"https:\/\/cuernavaca.gob.mx\/wp-content\/uploads\/2026\/03\/REALIZA-AYUNTAMIENTO-DE-CUERNAVACA-SEGUNDA-EDICIO\u0301N-DEL-CABILDO-DE-MUJERES-EN-EL-MARCO-DEL-8-DE-MARZO-2-150x150.jpg\" class=\"attachment-thumbnail size-thumbnail\" alt=\"\" loading=\"lazy\" \/><\/a>\n\t\t\t<\/dt><\/dl><dl class='gallery-item'>\n\t\t\t<dt class='gallery-icon landscape'>\n\t\t\t\t<a href='https:\/\/cuernavaca.gob.mx\/?attachment_id=57072'><img width=\"150\" height=\"150\" src=\"https:\/\/cuernavaca.gob.mx\/wp-content\/uploads\/2026\/03\/REALIZA-AYUNTAMIENTO-DE-CUERNAVACA-SEGUNDA-EDICIO\u0301N-DEL-CABILDO-DE-MUJERES-EN-EL-MARCO-DEL-8-DE-MARZO-3-150x150.jpg\" class=\"attachment-thumbnail size-thumbnail\" alt=\"\" loading=\"lazy\" \/><\/a>\n\t\t\t<\/dt><\/dl><br style=\"clear: both\" \/><dl class='gallery-item'>\n\t\t\t<dt class='gallery-icon landscape'>\n\t\t\t\t<a href='https:\/\/cuernavaca.gob.mx\/?attachment_id=57073'><img width=\"150\" height=\"150\" src=\"https:\/\/cuernavaca.gob.mx\/wp-content\/uploads\/2026\/03\/REALIZA-AYUNTAMIENTO-DE-CUERNAVACA-SEGUNDA-EDICIO\u0301N-DEL-CABILDO-DE-MUJERES-EN-EL-MARCO-DEL-8-DE-MARZO-4-150x150.jpg\" class=\"attachment-thumbnail size-thumbnail\" alt=\"\" loading=\"lazy\" \/><\/a>\n\t\t\t<\/dt><\/dl><dl class='gallery-item'>\n\t\t\t<dt class='gallery-icon landscape'>\n\t\t\t\t<a href='https:\/\/cuernavaca.gob.mx\/?attachment_id=57074'><img width=\"150\" height=\"150\" src=\"https:\/\/cuernavaca.gob.mx\/wp-content\/uploads\/2026\/03\/REALIZA-AYUNTAMIENTO-DE-CUERNAVACA-SEGUNDA-EDICIO\u0301N-DEL-CABILDO-DE-MUJERES-EN-EL-MARCO-DEL-8-DE-MARZO-5-150x150.jpg\" class=\"attachment-thumbnail size-thumbnail\" alt=\"\" loading=\"lazy\" \/><\/a>\n\t\t\t<\/dt><\/dl><dl class='gallery-item'>\n\t\t\t<dt class='gallery-icon landscape'>\n\t\t\t\t<a href='https:\/\/cuernavaca.gob.mx\/?attachment_id=57075'><img width=\"150\" height=\"150\" src=\"https:\/\/cuernavaca.gob.mx\/wp-content\/uploads\/2026\/03\/REALIZA-AYUNTAMIENTO-DE-CUERNAVACA-SEGUNDA-EDICIO\u0301N-DEL-CABILDO-DE-MUJERES-EN-EL-MARCO-DEL-8-DE-MARZO-6-150x150.jpg\" class=\"attachment-thumbnail size-thumbnail\" alt=\"\" loading=\"lazy\" \/><\/a>\n\t\t\t<\/dt><\/dl><br style=\"clear: both\" \/><dl class='gallery-item'>\n\t\t\t<dt class='gallery-icon landscape'>\n\t\t\t\t<a href='https:\/\/cuernavaca.gob.mx\/?attachment_id=57076'><img width=\"150\" height=\"150\" src=\"https:\/\/cuernavaca.gob.mx\/wp-content\/uploads\/2026\/03\/REALIZA-AYUNTAMIENTO-DE-CUERNAVACA-SEGUNDA-EDICIO\u0301N-DEL-CABILDO-DE-MUJERES-EN-EL-MARCO-DEL-8-DE-MARZO-7-150x150.jpg\" class=\"attachment-thumbnail size-thumbnail\" alt=\"\" loading=\"lazy\" \/><\/a>\n\t\t\t<\/dt><\/dl><dl class='gallery-item'>\n\t\t\t<dt class='gallery-icon landscape'>\n\t\t\t\t<a href='https:\/\/cuernavaca.gob.mx\/?attachment_id=57077'><img width=\"150\" height=\"150\" src=\"https:\/\/cuernavaca.gob.mx\/wp-content\/uploads\/2026\/03\/REALIZA-AYUNTAMIENTO-DE-CUERNAVACA-SEGUNDA-EDICIO\u0301N-DEL-CABILDO-DE-MUJERES-EN-EL-MARCO-DEL-8-DE-MARZO-8-150x150.jpg\" class=\"attachment-thumbnail size-thumbnail\" alt=\"\" loading=\"lazy\" \/><\/a>\n\t\t\t<\/dt><\/dl><dl class='gallery-item'>\n\t\t\t<dt class='gallery-icon landscape'>\n\t\t\t\t<a href='https:\/\/cuernavaca.gob.mx\/?attachment_id=57078'><img width=\"150\" height=\"150\" src=\"https:\/\/cuernavaca.gob.mx\/wp-content\/uploads\/2026\/03\/REALIZA-AYUNTAMIENTO-DE-CUERNAVACA-SEGUNDA-EDICIO\u0301N-DEL-CABILDO-DE-MUJERES-EN-EL-MARCO-DEL-8-DE-MARZO-9-150x150.jpg\" class=\"attachment-thumbnail size-thumbnail\" alt=\"\" loading=\"lazy\" \/><\/a>\n\t\t\t<\/dt><\/dl><br style=\"clear: both\" \/><dl class='gallery-item'>\n\t\t\t<dt class='gallery-icon landscape'>\n\t\t\t\t<a href='https:\/\/cuernavaca.gob.mx\/?attachment_id=57079'><img width=\"150\" height=\"150\" src=\"https:\/\/cuernavaca.gob.mx\/wp-content\/uploads\/2026\/03\/REALIZA-AYUNTAMIENTO-DE-CUERNAVACA-SEGUNDA-EDICIO\u0301N-DEL-CABILDO-DE-MUJERES-EN-EL-MARCO-DEL-8-DE-MARZO-10-150x150.jpg\" class=\"attachment-thumbnail size-thumbnail\" alt=\"\" loading=\"lazy\" \/><\/a>\n\t\t\t<\/dt><\/dl><dl class='gallery-item'>\n\t\t\t<dt class='gallery-icon landscape'>\n\t\t\t\t<a href='https:\/\/cuernavaca.gob.mx\/?attachment_id=57080'><img width=\"150\" height=\"150\" src=\"https:\/\/cuernavaca.gob.mx\/wp-content\/uploads\/2026\/03\/REALIZA-AYUNTAMIENTO-DE-CUERNAVACA-SEGUNDA-EDICIO\u0301N-DEL-CABILDO-DE-MUJERES-EN-EL-MARCO-DEL-8-DE-MARZO-11-150x150.jpg\" class=\"attachment-thumbnail size-thumbnail\" alt=\"\" loading=\"lazy\" \/><\/a>\n\t\t\t<\/dt><\/dl><dl class='gallery-item'>\n\t\t\t<dt class='gallery-icon landscape'>\n\t\t\t\t<a href='https:\/\/cuernavaca.gob.mx\/?attachment_id=57081'><img width=\"150\" height=\"150\" src=\"https:\/\/cuernavaca.gob.mx\/wp-content\/uploads\/2026\/03\/REALIZA-AYUNTAMIENTO-DE-CUERNAVACA-SEGUNDA-EDICIO\u0301N-DEL-CABILDO-DE-MUJERES-EN-EL-MARCO-DEL-8-DE-MARZO-13-150x150.jpg\" class=\"attachment-thumbnail size-thumbnail\" alt=\"\" loading=\"lazy\" \/><\/a>\n\t\t\t<\/dt><\/dl><br style=\"clear: both\" \/><dl class='gallery-item'>\n\t\t\t<dt class='gallery-icon landscape'>\n\t\t\t\t<a href='https:\/\/cuernavaca.gob.mx\/?attachment_id=57082'><img width=\"150\" height=\"150\" src=\"https:\/\/cuernavaca.gob.mx\/wp-content\/uploads\/2026\/03\/REALIZA-AYUNTAMIENTO-DE-CUERNAVACA-SEGUNDA-EDICIO\u0301N-DEL-CABILDO-DE-MUJERES-EN-EL-MARCO-DEL-8-DE-MARZO-14-150x150.jpg\" class=\"attachment-thumbnail size-thumbnail\" alt=\"\" loading=\"lazy\" \/><\/a>\n\t\t\t<\/dt><\/dl><dl class='gallery-item'>\n\t\t\t<dt class='gallery-icon landscape'>\n\t\t\t\t<a href='https:\/\/cuernavaca.gob.mx\/?attachment_id=57083'><img width=\"150\" height=\"150\" src=\"https:\/\/cuernavaca.gob.mx\/wp-content\/uploads\/2026\/03\/REALIZA-AYUNTAMIENTO-DE-CUERNAVACA-SEGUNDA-EDICIO\u0301N-DEL-CABILDO-DE-MUJERES-EN-EL-MARCO-DEL-8-DE-MARZO-150x150.jpg\" class=\"attachment-thumbnail size-thumbnail\" alt=\"\" loading=\"lazy\" \/><\/a>\n\t\t\t<\/dt><\/dl>\n\t\t\t<br style='clear: both' \/>\n\t\t<\/div>\n\n","protected":false},"excerpt":{"rendered":"<p>\u2022 12 mujeres de distintas colonias y comunidades presentaron propuestas para fortalecer la construcci\u00f3n de pol\u00edticas p\u00fablicas con perspectiva de g\u00e9nero en el municipio Con propuestas enfocadas en la prevenci\u00f3n de la violencia, la salud mental, la participaci\u00f3n pol\u00edtica, el deporte y la inclusi\u00f3n social, 12 mujeres de distintas colonias y comunidades participaron este viernes [&hellip;]<\/p>\n","protected":false},"author":1,"featured_media":57072,"comment_status":"closed","ping_status":"open","sticky":false,"template":"","format":"standard","meta":[],"categories":[3047],"tags":[],"aioseo_notices":[],"_links":{"self":[{"href":"https:\/\/cuernavaca.gob.mx\/index.php?rest_route=\/wp\/v2\/posts\/57069"}],"collection":[{"href":"https:\/\/cuernavaca.gob.mx\/index.php?rest_route=\/wp\/v2\/posts"}],"about":[{"href":"https:\/\/cuernavaca.gob.mx\/index.php?rest_route=\/wp\/v2\/types\/post"}],"author":[{"embeddable":true,"href":"https:\/\/cuernavaca.gob.mx\/index.php?rest_route=\/wp\/v2\/users\/1"}],"replies":[{"embeddable":true,"href":"https:\/\/cuernavaca.gob.mx\/index.php?rest_route=%2Fwp%2Fv2%2Fcomments&post=57069"}],"version-history":[{"count":1,"href":"https:\/\/cuernavaca.gob.mx\/index.php?rest_route=\/wp\/v2\/posts\/57069\/revisions"}],"predecessor-version":[{"id":57084,"href":"https:\/\/cuernavaca.gob.mx\/index.php?rest_route=\/wp\/v2\/posts\/57069\/revisions\/57084"}],"wp:featuredmedia":[{"embeddable":true,"href":"https:\/\/cuernavaca.gob.mx\/index.php?rest_route=\/wp\/v2\/media\/57072"}],"wp:attachment":[{"href":"https:\/\/cuernavaca.gob.mx\/index.php?rest_route=%2Fwp%2Fv2%2Fmedia&parent=57069"}],"wp:term":[{"taxonomy":"category","embeddable":true,"href":"https:\/\/cuernavaca.gob.mx\/index.php?rest_route=%2Fwp%2Fv2%2Fcategories&post=57069"},{"taxonomy":"post_tag","embeddable":true,"href":"https:\/\/cuernavaca.gob.mx\/index.php?rest_route=%2Fwp%2Fv2%2Ftags&post=57069"}],"curies":[{"name":"wp","href":"https:\/\/api.w.org\/{rel}","templated":true}]}}