{"id":57086,"date":"2026-03-07T10:00:47","date_gmt":"2026-03-07T16:00:47","guid":{"rendered":"https:\/\/cuernavaca.gob.mx\/?p=57086"},"modified":"2026-03-08T10:56:54","modified_gmt":"2026-03-08T16:56:54","slug":"b991-07-03-26-cuernavaca-sede-del-selectivo-estatal-de-skateboarding-rumbo-al-clasificatorio-conade-2026","status":"publish","type":"post","link":"https:\/\/cuernavaca.gob.mx\/?p=57086","title":{"rendered":"B991 07\/03\/26 CUERNAVACA, SEDE DEL SELECTIVO ESTATAL DE SKATEBOARDING RUMBO AL CLASIFICATORIO CONADE 2026"},"content":{"rendered":"<p><strong>* La jornada reuni\u00f3 a patinadores locales, proyectando su talento hacia competencias de nivel nacional y fortaleciendo el impulso al deporte urbano en la capital<\/strong><\/p>\n<p>Como parte de las acciones orientadas a promover el deporte y generar oportunidades para la juventud, el Ayuntamiento de Cuernavaca, a trav\u00e9s de la Secretar\u00eda de Desarrollo Humano y Participaci\u00f3n Social (SDHyPS) y el Instituto del Deporte de Cuernavaca (INDEC), llev\u00f3 a cabo el Selectivo Estatal de Skateboarding en el Parque San Ant\u00f3n.<\/p>\n<p>La actividad se realiz\u00f3 en coordinaci\u00f3n con el Instituto del Deporte y Cultura F\u00edsica del Estado de Morelos (INDEM) y la Asociaci\u00f3n Morelense de Patinaje Sobre Ruedas, instancia responsable del aval t\u00e9cnico del proceso selectivo. Durante la jornada se evalu\u00f3 el desempe\u00f1o de las y los participantes para definir a quienes representar\u00e1n a Morelos en el pr\u00f3ximo clasificatorio rumbo a los Juegos Nacionales de la Comisi\u00f3n Nacional de Cultura F\u00edsica y Deporte (CONADE).<\/p>\n<p>Las y los competidores demostraron talento, disciplina y un alto nivel t\u00e9cnico, consolidando el crecimiento del skateboarding como una disciplina que impulsa el desarrollo f\u00edsico, fortalece valores como la constancia y el respeto, y promueve la sana convivencia entre juventudes.<\/p>\n<p>La titular del Instituto del Deporte de Cuernavaca, Eneyda Paloma Mart\u00ednez Bahena, destac\u00f3 que el Gobierno Municipal continuar\u00e1 impulsando espacios seguros y adecuados para que ni\u00f1as, ni\u00f1os y j\u00f3venes desarrollen su talento deportivo, reconociendo al skateboarding como una disciplina urbana que fomenta la actividad f\u00edsica y la formaci\u00f3n integral.<\/p>\n<p>Asimismo, subray\u00f3 la importancia del trabajo coordinado entre asociaciones deportivas y autoridades municipales y estatales para ampliar las oportunidades de proyecci\u00f3n de las y los atletas locales en escenarios estatales y nacionales.<\/p>\n<p>&#8220;Cuernavaca tiene talento y disciplina. Nuestro compromiso es acompa\u00f1ar a las y los j\u00f3venes en su camino hacia competencias estatales y nacionales, generando condiciones que les permitan alcanzar sus metas\u201d, se\u00f1al\u00f3 la titular del INDEC.<\/p>\n<p>Los clasificados en la categor\u00eda de 10 a 13 a\u00f1os fueron Alexander Casarrubias Mor\u00e1n, Manuel Heriberto R\u00edos Ortega y Christian Mateo Flores Flores; mientras que en la divisi\u00f3n de 14 a 17 a\u00f1os avanzaron Brian Ulises Gonz\u00e1lez Hern\u00e1ndez, Brandon Gonz\u00e1lez Hern\u00e1ndez, Rub\u00e9n S\u00e1nchez Garc\u00eda y Fabio Karim Menes Moyorido. Estos j\u00f3venes atletas buscar\u00e1n su lugar en el clasificatorio de la Olimpiada Nacional que se celebrar\u00e1 en Guadalajara, Jalisco.<\/p>\n<p>El Ayuntamiento de Cuernavaca refrenda su compromiso con el impulso al deporte como herramienta de transformaci\u00f3n social, promoviendo el desarrollo integral de ni\u00f1as, ni\u00f1os y adolescentes del municipio.<\/p>\n\n\t\t<style type=\"text\/css\">\n\t\t\t#gallery-1 {\n\t\t\t\tmargin: auto;\n\t\t\t}\n\t\t\t#gallery-1 .gallery-item {\n\t\t\t\tfloat: left;\n\t\t\t\tmargin-top: 10px;\n\t\t\t\ttext-align: center;\n\t\t\t\twidth: 33%;\n\t\t\t}\n\t\t\t#gallery-1 img {\n\t\t\t\tborder: 2px solid #cfcfcf;\n\t\t\t}\n\t\t\t#gallery-1 .gallery-caption {\n\t\t\t\tmargin-left: 0;\n\t\t\t}\n\t\t\t\/* see gallery_shortcode() in wp-includes\/media.php *\/\n\t\t<\/style>\n\t\t<div id='gallery-1' class='gallery galleryid-57086 gallery-columns-3 gallery-size-thumbnail'><dl class='gallery-item'>\n\t\t\t<dt class='gallery-icon landscape'>\n\t\t\t\t<a href='https:\/\/cuernavaca.gob.mx\/?attachment_id=57087'><img width=\"150\" height=\"150\" src=\"https:\/\/cuernavaca.gob.mx\/wp-content\/uploads\/2026\/03\/CUERNAVACA-SEDE-DEL-SELECTIVO-ESTATAL-DE-SKATEBOARDING-RUMBO-AL-CLASIFICATORIO-CONADE-2026-1-150x150.jpg\" class=\"attachment-thumbnail size-thumbnail\" alt=\"\" loading=\"lazy\" \/><\/a>\n\t\t\t<\/dt><\/dl><dl class='gallery-item'>\n\t\t\t<dt class='gallery-icon landscape'>\n\t\t\t\t<a href='https:\/\/cuernavaca.gob.mx\/?attachment_id=57088'><img width=\"150\" height=\"150\" src=\"https:\/\/cuernavaca.gob.mx\/wp-content\/uploads\/2026\/03\/CUERNAVACA-SEDE-DEL-SELECTIVO-ESTATAL-DE-SKATEBOARDING-RUMBO-AL-CLASIFICATORIO-CONADE-2026-2-150x150.jpg\" class=\"attachment-thumbnail size-thumbnail\" alt=\"\" loading=\"lazy\" \/><\/a>\n\t\t\t<\/dt><\/dl><dl class='gallery-item'>\n\t\t\t<dt class='gallery-icon portrait'>\n\t\t\t\t<a href='https:\/\/cuernavaca.gob.mx\/?attachment_id=57089'><img width=\"150\" height=\"150\" src=\"https:\/\/cuernavaca.gob.mx\/wp-content\/uploads\/2026\/03\/CUERNAVACA-SEDE-DEL-SELECTIVO-ESTATAL-DE-SKATEBOARDING-RUMBO-AL-CLASIFICATORIO-CONADE-2026-3-150x150.jpg\" class=\"attachment-thumbnail size-thumbnail\" alt=\"\" loading=\"lazy\" \/><\/a>\n\t\t\t<\/dt><\/dl><br style=\"clear: both\" \/><dl class='gallery-item'>\n\t\t\t<dt class='gallery-icon landscape'>\n\t\t\t\t<a href='https:\/\/cuernavaca.gob.mx\/?attachment_id=57090'><img width=\"150\" height=\"150\" src=\"https:\/\/cuernavaca.gob.mx\/wp-content\/uploads\/2026\/03\/CUERNAVACA-SEDE-DEL-SELECTIVO-ESTATAL-DE-SKATEBOARDING-RUMBO-AL-CLASIFICATORIO-CONADE-2026-4-150x150.jpg\" class=\"attachment-thumbnail size-thumbnail\" alt=\"\" loading=\"lazy\" \/><\/a>\n\t\t\t<\/dt><\/dl>\n\t\t\t<br style='clear: both' \/>\n\t\t<\/div>\n\n","protected":false},"excerpt":{"rendered":"<p>* La jornada reuni\u00f3 a patinadores locales, proyectando su talento hacia competencias de nivel nacional y fortaleciendo el impulso al deporte urbano en la capital Como parte de las acciones orientadas a promover el deporte y generar oportunidades para la juventud, el Ayuntamiento de Cuernavaca, a trav\u00e9s de la Secretar\u00eda de Desarrollo Humano y Participaci\u00f3n [&hellip;]<\/p>\n","protected":false},"author":1,"featured_media":57090,"comment_status":"closed","ping_status":"open","sticky":false,"template":"","format":"standard","meta":[],"categories":[1],"tags":[],"aioseo_notices":[],"_links":{"self":[{"href":"https:\/\/cuernavaca.gob.mx\/index.php?rest_route=\/wp\/v2\/posts\/57086"}],"collection":[{"href":"https:\/\/cuernavaca.gob.mx\/index.php?rest_route=\/wp\/v2\/posts"}],"about":[{"href":"https:\/\/cuernavaca.gob.mx\/index.php?rest_route=\/wp\/v2\/types\/post"}],"author":[{"embeddable":true,"href":"https:\/\/cuernavaca.gob.mx\/index.php?rest_route=\/wp\/v2\/users\/1"}],"replies":[{"embeddable":true,"href":"https:\/\/cuernavaca.gob.mx\/index.php?rest_route=%2Fwp%2Fv2%2Fcomments&post=57086"}],"version-history":[{"count":1,"href":"https:\/\/cuernavaca.gob.mx\/index.php?rest_route=\/wp\/v2\/posts\/57086\/revisions"}],"predecessor-version":[{"id":57091,"href":"https:\/\/cuernavaca.gob.mx\/index.php?rest_route=\/wp\/v2\/posts\/57086\/revisions\/57091"}],"wp:featuredmedia":[{"embeddable":true,"href":"https:\/\/cuernavaca.gob.mx\/index.php?rest_route=\/wp\/v2\/media\/57090"}],"wp:attachment":[{"href":"https:\/\/cuernavaca.gob.mx\/index.php?rest_route=%2Fwp%2Fv2%2Fmedia&parent=57086"}],"wp:term":[{"taxonomy":"category","embeddable":true,"href":"https:\/\/cuernavaca.gob.mx\/index.php?rest_route=%2Fwp%2Fv2%2Fcategories&post=57086"},{"taxonomy":"post_tag","embeddable":true,"href":"https:\/\/cuernavaca.gob.mx\/index.php?rest_route=%2Fwp%2Fv2%2Ftags&post=57086"}],"curies":[{"name":"wp","href":"https:\/\/api.w.org\/{rel}","templated":true}]}}