{"id":57092,"date":"2026-03-07T10:35:31","date_gmt":"2026-03-07T16:35:31","guid":{"rendered":"https:\/\/cuernavaca.gob.mx\/?p=57092"},"modified":"2026-03-08T11:01:25","modified_gmt":"2026-03-08T17:01:25","slug":"f183-07-03-26-100-anos-dejando-huella-cuernavaca-celebra-el-legado-del-movimiento-scout-en-morelos","status":"publish","type":"post","link":"https:\/\/cuernavaca.gob.mx\/?p=57092","title":{"rendered":"F183 07\/03\/26 &#8220;100 A\u00d1OS DEJANDO HUELLA&#8221;: CUERNAVACA CELEBRA EL LEGADO DEL MOVIMIENTO SCOUT EN MORELOS"},"content":{"rendered":"<p>En el marco de la celebraci\u00f3n de un siglo de historia en Morelos, el Ayuntamiento de Cuernavaca, a trav\u00e9s de la Secretar\u00eda de Desarrollo Humano y Participaci\u00f3n Social (SDHyPS) y el Instituto de Cultura de Cuernavaca, llev\u00f3 a cabo la exposici\u00f3n &#8220;100 a\u00f1os dejando huella&#8221;, una muestra que conmemora el legado, los valores y la trayectoria de la Asociaci\u00f3n de Scouts de M\u00e9xico A.C., Provincia Morelos, y su contribuci\u00f3n a la formaci\u00f3n de generaciones comprometidas con el servicio y la comunidad.<\/p>\n<p>Decenas de familias, integrantes activos, antiguos scouts y ciudadan\u00eda en general se dieron cita para recorrer esta exposici\u00f3n, que re\u00fane fotograf\u00edas destacadas, timbres conmemorativos, uniformes, insignias y objetos que narran la evoluci\u00f3n de un siglo de formaci\u00f3n y servicio del escultismo, as\u00ed como su trayectoria hist\u00f3rica en el estado.<\/p>\n<p>En Cuernavaca, los scouts han sido parte activa de iniciativas ambientales, jornadas comunitarias y acciones de protecci\u00f3n civil, as\u00ed como de programas de formaci\u00f3n c\u00edvica, promoviendo valores como la solidaridad, la responsabilidad, el respeto por la naturaleza y el liderazgo juvenil. Esto ha fortalecido significativamente el tejido social del municipio, a trav\u00e9s del aprendizaje vivencial y el trabajo en equipo entre la juventud cuernavacense.<\/p>\n<p>Esta exposici\u00f3n no solo recupera la memoria de un siglo de escultismo en Morelos, sino que tambi\u00e9n invita a la ciudadan\u00eda a reconocer la trascendencia de sus s\u00edmbolos, tradiciones e historias en la construcci\u00f3n de identidad y comunidad. Con iniciativas como esta, el Ayuntamiento de Cuernavaca reafirma su compromiso con la preservaci\u00f3n de la memoria hist\u00f3rica y con el impulso a organizaciones que contribuyen a la formaci\u00f3n integral de ni\u00f1as, ni\u00f1os y j\u00f3venes.<\/p>\n\n\t\t<style type=\"text\/css\">\n\t\t\t#gallery-1 {\n\t\t\t\tmargin: auto;\n\t\t\t}\n\t\t\t#gallery-1 .gallery-item {\n\t\t\t\tfloat: left;\n\t\t\t\tmargin-top: 10px;\n\t\t\t\ttext-align: center;\n\t\t\t\twidth: 33%;\n\t\t\t}\n\t\t\t#gallery-1 img {\n\t\t\t\tborder: 2px solid #cfcfcf;\n\t\t\t}\n\t\t\t#gallery-1 .gallery-caption {\n\t\t\t\tmargin-left: 0;\n\t\t\t}\n\t\t\t\/* see gallery_shortcode() in wp-includes\/media.php *\/\n\t\t<\/style>\n\t\t<div id='gallery-1' class='gallery galleryid-57092 gallery-columns-3 gallery-size-thumbnail'><dl class='gallery-item'>\n\t\t\t<dt class='gallery-icon portrait'>\n\t\t\t\t<a href='https:\/\/cuernavaca.gob.mx\/?attachment_id=57093'><img width=\"150\" height=\"150\" src=\"https:\/\/cuernavaca.gob.mx\/wp-content\/uploads\/2026\/03\/CUERNAVACA-CELEBRA-EL-LEGADO-DEL-MOVIMIENTO-SCOUT-EN-MORELOS-1-150x150.jpg\" class=\"attachment-thumbnail size-thumbnail\" alt=\"\" loading=\"lazy\" \/><\/a>\n\t\t\t<\/dt><\/dl><dl class='gallery-item'>\n\t\t\t<dt class='gallery-icon landscape'>\n\t\t\t\t<a href='https:\/\/cuernavaca.gob.mx\/?attachment_id=57094'><img width=\"150\" height=\"150\" src=\"https:\/\/cuernavaca.gob.mx\/wp-content\/uploads\/2026\/03\/CUERNAVACA-CELEBRA-EL-LEGADO-DEL-MOVIMIENTO-SCOUT-EN-MORELOS-2-150x150.jpg\" class=\"attachment-thumbnail size-thumbnail\" alt=\"\" loading=\"lazy\" \/><\/a>\n\t\t\t<\/dt><\/dl><dl class='gallery-item'>\n\t\t\t<dt class='gallery-icon portrait'>\n\t\t\t\t<a href='https:\/\/cuernavaca.gob.mx\/?attachment_id=57095'><img width=\"150\" height=\"150\" src=\"https:\/\/cuernavaca.gob.mx\/wp-content\/uploads\/2026\/03\/CUERNAVACA-CELEBRA-EL-LEGADO-DEL-MOVIMIENTO-SCOUT-EN-MORELOS-3-150x150.jpg\" class=\"attachment-thumbnail size-thumbnail\" alt=\"\" loading=\"lazy\" \/><\/a>\n\t\t\t<\/dt><\/dl><br style=\"clear: both\" \/><dl class='gallery-item'>\n\t\t\t<dt class='gallery-icon landscape'>\n\t\t\t\t<a href='https:\/\/cuernavaca.gob.mx\/?attachment_id=57096'><img width=\"150\" height=\"150\" src=\"https:\/\/cuernavaca.gob.mx\/wp-content\/uploads\/2026\/03\/CUERNAVACA-CELEBRA-EL-LEGADO-DEL-MOVIMIENTO-SCOUT-EN-MORELOS-4-150x150.jpg\" class=\"attachment-thumbnail size-thumbnail\" alt=\"\" loading=\"lazy\" \/><\/a>\n\t\t\t<\/dt><\/dl>\n\t\t\t<br style='clear: both' \/>\n\t\t<\/div>\n\n","protected":false},"excerpt":{"rendered":"<p>En el marco de la celebraci\u00f3n de un siglo de historia en Morelos, el Ayuntamiento de Cuernavaca, a trav\u00e9s de la Secretar\u00eda de Desarrollo Humano y Participaci\u00f3n Social (SDHyPS) y el Instituto de Cultura de Cuernavaca, llev\u00f3 a cabo la exposici\u00f3n &#8220;100 a\u00f1os dejando huella&#8221;, una muestra que conmemora el legado, los valores y la [&hellip;]<\/p>\n","protected":false},"author":1,"featured_media":57096,"comment_status":"closed","ping_status":"open","sticky":false,"template":"","format":"standard","meta":[],"categories":[3090],"tags":[],"aioseo_notices":[],"_links":{"self":[{"href":"https:\/\/cuernavaca.gob.mx\/index.php?rest_route=\/wp\/v2\/posts\/57092"}],"collection":[{"href":"https:\/\/cuernavaca.gob.mx\/index.php?rest_route=\/wp\/v2\/posts"}],"about":[{"href":"https:\/\/cuernavaca.gob.mx\/index.php?rest_route=\/wp\/v2\/types\/post"}],"author":[{"embeddable":true,"href":"https:\/\/cuernavaca.gob.mx\/index.php?rest_route=\/wp\/v2\/users\/1"}],"replies":[{"embeddable":true,"href":"https:\/\/cuernavaca.gob.mx\/index.php?rest_route=%2Fwp%2Fv2%2Fcomments&post=57092"}],"version-history":[{"count":1,"href":"https:\/\/cuernavaca.gob.mx\/index.php?rest_route=\/wp\/v2\/posts\/57092\/revisions"}],"predecessor-version":[{"id":57097,"href":"https:\/\/cuernavaca.gob.mx\/index.php?rest_route=\/wp\/v2\/posts\/57092\/revisions\/57097"}],"wp:featuredmedia":[{"embeddable":true,"href":"https:\/\/cuernavaca.gob.mx\/index.php?rest_route=\/wp\/v2\/media\/57096"}],"wp:attachment":[{"href":"https:\/\/cuernavaca.gob.mx\/index.php?rest_route=%2Fwp%2Fv2%2Fmedia&parent=57092"}],"wp:term":[{"taxonomy":"category","embeddable":true,"href":"https:\/\/cuernavaca.gob.mx\/index.php?rest_route=%2Fwp%2Fv2%2Fcategories&post=57092"},{"taxonomy":"post_tag","embeddable":true,"href":"https:\/\/cuernavaca.gob.mx\/index.php?rest_route=%2Fwp%2Fv2%2Ftags&post=57092"}],"curies":[{"name":"wp","href":"https:\/\/api.w.org\/{rel}","templated":true}]}}