{"id":57098,"date":"2026-03-07T11:01:52","date_gmt":"2026-03-07T17:01:52","guid":{"rendered":"https:\/\/cuernavaca.gob.mx\/?p=57098"},"modified":"2026-03-08T11:04:17","modified_gmt":"2026-03-08T17:04:17","slug":"b992-07-02-26-ayuntamiento-de-cuernavaca-fortalece-la-salud-escolar-con-programa-preventivo-contra-la-obesidad-infantil","status":"publish","type":"post","link":"https:\/\/cuernavaca.gob.mx\/?p=57098","title":{"rendered":"B992 07\/02\/26 AYUNTAMIENTO DE CUERNAVACA FORTALECE LA SALUD ESCOLAR CON PROGRAMA PREVENTIVO CONTRA LA OBESIDAD INFANTIL"},"content":{"rendered":"<p><strong>* En coordinaci\u00f3n con autoridades educativas estatales, dio inicio una estrategia integral que prioriza a las escuelas con mayor \u00edndice de sobrepeso y obesidad infantil.<\/strong><\/p>\n<p><strong>* Nutri\u00f3logos y activadores f\u00edsicos recorrer\u00e1n planteles p\u00fablicos para fomentar h\u00e1bitos saludables y fortalecer la corresponsabilidad entre escuela y familia<\/strong><\/p>\n<p>En el marco del D\u00eda Mundial de la Obesidad, el Ayuntamiento de Cuernavaca, encabezado por el alcalde Jos\u00e9 Luis Uri\u00f3stegui Salgado, puso en marcha el proyecto &#8220;Crecer Sanos Cuernavaca&#8221;, cuyo arranque oficial se realiz\u00f3 en la Escuela Primaria &#8220;Atlamiliztli&#8221;, ubicada en la colonia Buenavista<\/p>\n<p>La iniciativa, impulsada a trav\u00e9s de la Secretar\u00eda de Desarrollo Humano y Participaci\u00f3n Social (SDHyPS) y la Direcci\u00f3n de Salud y Educaci\u00f3n, busca fortalecer la salud y bienestar de las ni\u00f1as y ni\u00f1os de educaci\u00f3n primaria, priorizando las escuelas con mayor \u00edndice de sobrepeso y obesidad en el municipio.<\/p>\n<p>En el arranque del programa, la secretaria de Desarrollo Humano y Participaci\u00f3n Social, Sandra Adelina Pinz\u00f3n S\u00e1nchez, destac\u00f3 la importancia de impulsar pol\u00edticas p\u00fablicas preventivas que fomenten estilos de vida saludables desde la infancia y fortalezcan la cultura del autocuidado en las comunidades escolares.<\/p>\n<p>Cabe resaltar que el programa se desarrolla en coordinaci\u00f3n con el Instituto de la Educaci\u00f3n B\u00e1sica del Estado de Morelos (IEBEM) y la Secretar\u00eda de Educaci\u00f3n del Estado de Morelos, consolidando un esfuerzo interinstitucional que busca generar entornos escolares m\u00e1s saludables y prevenir enfermedades cr\u00f3nico-degenerativas desde la infancia.<\/p>\n<p>Como parte del proyecto, se impartir\u00e1n talleres de orientaci\u00f3n nutricional, promoci\u00f3n de la activaci\u00f3n f\u00edsica regular y diagn\u00f3sticos oportunos que permitan dise\u00f1ar intervenciones focalizadas. De esta manera, se dar\u00e1 seguimiento puntual en cada comunidad escolar y se fomentar\u00e1 un cambio sostenible en la cultura alimentaria y los h\u00e1bitos saludables dentro de las escuelas.<\/p>\n<p>Uno de los ejes centrales del programa es la promoci\u00f3n de una alimentaci\u00f3n saludable basada en el modelo tradicional de la milpa, revalorizando productos como el ma\u00edz, frijol, calabaza y otros alimentos nutritivos que forman parte de la identidad cultural y alimentaria de M\u00e9xico.<\/p>\n<p>Asimismo, &#8220;Crecer Sanos Cuernavaca&#8221; contempla acciones de sensibilizaci\u00f3n dirigidas a madres, padres y tutores, fortaleciendo la corresponsabilidad entre hogar y escuela para consolidar h\u00e1bitos saludables que impacten de manera positiva en el desarrollo f\u00edsico y emocional de la ni\u00f1ez.<\/p>\n<p>Al evento asistieron el director de Salud y Educaci\u00f3n municipal, Arturo Y\u00e1\u00f1ez Hern\u00e1ndez; el titular del Instituto de la Educaci\u00f3n B\u00e1sica del Estado de Morelos (IEBEM), Ra\u00fal Aguirre Espitia; la secretaria t\u00e9cnica de la Secretar\u00eda de Educaci\u00f3n Morelos, Ximena Abigail Bautista Jim\u00e9nez; entre otras personalidades.<\/p>\n<p>Con esta iniciativa, el Gobierno Municipal reafirma su compromiso con la salud p\u00fablica, la prevenci\u00f3n y el desarrollo integral de las ni\u00f1as y ni\u00f1os de Cuernavaca, sumando esfuerzos con las autoridades educativas estatales para construir una ciudad m\u00e1s saludable.<\/p>\n\n\t\t<style type=\"text\/css\">\n\t\t\t#gallery-1 {\n\t\t\t\tmargin: auto;\n\t\t\t}\n\t\t\t#gallery-1 .gallery-item {\n\t\t\t\tfloat: left;\n\t\t\t\tmargin-top: 10px;\n\t\t\t\ttext-align: center;\n\t\t\t\twidth: 33%;\n\t\t\t}\n\t\t\t#gallery-1 img {\n\t\t\t\tborder: 2px solid #cfcfcf;\n\t\t\t}\n\t\t\t#gallery-1 .gallery-caption {\n\t\t\t\tmargin-left: 0;\n\t\t\t}\n\t\t\t\/* see gallery_shortcode() in wp-includes\/media.php *\/\n\t\t<\/style>\n\t\t<div id='gallery-1' class='gallery galleryid-57098 gallery-columns-3 gallery-size-thumbnail'><dl class='gallery-item'>\n\t\t\t<dt class='gallery-icon landscape'>\n\t\t\t\t<a href='https:\/\/cuernavaca.gob.mx\/?attachment_id=57099'><img width=\"150\" height=\"150\" src=\"https:\/\/cuernavaca.gob.mx\/wp-content\/uploads\/2026\/03\/AYUNTAMIENTO-DE-CUERNAVACA-FORTALECE-LA-SALUD-ESCOLAR-CON-PROGRAMA-PREVENTIVO-CONTRA-LA-OBESIDAD-INFANTIL-1-150x150.jpg\" class=\"attachment-thumbnail size-thumbnail\" alt=\"\" loading=\"lazy\" \/><\/a>\n\t\t\t<\/dt><\/dl><dl class='gallery-item'>\n\t\t\t<dt class='gallery-icon landscape'>\n\t\t\t\t<a href='https:\/\/cuernavaca.gob.mx\/?attachment_id=57100'><img width=\"150\" height=\"150\" src=\"https:\/\/cuernavaca.gob.mx\/wp-content\/uploads\/2026\/03\/AYUNTAMIENTO-DE-CUERNAVACA-FORTALECE-LA-SALUD-ESCOLAR-CON-PROGRAMA-PREVENTIVO-CONTRA-LA-OBESIDAD-INFANTIL-2-150x150.jpg\" class=\"attachment-thumbnail size-thumbnail\" alt=\"\" loading=\"lazy\" \/><\/a>\n\t\t\t<\/dt><\/dl><dl class='gallery-item'>\n\t\t\t<dt class='gallery-icon landscape'>\n\t\t\t\t<a href='https:\/\/cuernavaca.gob.mx\/?attachment_id=57101'><img width=\"150\" height=\"150\" src=\"https:\/\/cuernavaca.gob.mx\/wp-content\/uploads\/2026\/03\/AYUNTAMIENTO-DE-CUERNAVACA-FORTALECE-LA-SALUD-ESCOLAR-CON-PROGRAMA-PREVENTIVO-CONTRA-LA-OBESIDAD-INFANTIL-3-150x150.jpg\" class=\"attachment-thumbnail size-thumbnail\" alt=\"\" loading=\"lazy\" \/><\/a>\n\t\t\t<\/dt><\/dl><br style=\"clear: both\" \/><dl class='gallery-item'>\n\t\t\t<dt class='gallery-icon landscape'>\n\t\t\t\t<a href='https:\/\/cuernavaca.gob.mx\/?attachment_id=57102'><img width=\"150\" height=\"150\" src=\"https:\/\/cuernavaca.gob.mx\/wp-content\/uploads\/2026\/03\/AYUNTAMIENTO-DE-CUERNAVACA-FORTALECE-LA-SALUD-ESCOLAR-CON-PROGRAMA-PREVENTIVO-CONTRA-LA-OBESIDAD-INFANTIL-4-150x150.jpg\" class=\"attachment-thumbnail size-thumbnail\" alt=\"\" loading=\"lazy\" \/><\/a>\n\t\t\t<\/dt><\/dl>\n\t\t\t<br style='clear: both' \/>\n\t\t<\/div>\n\n","protected":false},"excerpt":{"rendered":"<p>* En coordinaci\u00f3n con autoridades educativas estatales, dio inicio una estrategia integral que prioriza a las escuelas con mayor \u00edndice de sobrepeso y obesidad infantil. * Nutri\u00f3logos y activadores f\u00edsicos recorrer\u00e1n planteles p\u00fablicos para fomentar h\u00e1bitos saludables y fortalecer la corresponsabilidad entre escuela y familia En el marco del D\u00eda Mundial de la Obesidad, el [&hellip;]<\/p>\n","protected":false},"author":1,"featured_media":57100,"comment_status":"closed","ping_status":"open","sticky":false,"template":"","format":"standard","meta":[],"categories":[314],"tags":[],"aioseo_notices":[],"_links":{"self":[{"href":"https:\/\/cuernavaca.gob.mx\/index.php?rest_route=\/wp\/v2\/posts\/57098"}],"collection":[{"href":"https:\/\/cuernavaca.gob.mx\/index.php?rest_route=\/wp\/v2\/posts"}],"about":[{"href":"https:\/\/cuernavaca.gob.mx\/index.php?rest_route=\/wp\/v2\/types\/post"}],"author":[{"embeddable":true,"href":"https:\/\/cuernavaca.gob.mx\/index.php?rest_route=\/wp\/v2\/users\/1"}],"replies":[{"embeddable":true,"href":"https:\/\/cuernavaca.gob.mx\/index.php?rest_route=%2Fwp%2Fv2%2Fcomments&post=57098"}],"version-history":[{"count":1,"href":"https:\/\/cuernavaca.gob.mx\/index.php?rest_route=\/wp\/v2\/posts\/57098\/revisions"}],"predecessor-version":[{"id":57103,"href":"https:\/\/cuernavaca.gob.mx\/index.php?rest_route=\/wp\/v2\/posts\/57098\/revisions\/57103"}],"wp:featuredmedia":[{"embeddable":true,"href":"https:\/\/cuernavaca.gob.mx\/index.php?rest_route=\/wp\/v2\/media\/57100"}],"wp:attachment":[{"href":"https:\/\/cuernavaca.gob.mx\/index.php?rest_route=%2Fwp%2Fv2%2Fmedia&parent=57098"}],"wp:term":[{"taxonomy":"category","embeddable":true,"href":"https:\/\/cuernavaca.gob.mx\/index.php?rest_route=%2Fwp%2Fv2%2Fcategories&post=57098"},{"taxonomy":"post_tag","embeddable":true,"href":"https:\/\/cuernavaca.gob.mx\/index.php?rest_route=%2Fwp%2Fv2%2Ftags&post=57098"}],"curies":[{"name":"wp","href":"https:\/\/api.w.org\/{rel}","templated":true}]}}