{"id":57104,"date":"2026-03-07T11:45:53","date_gmt":"2026-03-07T17:45:53","guid":{"rendered":"https:\/\/cuernavaca.gob.mx\/?p=57104"},"modified":"2026-03-08T11:07:45","modified_gmt":"2026-03-08T17:07:45","slug":"b993-07-03-26-inicia-programa-de-brechas-cortafuego-en-chamilpa-para-proteger-los-12-pueblos-de-cuernavaca","status":"publish","type":"post","link":"https:\/\/cuernavaca.gob.mx\/?p=57104","title":{"rendered":"B993 07\/03\/26 INICIA PROGRAMA DE BRECHAS CORTAFUEGO EN CHAMILPA PARA PROTEGER LOS 12 PUEBLOS DE CUERNAVACA"},"content":{"rendered":"<p>El Ayuntamiento de Cuernavaca, a trav\u00e9s de la Secretar\u00eda de Desarrollo Sustentable y Servicios P\u00fablicos (SDSySP), informa que ya dio inicio el programa de apertura y limpieza de brechas cortafuego, comenzando en la comunidad de Chamilpa.<\/p>\n<p>Estos trabajos se realizan de manera coordinada con el \u00e1rea de Barrancas y en colaboraci\u00f3n con el ayudante municipal y su equipo, quienes en conjunto suman esfuerzos para mejorar la zona y fortalecer las acciones preventivas en beneficio de la comunidad.<\/p>\n<p>Durante cada jornada, las brigadas realizan m\u00e1s de mil 500 metros lineales de limpieza diarios, retirando maleza y material combustible, dejando las brechas completamente habilitadas y listas para funcionar como barreras de contenci\u00f3n ante posibles incendios.<\/p>\n<p>Este programa tiene como objetivo que los 12 pueblos del municipio cuenten con medidas preventivas antes de la temporada de estiaje, a fin de evitar, en la medida de lo posible, situaciones de fuego que pongan en riesgo a la poblaci\u00f3n y al entorno natural.<\/p>\n<p>El Gobierno Municipal reafirma su compromiso con la prevenci\u00f3n y hace un llamado a la ciudadan\u00eda a evitar quemas y reportar cualquier conato de incendio a las autoridades correspondientes.<\/p>\n\n\t\t<style type=\"text\/css\">\n\t\t\t#gallery-1 {\n\t\t\t\tmargin: auto;\n\t\t\t}\n\t\t\t#gallery-1 .gallery-item {\n\t\t\t\tfloat: left;\n\t\t\t\tmargin-top: 10px;\n\t\t\t\ttext-align: center;\n\t\t\t\twidth: 33%;\n\t\t\t}\n\t\t\t#gallery-1 img {\n\t\t\t\tborder: 2px solid #cfcfcf;\n\t\t\t}\n\t\t\t#gallery-1 .gallery-caption {\n\t\t\t\tmargin-left: 0;\n\t\t\t}\n\t\t\t\/* see gallery_shortcode() in wp-includes\/media.php *\/\n\t\t<\/style>\n\t\t<div id='gallery-1' class='gallery galleryid-57104 gallery-columns-3 gallery-size-thumbnail'><dl class='gallery-item'>\n\t\t\t<dt class='gallery-icon landscape'>\n\t\t\t\t<a href='https:\/\/cuernavaca.gob.mx\/?attachment_id=57105'><img width=\"150\" height=\"150\" src=\"https:\/\/cuernavaca.gob.mx\/wp-content\/uploads\/2026\/03\/INICIA-PROGRAMA-DE-BRECHAS-CORTAFUEGO-EN-CHAMILPA-PARA-PROTEGER-LOS-12-PUEBLOS-DE-CUERNAVACA-1-150x150.jpg\" class=\"attachment-thumbnail size-thumbnail\" alt=\"\" loading=\"lazy\" \/><\/a>\n\t\t\t<\/dt><\/dl><dl class='gallery-item'>\n\t\t\t<dt class='gallery-icon landscape'>\n\t\t\t\t<a href='https:\/\/cuernavaca.gob.mx\/?attachment_id=57106'><img width=\"150\" height=\"150\" src=\"https:\/\/cuernavaca.gob.mx\/wp-content\/uploads\/2026\/03\/INICIA-PROGRAMA-DE-BRECHAS-CORTAFUEGO-EN-CHAMILPA-PARA-PROTEGER-LOS-12-PUEBLOS-DE-CUERNAVACA-2-150x150.jpg\" class=\"attachment-thumbnail size-thumbnail\" alt=\"\" loading=\"lazy\" \/><\/a>\n\t\t\t<\/dt><\/dl><dl class='gallery-item'>\n\t\t\t<dt class='gallery-icon landscape'>\n\t\t\t\t<a href='https:\/\/cuernavaca.gob.mx\/?attachment_id=57107'><img width=\"150\" height=\"150\" src=\"https:\/\/cuernavaca.gob.mx\/wp-content\/uploads\/2026\/03\/INICIA-PROGRAMA-DE-BRECHAS-CORTAFUEGO-EN-CHAMILPA-PARA-PROTEGER-LOS-12-PUEBLOS-DE-CUERNAVACA-3-150x150.jpg\" class=\"attachment-thumbnail size-thumbnail\" alt=\"\" loading=\"lazy\" \/><\/a>\n\t\t\t<\/dt><\/dl><br style=\"clear: both\" \/><dl class='gallery-item'>\n\t\t\t<dt class='gallery-icon landscape'>\n\t\t\t\t<a href='https:\/\/cuernavaca.gob.mx\/?attachment_id=57108'><img width=\"150\" height=\"150\" src=\"https:\/\/cuernavaca.gob.mx\/wp-content\/uploads\/2026\/03\/INICIA-PROGRAMA-DE-BRECHAS-CORTAFUEGO-EN-CHAMILPA-PARA-PROTEGER-LOS-12-PUEBLOS-DE-CUERNAVACA-4-150x150.jpg\" class=\"attachment-thumbnail size-thumbnail\" alt=\"\" loading=\"lazy\" \/><\/a>\n\t\t\t<\/dt><\/dl><dl class='gallery-item'>\n\t\t\t<dt class='gallery-icon landscape'>\n\t\t\t\t<a href='https:\/\/cuernavaca.gob.mx\/?attachment_id=57109'><img width=\"150\" height=\"150\" src=\"https:\/\/cuernavaca.gob.mx\/wp-content\/uploads\/2026\/03\/INICIA-PROGRAMA-DE-BRECHAS-CORTAFUEGO-EN-CHAMILPA-PARA-PROTEGER-LOS-12-PUEBLOS-DE-CUERNAVACA-5-150x150.jpg\" class=\"attachment-thumbnail size-thumbnail\" alt=\"\" loading=\"lazy\" \/><\/a>\n\t\t\t<\/dt><\/dl><dl class='gallery-item'>\n\t\t\t<dt class='gallery-icon landscape'>\n\t\t\t\t<a href='https:\/\/cuernavaca.gob.mx\/?attachment_id=57110'><img width=\"150\" height=\"150\" src=\"https:\/\/cuernavaca.gob.mx\/wp-content\/uploads\/2026\/03\/INICIA-PROGRAMA-DE-BRECHAS-CORTAFUEGO-EN-CHAMILPA-PARA-PROTEGER-LOS-12-PUEBLOS-DE-CUERNAVACA-6-150x150.jpg\" class=\"attachment-thumbnail size-thumbnail\" alt=\"\" loading=\"lazy\" \/><\/a>\n\t\t\t<\/dt><\/dl><br style=\"clear: both\" \/>\n\t\t<\/div>\n\n","protected":false},"excerpt":{"rendered":"<p>El Ayuntamiento de Cuernavaca, a trav\u00e9s de la Secretar\u00eda de Desarrollo Sustentable y Servicios P\u00fablicos (SDSySP), informa que ya dio inicio el programa de apertura y limpieza de brechas cortafuego, comenzando en la comunidad de Chamilpa. Estos trabajos se realizan de manera coordinada con el \u00e1rea de Barrancas y en colaboraci\u00f3n con el ayudante municipal [&hellip;]<\/p>\n","protected":false},"author":1,"featured_media":57109,"comment_status":"closed","ping_status":"open","sticky":false,"template":"","format":"standard","meta":[],"categories":[2271],"tags":[],"aioseo_notices":[],"_links":{"self":[{"href":"https:\/\/cuernavaca.gob.mx\/index.php?rest_route=\/wp\/v2\/posts\/57104"}],"collection":[{"href":"https:\/\/cuernavaca.gob.mx\/index.php?rest_route=\/wp\/v2\/posts"}],"about":[{"href":"https:\/\/cuernavaca.gob.mx\/index.php?rest_route=\/wp\/v2\/types\/post"}],"author":[{"embeddable":true,"href":"https:\/\/cuernavaca.gob.mx\/index.php?rest_route=\/wp\/v2\/users\/1"}],"replies":[{"embeddable":true,"href":"https:\/\/cuernavaca.gob.mx\/index.php?rest_route=%2Fwp%2Fv2%2Fcomments&post=57104"}],"version-history":[{"count":1,"href":"https:\/\/cuernavaca.gob.mx\/index.php?rest_route=\/wp\/v2\/posts\/57104\/revisions"}],"predecessor-version":[{"id":57111,"href":"https:\/\/cuernavaca.gob.mx\/index.php?rest_route=\/wp\/v2\/posts\/57104\/revisions\/57111"}],"wp:featuredmedia":[{"embeddable":true,"href":"https:\/\/cuernavaca.gob.mx\/index.php?rest_route=\/wp\/v2\/media\/57109"}],"wp:attachment":[{"href":"https:\/\/cuernavaca.gob.mx\/index.php?rest_route=%2Fwp%2Fv2%2Fmedia&parent=57104"}],"wp:term":[{"taxonomy":"category","embeddable":true,"href":"https:\/\/cuernavaca.gob.mx\/index.php?rest_route=%2Fwp%2Fv2%2Fcategories&post=57104"},{"taxonomy":"post_tag","embeddable":true,"href":"https:\/\/cuernavaca.gob.mx\/index.php?rest_route=%2Fwp%2Fv2%2Ftags&post=57104"}],"curies":[{"name":"wp","href":"https:\/\/api.w.org\/{rel}","templated":true}]}}