{"id":57112,"date":"2026-03-08T08:00:42","date_gmt":"2026-03-08T14:00:42","guid":{"rendered":"https:\/\/cuernavaca.gob.mx\/?p=57112"},"modified":"2026-03-08T11:12:08","modified_gmt":"2026-03-08T17:12:08","slug":"b994-08-03-26-cuernavaca-dice-no-al-acoso-callejero-cabildo-aprueba-reformas-para-sancionar-y-prevenir-esta-violencia","status":"publish","type":"post","link":"https:\/\/cuernavaca.gob.mx\/?p=57112","title":{"rendered":"B994 08\/03\/26 CUERNAVACA DICE NO AL ACOSO CALLEJERO; CABILDO APRUEBA REFORMAS PARA SANCIONAR Y PREVENIR ESTA VIOLENCIA"},"content":{"rendered":"<p><strong>* Se aprobaron reformas al Bando de Polic\u00eda y Buen Gobierno para sancionar el acoso sexual callejero en espacios p\u00fablicos<\/strong><\/p>\n<p><strong>* Los recursos recaudados por multas ser\u00e1n destinados al IMC para fortalecer acciones de prevenci\u00f3n y atenci\u00f3n<\/strong><\/p>\n<p>El Ayuntamiento de Cuernavaca, encabezado por el alcalde Jos\u00e9 Luis Uri\u00f3stegui Salgado, refrend\u00f3 su compromiso de cero tolerancia a cualquier forma de violencia contra mujeres, ni\u00f1as y adolescentes, al aprobar en sesi\u00f3n ordinaria de Cabildo adiciones al Bando de Polic\u00eda y Buen Gobierno en materia de acoso sexual callejero, armoniz\u00e1ndolo con la actualizaci\u00f3n de la Ley de Cultura C\u00edvica del Estado de Morelos.<\/p>\n<p>Las reformas incorporan fracciones espec\u00edficas con lenguaje claro y preciso, que tipifican las distintas manifestaciones del acoso sexual callejero \u2014verbales, f\u00edsicas y digitales\u2014 y establecen una definici\u00f3n concreta para unificar criterios en la actuaci\u00f3n de la polic\u00eda preventiva y del Juzgado C\u00edvico. Esto fortalece la aplicaci\u00f3n de la norma y evita interpretaciones ambiguas, garantizando mayor seguridad para las mujeres en espacios p\u00fablicos.<\/p>\n<p>Asimismo, se determin\u00f3 que los recursos recaudados por concepto de estas multas ser\u00e1n destinados al Instituto de la Mujer de Cuernavaca (IMC), con el objetivo de fortalecer campa\u00f1as de sensibilizaci\u00f3n, prevenci\u00f3n y eliminaci\u00f3n del acoso sexual callejero, as\u00ed como acciones permanentes en favor de las mujeres.<\/p>\n<p>Durante la sesi\u00f3n ordinaria, el presidente municipal Jos\u00e9 Luis Uri\u00f3stegui Salgado respald\u00f3 la iniciativa al se\u00f1alar que actualmente se vive una etapa de normalizaci\u00f3n de conductas de falta de respeto, particularmente hacia mujeres que transitan por la v\u00eda p\u00fablica o utilizan el transporte colectivo. Destac\u00f3 la importancia de contar con una norma jur\u00eddica que permita sancionar estas conductas y prevenir que contin\u00faen, contribuyendo a las pol\u00edticas y acciones transversales que de manera permanente impulsa el IMC en Cuernavaca.<\/p>\n<p>La iniciativa fue presentada por la regidora Erika Lastra Jaimes, quien precis\u00f3 que su aprobaci\u00f3n cobra especial relevancia en el marco del 8 de marzo, D\u00eda Internacional de la Mujer. Se\u00f1al\u00f3 que, si bien no se crean nuevas sanciones, s\u00ed se incorporan estas conductas al cat\u00e1logo ya existente dentro del r\u00e9gimen previsto en el Bando de Polic\u00eda y Buen Gobierno, enviando un mensaje claro: en Cuernavaca, el acoso callejero no se minimiza ni se normaliza.<\/p>\n<p>El dictamen emana de la Comisi\u00f3n de Gobernaci\u00f3n y Reglamentos, cuya presidenta, la regidora Paz Hern\u00e1ndez Pardo, explic\u00f3 que con esta reforma se integran fracciones espec\u00edficas que describen conductas verbales, f\u00edsicas y digitales; se define el concepto para unificar criterios de actuaci\u00f3n; se fortalece la posibilidad de imponer sanciones proporcionales; y se incluyen medidas inmediatas de protecci\u00f3n para la v\u00edctima.<\/p>\n<p>Con estas reformas, el Ayuntamiento de Cuernavaca consolida un marco normativo m\u00e1s s\u00f3lido para prevenir, sancionar y erradicar el acoso sexual callejero, reafirmando su compromiso con la seguridad, el respeto y la dignidad de mujeres, ni\u00f1as y adolescentes en la ciudad.<\/p>\n\n\t\t<style type=\"text\/css\">\n\t\t\t#gallery-1 {\n\t\t\t\tmargin: auto;\n\t\t\t}\n\t\t\t#gallery-1 .gallery-item {\n\t\t\t\tfloat: left;\n\t\t\t\tmargin-top: 10px;\n\t\t\t\ttext-align: center;\n\t\t\t\twidth: 33%;\n\t\t\t}\n\t\t\t#gallery-1 img {\n\t\t\t\tborder: 2px solid #cfcfcf;\n\t\t\t}\n\t\t\t#gallery-1 .gallery-caption {\n\t\t\t\tmargin-left: 0;\n\t\t\t}\n\t\t\t\/* see gallery_shortcode() in wp-includes\/media.php *\/\n\t\t<\/style>\n\t\t<div id='gallery-1' class='gallery galleryid-57112 gallery-columns-3 gallery-size-thumbnail'><dl class='gallery-item'>\n\t\t\t<dt class='gallery-icon landscape'>\n\t\t\t\t<a href='https:\/\/cuernavaca.gob.mx\/?attachment_id=57113'><img width=\"150\" height=\"150\" src=\"https:\/\/cuernavaca.gob.mx\/wp-content\/uploads\/2026\/03\/CUERNAVACA-DICE-NO-AL-ACOSO-CALLEJERO-CABILDO-APRUEBA-REFORMAS-PARA-SANCIONAR-Y-PREVENIR-ESTA-VIOLENCIA-1-150x150.jpg\" class=\"attachment-thumbnail size-thumbnail\" alt=\"\" loading=\"lazy\" \/><\/a>\n\t\t\t<\/dt><\/dl><dl class='gallery-item'>\n\t\t\t<dt class='gallery-icon landscape'>\n\t\t\t\t<a href='https:\/\/cuernavaca.gob.mx\/?attachment_id=57114'><img width=\"150\" height=\"150\" src=\"https:\/\/cuernavaca.gob.mx\/wp-content\/uploads\/2026\/03\/CUERNAVACA-DICE-NO-AL-ACOSO-CALLEJERO-CABILDO-APRUEBA-REFORMAS-PARA-SANCIONAR-Y-PREVENIR-ESTA-VIOLENCIA-2-150x150.jpg\" class=\"attachment-thumbnail size-thumbnail\" alt=\"\" loading=\"lazy\" \/><\/a>\n\t\t\t<\/dt><\/dl><dl class='gallery-item'>\n\t\t\t<dt class='gallery-icon landscape'>\n\t\t\t\t<a href='https:\/\/cuernavaca.gob.mx\/?attachment_id=57115'><img width=\"150\" height=\"150\" src=\"https:\/\/cuernavaca.gob.mx\/wp-content\/uploads\/2026\/03\/CUERNAVACA-DICE-NO-AL-ACOSO-CALLEJERO-CABILDO-APRUEBA-REFORMAS-PARA-SANCIONAR-Y-PREVENIR-ESTA-VIOLENCIA-3-150x150.jpg\" class=\"attachment-thumbnail size-thumbnail\" alt=\"\" loading=\"lazy\" \/><\/a>\n\t\t\t<\/dt><\/dl><br style=\"clear: both\" \/><dl class='gallery-item'>\n\t\t\t<dt class='gallery-icon landscape'>\n\t\t\t\t<a href='https:\/\/cuernavaca.gob.mx\/?attachment_id=57116'><img width=\"150\" height=\"150\" src=\"https:\/\/cuernavaca.gob.mx\/wp-content\/uploads\/2026\/03\/CUERNAVACA-DICE-NO-AL-ACOSO-CALLEJERO-CABILDO-APRUEBA-REFORMAS-PARA-SANCIONAR-Y-PREVENIR-ESTA-VIOLENCIA-4-150x150.jpg\" class=\"attachment-thumbnail size-thumbnail\" alt=\"\" loading=\"lazy\" \/><\/a>\n\t\t\t<\/dt><\/dl>\n\t\t\t<br style='clear: both' \/>\n\t\t<\/div>\n\n<p>&nbsp;<\/p>\n","protected":false},"excerpt":{"rendered":"<p>* Se aprobaron reformas al Bando de Polic\u00eda y Buen Gobierno para sancionar el acoso sexual callejero en espacios p\u00fablicos * Los recursos recaudados por multas ser\u00e1n destinados al IMC para fortalecer acciones de prevenci\u00f3n y atenci\u00f3n El Ayuntamiento de Cuernavaca, encabezado por el alcalde Jos\u00e9 Luis Uri\u00f3stegui Salgado, refrend\u00f3 su compromiso de cero tolerancia [&hellip;]<\/p>\n","protected":false},"author":1,"featured_media":57115,"comment_status":"closed","ping_status":"open","sticky":false,"template":"","format":"standard","meta":[],"categories":[3047],"tags":[],"aioseo_notices":[],"_links":{"self":[{"href":"https:\/\/cuernavaca.gob.mx\/index.php?rest_route=\/wp\/v2\/posts\/57112"}],"collection":[{"href":"https:\/\/cuernavaca.gob.mx\/index.php?rest_route=\/wp\/v2\/posts"}],"about":[{"href":"https:\/\/cuernavaca.gob.mx\/index.php?rest_route=\/wp\/v2\/types\/post"}],"author":[{"embeddable":true,"href":"https:\/\/cuernavaca.gob.mx\/index.php?rest_route=\/wp\/v2\/users\/1"}],"replies":[{"embeddable":true,"href":"https:\/\/cuernavaca.gob.mx\/index.php?rest_route=%2Fwp%2Fv2%2Fcomments&post=57112"}],"version-history":[{"count":1,"href":"https:\/\/cuernavaca.gob.mx\/index.php?rest_route=\/wp\/v2\/posts\/57112\/revisions"}],"predecessor-version":[{"id":57117,"href":"https:\/\/cuernavaca.gob.mx\/index.php?rest_route=\/wp\/v2\/posts\/57112\/revisions\/57117"}],"wp:featuredmedia":[{"embeddable":true,"href":"https:\/\/cuernavaca.gob.mx\/index.php?rest_route=\/wp\/v2\/media\/57115"}],"wp:attachment":[{"href":"https:\/\/cuernavaca.gob.mx\/index.php?rest_route=%2Fwp%2Fv2%2Fmedia&parent=57112"}],"wp:term":[{"taxonomy":"category","embeddable":true,"href":"https:\/\/cuernavaca.gob.mx\/index.php?rest_route=%2Fwp%2Fv2%2Fcategories&post=57112"},{"taxonomy":"post_tag","embeddable":true,"href":"https:\/\/cuernavaca.gob.mx\/index.php?rest_route=%2Fwp%2Fv2%2Ftags&post=57112"}],"curies":[{"name":"wp","href":"https:\/\/api.w.org\/{rel}","templated":true}]}}