{"id":57139,"date":"2026-03-09T08:00:21","date_gmt":"2026-03-09T14:00:21","guid":{"rendered":"https:\/\/cuernavaca.gob.mx\/?p=57139"},"modified":"2026-03-09T10:23:51","modified_gmt":"2026-03-09T16:23:51","slug":"f184-09-03-26-cuernavaca-respalda-estrategia-territorial-con-federacion-y-estado-para-la-construccion-de-paz","status":"publish","type":"post","link":"https:\/\/cuernavaca.gob.mx\/?p=57139","title":{"rendered":"F184 09\/03\/26 CUERNAVACA RESPALDA ESTRATEGIA TERRITORIAL CON FEDERACI\u00d3N Y ESTADO PARA LA CONSTRUCCI\u00d3N DE PAZ"},"content":{"rendered":"<p>El presidente municipal de Cuernavaca, Jos\u00e9 Luis Uri\u00f3stegui Salgado, refrend\u00f3 la disposici\u00f3n del Ayuntamiento para respaldar y fortalecer programas orientados a reducir la violencia y la desigualdad a trav\u00e9s de intervenciones en territorio, como la acci\u00f3n institucional federal &#8220;Atenci\u00f3n a las Causas&#8221;, que se implementar\u00e1 en la capital morelense mediante un trabajo coordinado con el Gobierno Federal, el Gobierno del Estado y la administraci\u00f3n municipal.<\/p>\n<p>Durante una mesa de di\u00e1logo con representantes de la Secretar\u00eda de Gobernaci\u00f3n, responsables de esta iniciativa, el alcalde destac\u00f3 que su gesti\u00f3n prioriza la presencia directa en colonias y comunidades, acercando programas sociales, actividades culturales, art\u00edsticas y deportivas, as\u00ed como acciones de prevenci\u00f3n, servicios y tr\u00e1mites municipales, con el fin de atender los factores que generan entornos de riesgo y fortalecer el tejido social desde la base comunitaria.<\/p>\n<p>Uri\u00f3stegui Salgado se\u00f1al\u00f3 que la colaboraci\u00f3n entre los tres \u00f3rdenes de gobierno ha permitido ampliar la cobertura en zonas prioritarias, consolidando una pol\u00edtica que no solo atiende las consecuencias de la violencia, sino que incide en sus causas, promoviendo mayores oportunidades y bienestar para las familias.<\/p>\n<p>Finalmente, el alcalde enfatiz\u00f3 que la construcci\u00f3n de paz requiere constancia, coordinaci\u00f3n y cercan\u00eda con la ciudadan\u00eda, por lo que el Ayuntamiento continuar\u00e1 impulsando estrategias integrales que fortalezcan la cohesi\u00f3n social y consoliden comunidades m\u00e1s seguras, inclusivas y participativas.<\/p>\n\n\t\t<style type=\"text\/css\">\n\t\t\t#gallery-1 {\n\t\t\t\tmargin: auto;\n\t\t\t}\n\t\t\t#gallery-1 .gallery-item {\n\t\t\t\tfloat: left;\n\t\t\t\tmargin-top: 10px;\n\t\t\t\ttext-align: center;\n\t\t\t\twidth: 33%;\n\t\t\t}\n\t\t\t#gallery-1 img {\n\t\t\t\tborder: 2px solid #cfcfcf;\n\t\t\t}\n\t\t\t#gallery-1 .gallery-caption {\n\t\t\t\tmargin-left: 0;\n\t\t\t}\n\t\t\t\/* see gallery_shortcode() in wp-includes\/media.php *\/\n\t\t<\/style>\n\t\t<div id='gallery-1' class='gallery galleryid-57139 gallery-columns-3 gallery-size-thumbnail'><dl class='gallery-item'>\n\t\t\t<dt class='gallery-icon landscape'>\n\t\t\t\t<a href='https:\/\/cuernavaca.gob.mx\/?attachment_id=57140'><img width=\"150\" height=\"150\" src=\"https:\/\/cuernavaca.gob.mx\/wp-content\/uploads\/2026\/03\/CUERNAVACA-RESPALDA-ESTRATEGIA-TERRITORIAL-CON-FEDERACIO\u0301N-Y-ESTADO-PARA-LA-CONSTRUCCIO\u0301N-DE-PAZ-1-150x150.jpg\" class=\"attachment-thumbnail size-thumbnail\" alt=\"\" loading=\"lazy\" \/><\/a>\n\t\t\t<\/dt><\/dl><dl class='gallery-item'>\n\t\t\t<dt class='gallery-icon landscape'>\n\t\t\t\t<a href='https:\/\/cuernavaca.gob.mx\/?attachment_id=57141'><img width=\"150\" height=\"150\" src=\"https:\/\/cuernavaca.gob.mx\/wp-content\/uploads\/2026\/03\/CUERNAVACA-RESPALDA-ESTRATEGIA-TERRITORIAL-CON-FEDERACIO\u0301N-Y-ESTADO-PARA-LA-CONSTRUCCIO\u0301N-DE-PAZ-2-150x150.jpg\" class=\"attachment-thumbnail size-thumbnail\" alt=\"\" loading=\"lazy\" \/><\/a>\n\t\t\t<\/dt><\/dl><dl class='gallery-item'>\n\t\t\t<dt class='gallery-icon landscape'>\n\t\t\t\t<a href='https:\/\/cuernavaca.gob.mx\/?attachment_id=57142'><img width=\"150\" height=\"150\" src=\"https:\/\/cuernavaca.gob.mx\/wp-content\/uploads\/2026\/03\/CUERNAVACA-RESPALDA-ESTRATEGIA-TERRITORIAL-CON-FEDERACIO\u0301N-Y-ESTADO-PARA-LA-CONSTRUCCIO\u0301N-DE-PAZ-3-150x150.jpg\" class=\"attachment-thumbnail size-thumbnail\" alt=\"\" loading=\"lazy\" \/><\/a>\n\t\t\t<\/dt><\/dl><br style=\"clear: both\" \/>\n\t\t<\/div>\n\n","protected":false},"excerpt":{"rendered":"<p>El presidente municipal de Cuernavaca, Jos\u00e9 Luis Uri\u00f3stegui Salgado, refrend\u00f3 la disposici\u00f3n del Ayuntamiento para respaldar y fortalecer programas orientados a reducir la violencia y la desigualdad a trav\u00e9s de intervenciones en territorio, como la acci\u00f3n institucional federal &#8220;Atenci\u00f3n a las Causas&#8221;, que se implementar\u00e1 en la capital morelense mediante un trabajo coordinado con el [&hellip;]<\/p>\n","protected":false},"author":1,"featured_media":57141,"comment_status":"closed","ping_status":"open","sticky":false,"template":"","format":"standard","meta":[],"categories":[20],"tags":[],"aioseo_notices":[],"_links":{"self":[{"href":"https:\/\/cuernavaca.gob.mx\/index.php?rest_route=\/wp\/v2\/posts\/57139"}],"collection":[{"href":"https:\/\/cuernavaca.gob.mx\/index.php?rest_route=\/wp\/v2\/posts"}],"about":[{"href":"https:\/\/cuernavaca.gob.mx\/index.php?rest_route=\/wp\/v2\/types\/post"}],"author":[{"embeddable":true,"href":"https:\/\/cuernavaca.gob.mx\/index.php?rest_route=\/wp\/v2\/users\/1"}],"replies":[{"embeddable":true,"href":"https:\/\/cuernavaca.gob.mx\/index.php?rest_route=%2Fwp%2Fv2%2Fcomments&post=57139"}],"version-history":[{"count":1,"href":"https:\/\/cuernavaca.gob.mx\/index.php?rest_route=\/wp\/v2\/posts\/57139\/revisions"}],"predecessor-version":[{"id":57143,"href":"https:\/\/cuernavaca.gob.mx\/index.php?rest_route=\/wp\/v2\/posts\/57139\/revisions\/57143"}],"wp:featuredmedia":[{"embeddable":true,"href":"https:\/\/cuernavaca.gob.mx\/index.php?rest_route=\/wp\/v2\/media\/57141"}],"wp:attachment":[{"href":"https:\/\/cuernavaca.gob.mx\/index.php?rest_route=%2Fwp%2Fv2%2Fmedia&parent=57139"}],"wp:term":[{"taxonomy":"category","embeddable":true,"href":"https:\/\/cuernavaca.gob.mx\/index.php?rest_route=%2Fwp%2Fv2%2Fcategories&post=57139"},{"taxonomy":"post_tag","embeddable":true,"href":"https:\/\/cuernavaca.gob.mx\/index.php?rest_route=%2Fwp%2Fv2%2Ftags&post=57139"}],"curies":[{"name":"wp","href":"https:\/\/api.w.org\/{rel}","templated":true}]}}